{"id":12427,"date":"2025-11-09T13:02:23","date_gmt":"2025-11-09T16:02:23","guid":{"rendered":"https:\/\/fatoelado.com\/?p=12427"},"modified":"2025-11-09T13:02:23","modified_gmt":"2025-11-09T16:02:23","slug":"segundo-uniforme-do-brasil-para-a-copa-do-mundo-de-2026-vaza-veja-imagens","status":"publish","type":"post","link":"https:\/\/fatoelado.com\/?p=12427","title":{"rendered":"Segundo uniforme do Brasil para a Copa do Mundo de 2026 vaza; veja imagens"},"content":{"rendered":"<h2 class=\"article-subtitle\" style=\"text-align: center;\">Camisa alternativa ser\u00e1 azul, com tons mais escuros, substituindo planos de usar o vermelho.<\/h2>\n<p>&nbsp;<\/p>\n<div class=\"article-image-featured\"><img decoding=\"async\" class=\"i-amphtml-fill-content i-amphtml-replaced-content\" src=\"https:\/\/www.meionews.com\/uploads\/imagens\/2025\/11\/9\/imagens-do-segundo-uniforme-que-o-brasil-utilizara-na-copa-do-mundo-de-2026--952e960483dbaf03.jpg\" alt=\"Imagens do segundo uniforme que o Brasil utilizar\u00e1 na Copa do Mundo de 2026 | Reprodu\u00e7\u00e3o\/FootyHeadlines\" data-amp-loading=\"lazy\" \/><small>Imagens do segundo uniforme que o Brasil utilizar\u00e1 na Copa do Mundo de 2026 | Foto: Reprodu\u00e7\u00e3o\/FootyHeadlines<\/small><\/div>\n<div class=\"g-news\"><\/div>\n<div class=\"article-html\">\n<div class=\"article-html-more\">\n<p>O\u00a0<strong data-end=\"91\" data-start=\"71\">segundo uniforme<\/strong>\u00a0que o\u00a0<strong data-end=\"108\" data-start=\"98\">Brasil<\/strong>\u00a0utilizar\u00e1 na\u00a0<strong data-end=\"147\" data-start=\"122\">Copa do Mundo de 2026<\/strong>\u00a0vazou nesta quinta-feira. O site\u00a0<strong data-end=\"199\" data-start=\"181\">FootyHeadlines<\/strong>, especializado em novidades de\u00a0<strong data-end=\"258\" data-start=\"231\">equipamentos esportivos<\/strong>, divulgou imagens da\u00a0<strong data-end=\"307\" data-start=\"280\">nova camisa alternativa<\/strong>\u00a0da Sele\u00e7\u00e3o.<\/p>\n<p>O modelo exibido \u00e9 azul, como ocorre tradicionalmente, por\u00e9m com um tom mais escuro e trazendo a marca especial de Michael Jordan, uma linha diferenciada proposta pela Nike para algumas equipes.<\/p>\n<p>A camisa azul substituiu os planos de usar o vermelho, mantendo o mesmo modelo e alterando apenas a cor. Em agosto, o presidente da CBF, Samir Xaud, revelou que se reuniu de forma emergencial com a Nike para vetar a produ\u00e7\u00e3o das camisas vermelhas.<\/p>\n<p>&nbsp;<\/p>\n<div class=\"dimg\"><img decoding=\"async\" class=\"i-amphtml-intrinsic-sizer\" role=\"presentation\" src=\"data:;base64,<svg height=\"984px\" width=\"984px\" xmlns=\"http:\/\/www.w3.org\/2000\/svg\" version=\"1.1\"\/>&#8221; alt=&#8221;&#8221; aria-hidden=&#8221;true&#8221; \/><img decoding=\"async\" class=\"i-amphtml-fill-content i-amphtml-replaced-content\" src=\"https:\/\/www.meionews.com\/uploads\/imagens\/2025\/11\/9\/segundo-uniforme-do-brasil-para-a-copa-do-mundo-de-2026-vaza--d79f484410260b6a.jpg\" alt=\"Imagens do segundo uniforme que o Brasil utilizar\u00e1 na Copa do Mundo de 2026 \u2014 Foto: Reprodu\u00e7\u00e3o\/FootyHeadlines\u00a0\" data-amp-loading=\"lazy\" \/><\/div>\n<p><span class=\"fr-inner\">Imagens do segundo uniforme que o Brasil utilizar\u00e1 na Copa do Mundo de 2026 \u2014 Foto: Reprodu\u00e7\u00e3o\/FootyHeadlines\u00a0<\/span>&nbsp;<\/p>\n<p>O encontro ocorreu poucos dias ap\u00f3s sua posse, em 25 de maio, quando a fornecedora j\u00e1 havia iniciado a fabrica\u00e7\u00e3o das camisas vermelhas com detalhes em preto, que seriam o uniforme n\u00famero 2 na Copa de 2026, substituindo o tradicional azul.<\/p>\n<p>&nbsp;<\/p>\n<div class=\"dimg\"><img decoding=\"async\" class=\"i-amphtml-intrinsic-sizer\" role=\"presentation\" src=\"data:;base64,<svg height=\"984px\" width=\"984px\" xmlns=\"http:\/\/www.w3.org\/2000\/svg\" version=\"1.1\"\/>&#8221; alt=&#8221;&#8221; aria-hidden=&#8221;true&#8221; \/><img decoding=\"async\" class=\"i-amphtml-fill-content i-amphtml-replaced-content\" src=\"https:\/\/www.meionews.com\/uploads\/imagens\/2025\/11\/9\/segundo-uniforme-do-brasil-para-a-copa-do-mundo-de-2026-vaza--6db7ddfd3b4b793c.jpg\" alt=\"Imagens do segundo uniforme que o Brasil utilizar\u00e1 na Copa do Mundo de 2026 \u2014 Foto: Reprodu\u00e7\u00e3o\/FootyHeadlines\u00a0\" data-amp-loading=\"lazy\" \/><\/div>\n<p><span class=\"fr-inner\">Imagens do segundo uniforme que o Brasil utilizar\u00e1 na Copa do Mundo de 2026 \u2014 Foto: Reprodu\u00e7\u00e3o\/FootyHeadlines\u00a0<\/span><\/p>\n<p style=\"text-align: left;\">A mudan\u00e7a havia sido aprovada pelo ent\u00e3o presidente da CBF, Ednaldo Rodrigues, por\u00e9m Xaud decidiu manter as cores atuais da Sele\u00e7\u00e3o.<\/p>\n<div class=\"article-share_buttons2 article-share\">\n<div class=\"share_buttons\">\n<p>&nbsp;<\/p>\n<p>Fonte: Portal MeioNews.<br \/>\nConfira esta e outras mat\u00e9rias na \u00edntegra pelo link: https:\/\/www.meionews.com\/esportes\/segundo-uniforme-do-brasil-para-a-copa-do-mundo-de-2026-vaza-veja-imagens-546516<\/p>\n<\/div>\n<\/div>\n<\/div>\n<\/div>\n","protected":false},"excerpt":{"rendered":"<p>Camisa alternativa ser\u00e1 azul, com tons mais escuros, substituindo planos de usar o vermelho. &nbsp; Imagens do segundo uniforme que o Brasil utilizar\u00e1 na Copa do Mundo de 2026 | Foto: Reprodu\u00e7\u00e3o\/FootyHeadlines O\u00a0segundo uniforme\u00a0que o\u00a0Brasil\u00a0utilizar\u00e1 na\u00a0Copa do Mundo de 2026\u00a0vazou nesta quinta-feira. O site\u00a0FootyHeadlines, especializado em novidades de\u00a0equipamentos esportivos, divulgou imagens da\u00a0nova camisa alternativa\u00a0da Sele\u00e7\u00e3o. [&hellip;]<\/p>\n","protected":false},"author":3,"featured_media":12428,"comment_status":"open","ping_status":"open","sticky":false,"template":"","format":"standard","meta":{"om_disable_all_campaigns":false,"_monsterinsights_skip_tracking":false,"_monsterinsights_sitenote_active":false,"_monsterinsights_sitenote_note":"","_monsterinsights_sitenote_category":0,"footnotes":""},"categories":[48],"tags":[],"class_list":["post-12427","post","type-post","status-publish","format-standard","has-post-thumbnail","hentry","category-esportes"],"jetpack_featured_media_url":"https:\/\/fatoelado.com\/wp-content\/uploads\/2025\/11\/imagens-do-segundo-uniforme-que-o-brasil-utilizara-na-copa-do-mundo-de-2026-952e960483dbaf03.jpg","_links":{"self":[{"href":"https:\/\/fatoelado.com\/index.php?rest_route=\/wp\/v2\/posts\/12427","targetHints":{"allow":["GET"]}}],"collection":[{"href":"https:\/\/fatoelado.com\/index.php?rest_route=\/wp\/v2\/posts"}],"about":[{"href":"https:\/\/fatoelado.com\/index.php?rest_route=\/wp\/v2\/types\/post"}],"author":[{"embeddable":true,"href":"https:\/\/fatoelado.com\/index.php?rest_route=\/wp\/v2\/users\/3"}],"replies":[{"embeddable":true,"href":"https:\/\/fatoelado.com\/index.php?rest_route=%2Fwp%2Fv2%2Fcomments&post=12427"}],"version-history":[{"count":1,"href":"https:\/\/fatoelado.com\/index.php?rest_route=\/wp\/v2\/posts\/12427\/revisions"}],"predecessor-version":[{"id":12429,"href":"https:\/\/fatoelado.com\/index.php?rest_route=\/wp\/v2\/posts\/12427\/revisions\/12429"}],"wp:featuredmedia":[{"embeddable":true,"href":"https:\/\/fatoelado.com\/index.php?rest_route=\/wp\/v2\/media\/12428"}],"wp:attachment":[{"href":"https:\/\/fatoelado.com\/index.php?rest_route=%2Fwp%2Fv2%2Fmedia&parent=12427"}],"wp:term":[{"taxonomy":"category","embeddable":true,"href":"https:\/\/fatoelado.com\/index.php?rest_route=%2Fwp%2Fv2%2Fcategories&post=12427"},{"taxonomy":"post_tag","embeddable":true,"href":"https:\/\/fatoelado.com\/index.php?rest_route=%2Fwp%2Fv2%2Ftags&post=12427"}],"curies":[{"name":"wp","href":"https:\/\/api.w.org\/{rel}","templated":true}]}}