{"id":12051,"date":"2025-10-31T16:37:36","date_gmt":"2025-10-31T19:37:36","guid":{"rendered":"https:\/\/fatoelado.com\/?p=12051"},"modified":"2025-11-02T16:38:43","modified_gmt":"2025-11-02T19:38:43","slug":"companhia-porto-piaui-participa-de-audiencia-na-camara-municipal-de-luis-correia","status":"publish","type":"post","link":"https:\/\/fatoelado.com\/?p=12051","title":{"rendered":"Companhia Porto Piau\u00ed participa de audi\u00eancia na C\u00e2mara Municipal de Lu\u00eds Correia"},"content":{"rendered":"<div class=\"elementor-element elementor-element-282adc7 elementor-widget elementor-widget-heading\" data-id=\"282adc7\" data-element_type=\"widget\" data-widget_type=\"heading.default\">\n<div class=\"elementor-widget-container\">\n<h2 class=\"elementor-heading-title elementor-size-default\" style=\"text-align: center;\">A audi\u00eancia refor\u00e7a o compromisso da Companhia Porto Piau\u00ed com a transpar\u00eancia e o di\u00e1logo constante, consolidando a rela\u00e7\u00e3o com o poder p\u00fablico e a sociedade local.<\/h2>\n<\/div>\n<\/div>\n<div class=\"elementor-element elementor-element-fe86f93 e-con-full e-flex e-con e-child\" data-id=\"fe86f93\" data-element_type=\"container\">\n<div class=\"elementor-element elementor-element-4781e67 e-con-full e-flex e-con e-child\" data-id=\"4781e67\" data-element_type=\"container\">\n<div id=\"decrease-font\" class=\"elementor-element elementor-element-b907b64 elementor-widget elementor-widget-button\" data-id=\"b907b64\" data-element_type=\"widget\" data-widget_type=\"button.default\">\n<div class=\"elementor-widget-container\">\n<div class=\"elementor-button-wrapper\"><\/div>\n<\/div>\n<\/div>\n<div id=\"increase-font\" class=\"elementor-element elementor-element-a6d49a7 elementor-widget elementor-widget-button\" data-id=\"a6d49a7\" data-element_type=\"widget\" data-widget_type=\"button.default\">\n<div class=\"elementor-widget-container\">\n<div class=\"elementor-button-wrapper\">\n<p>A Companhia Porto Piau\u00ed participou, nesta sexta-feira (11), de uma audi\u00eancia na C\u00e2mara Municipal de Lu\u00eds Correia, com o objetivo de atualizar os vereadores e a popula\u00e7\u00e3o sobre o andamento das obras do Porto e o balizamento do canal de navega\u00e7\u00e3o. O encontro foi solicitado pela pr\u00f3pria Companhia como forma de ampliar o di\u00e1logo com o poder p\u00fablico local e a comunidade.<\/p>\n<p>A reuni\u00e3o foi conduzida pelo presidente da C\u00e2mara, vereador Waldemir Pereira, e contou com a presen\u00e7a dos vereadores Ant\u00f4nio Veras, Wilton Veras, Irm\u00e3o Cajado e Renam Rodrigues, al\u00e9m do presidente da Companhia Porto Piau\u00ed, engenheiro Raimundo Dias, acompanhado da equipe da Diretoria de Sustentabilidade.<\/p>\n<figure id=\"attachment_95698\" class=\"wp-caption alignnone\" aria-describedby=\"caption-attachment-95698\"><img loading=\"lazy\" decoding=\"async\" class=\"wp-image-95698 size-full\" src=\"https:\/\/www.pi.gov.br\/wp-content\/uploads\/2025\/10\/WhatsApp-Image-2025-10-31-at-15.00.07.jpeg\" sizes=\"auto, (max-width: 1280px) 100vw, 1280px\" srcset=\"https:\/\/www.pi.gov.br\/wp-content\/uploads\/2025\/10\/WhatsApp-Image-2025-10-31-at-15.00.07.jpeg 1280w, https:\/\/www.pi.gov.br\/wp-content\/uploads\/2025\/10\/WhatsApp-Image-2025-10-31-at-15.00.07-300x225.jpeg 300w, https:\/\/www.pi.gov.br\/wp-content\/uploads\/2025\/10\/WhatsApp-Image-2025-10-31-at-15.00.07-1024x768.jpeg 1024w, https:\/\/www.pi.gov.br\/wp-content\/uploads\/2025\/10\/WhatsApp-Image-2025-10-31-at-15.00.07-768x576.jpeg 768w\" alt=\"\" width=\"1280\" height=\"960\" \/><figcaption id=\"caption-attachment-95698\" class=\"wp-caption-text\"><em>Foto: Porto Piau\u00ed<\/em><\/figcaption><\/figure>\n<p>Durante a audi\u00eancia, Raimundo Dias destacou a import\u00e2ncia de manter um canal de comunica\u00e7\u00e3o permanente com a popula\u00e7\u00e3o e o poder p\u00fablico. \u201cEstamos aqui para conversar abertamente, apresentar o que est\u00e1 sendo feito e ouvir as demandas e d\u00favidas dos vereadores e da popula\u00e7\u00e3o de Lu\u00eds Correia\u201d, afirmou.<\/p>\n<p>O presidente da Companhia apresentou detalhes da urbaniza\u00e7\u00e3o da retro\u00e1rea do Terminal Pesqueiro, atualmente em execu\u00e7\u00e3o, e informou que a instala\u00e7\u00e3o das boias de sinaliza\u00e7\u00e3o n\u00e1utica no canal de navega\u00e7\u00e3o deve ser conclu\u00edda no in\u00edcio de dezembro. Ele tamb\u00e9m esclareceu d\u00favidas sobre\u00a0as responsabilidades da Companhia em rela\u00e7\u00e3o \u00e0s \u00e1reas cedidas pela Superintend\u00eancia do Patrim\u00f4nio da Uni\u00e3o (SPU).<\/p>\n<p>A audi\u00eancia refor\u00e7a o compromisso da Companhia Porto Piau\u00ed com a transpar\u00eancia e o di\u00e1logo constante, consolidando a rela\u00e7\u00e3o com o poder p\u00fablico e a sociedade local.<\/p>\n<figure id=\"attachment_95697\" class=\"wp-caption alignnone\" aria-describedby=\"caption-attachment-95697\"><img loading=\"lazy\" decoding=\"async\" class=\"wp-image-95697 size-full\" src=\"https:\/\/www.pi.gov.br\/wp-content\/uploads\/2025\/10\/WhatsApp-Image-2025-10-31-at-14.58.33.jpeg\" sizes=\"auto, (max-width: 1280px) 100vw, 1280px\" srcset=\"https:\/\/www.pi.gov.br\/wp-content\/uploads\/2025\/10\/WhatsApp-Image-2025-10-31-at-14.58.33.jpeg 1280w, https:\/\/www.pi.gov.br\/wp-content\/uploads\/2025\/10\/WhatsApp-Image-2025-10-31-at-14.58.33-300x225.jpeg 300w, https:\/\/www.pi.gov.br\/wp-content\/uploads\/2025\/10\/WhatsApp-Image-2025-10-31-at-14.58.33-1024x768.jpeg 1024w, https:\/\/www.pi.gov.br\/wp-content\/uploads\/2025\/10\/WhatsApp-Image-2025-10-31-at-14.58.33-768x576.jpeg 768w\" alt=\"\" width=\"1280\" height=\"960\" \/><figcaption id=\"caption-attachment-95697\" class=\"wp-caption-text\"><em>Foto: Porto Piau\u00ed<\/p>\n<p><\/em>Fonte: Portal pi.Gov<br \/>\nConfira esta e outras mat\u00e9rias na \u00edntegra pelo link: https:\/\/www.pi.gov.br\/companhia-porto-piaui-participa-de-audiencia-na-camara-municipal-de-luis-correia\/<\/figcaption><\/figure>\n<\/div>\n<\/div>\n<\/div>\n<\/div>\n<\/div>\n","protected":false},"excerpt":{"rendered":"<p>A audi\u00eancia refor\u00e7a o compromisso da Companhia Porto Piau\u00ed com a transpar\u00eancia e o di\u00e1logo constante, consolidando a rela\u00e7\u00e3o com o poder p\u00fablico e a sociedade local. A Companhia Porto Piau\u00ed participou, nesta sexta-feira (11), de uma audi\u00eancia na C\u00e2mara Municipal de Lu\u00eds Correia, com o objetivo de atualizar os vereadores e a popula\u00e7\u00e3o sobre [&hellip;]<\/p>\n","protected":false},"author":3,"featured_media":12052,"comment_status":"open","ping_status":"open","sticky":false,"template":"","format":"standard","meta":{"om_disable_all_campaigns":false,"_monsterinsights_skip_tracking":false,"_monsterinsights_sitenote_active":false,"_monsterinsights_sitenote_note":"","_monsterinsights_sitenote_category":0,"footnotes":""},"categories":[33],"tags":[],"class_list":["post-12051","post","type-post","status-publish","format-standard","has-post-thumbnail","hentry","category-piaui"],"jetpack_featured_media_url":"https:\/\/fatoelado.com\/wp-content\/uploads\/2025\/11\/WhatsApp-Image-2025-10-31-at-15.00.07.jpeg","_links":{"self":[{"href":"https:\/\/fatoelado.com\/index.php?rest_route=\/wp\/v2\/posts\/12051","targetHints":{"allow":["GET"]}}],"collection":[{"href":"https:\/\/fatoelado.com\/index.php?rest_route=\/wp\/v2\/posts"}],"about":[{"href":"https:\/\/fatoelado.com\/index.php?rest_route=\/wp\/v2\/types\/post"}],"author":[{"embeddable":true,"href":"https:\/\/fatoelado.com\/index.php?rest_route=\/wp\/v2\/users\/3"}],"replies":[{"embeddable":true,"href":"https:\/\/fatoelado.com\/index.php?rest_route=%2Fwp%2Fv2%2Fcomments&post=12051"}],"version-history":[{"count":1,"href":"https:\/\/fatoelado.com\/index.php?rest_route=\/wp\/v2\/posts\/12051\/revisions"}],"predecessor-version":[{"id":12053,"href":"https:\/\/fatoelado.com\/index.php?rest_route=\/wp\/v2\/posts\/12051\/revisions\/12053"}],"wp:featuredmedia":[{"embeddable":true,"href":"https:\/\/fatoelado.com\/index.php?rest_route=\/wp\/v2\/media\/12052"}],"wp:attachment":[{"href":"https:\/\/fatoelado.com\/index.php?rest_route=%2Fwp%2Fv2%2Fmedia&parent=12051"}],"wp:term":[{"taxonomy":"category","embeddable":true,"href":"https:\/\/fatoelado.com\/index.php?rest_route=%2Fwp%2Fv2%2Fcategories&post=12051"},{"taxonomy":"post_tag","embeddable":true,"href":"https:\/\/fatoelado.com\/index.php?rest_route=%2Fwp%2Fv2%2Ftags&post=12051"}],"curies":[{"name":"wp","href":"https:\/\/api.w.org\/{rel}","templated":true}]}}