{"id":11964,"date":"2025-10-30T11:41:36","date_gmt":"2025-10-30T14:41:36","guid":{"rendered":"https:\/\/fatoelado.com\/?p=11964"},"modified":"2025-10-30T11:41:36","modified_gmt":"2025-10-30T14:41:36","slug":"primeira-central-de-flagrantes-virtual-do-piaui-comeca-a-funcionar-na-regiao-dos-cerrados-neste-sabado-1o","status":"publish","type":"post","link":"https:\/\/fatoelado.com\/?p=11964","title":{"rendered":"Primeira Central de Flagrantes Virtual do Piau\u00ed come\u00e7a a funcionar na regi\u00e3o dos Cerrados neste s\u00e1bado (1\u00ba)"},"content":{"rendered":"<h2 class=\"elementor-heading-title elementor-size-default\" style=\"text-align: center;\">O novo modelo atender\u00e1 as condu\u00e7\u00f5es em flagrante na \u00e1rea de segunda a quinta-feira, das 18h \u00e0s 8h do dia seguinte.<\/h2>\n<p>&nbsp;<\/p>\n<p>O Governo do Piau\u00ed, por meio da Pol\u00edcia Civil, instituiu a cria\u00e7\u00e3o da primeira Central de Flagrantes Virtual no interior do estado, com o objetivo de modernizar os procedimentos de flagrante e agilizar os atendimentos. A iniciativa foi assinada pelo delegado-geral da Pol\u00edcia Civil, Luccy Keiko, e publicada no Di\u00e1rio Oficial do Estado desta quinta-feira (30).<\/p>\n<p>Para in\u00edcio, foi definida como unidade piloto a Central de Flagrantes Virtual da \u00e1rea do Cerrado, abrangendo toda a Regi\u00e3o Integrada de Seguran\u00e7a P\u00fablica (RISP) Cerrados. A opera\u00e7\u00e3o come\u00e7a, neste s\u00e1bado (1\u00ba), e funcionar\u00e1 inicialmente em car\u00e1ter experimental. O atendimento remoto seguir\u00e1 os padr\u00f5es j\u00e1 regulamentados para videoconfer\u00eancia na Pol\u00edcia Civil, garantindo seguran\u00e7a jur\u00eddica e operacional nos procedimentos.<\/p>\n<p>O novo modelo atender\u00e1 as condu\u00e7\u00f5es em flagrante na \u00e1rea da RISP Cerrados de segunda a quinta-feira, das 18h \u00e0s 8h do dia seguinte. O delegado plantonista analisar\u00e1 e formalizar\u00e1 os procedimentos por videoconfer\u00eancia, enquanto as equipes das unidades f\u00edsicas prestar\u00e3o apoio t\u00e9cnico e administrativo.<\/p>\n<p>Para o delegado de Pol\u00edcia do Interior, C\u00e9lio Ben\u00edcio, o atendimento por videoconfer\u00eancia assegura agilidade na formaliza\u00e7\u00e3o dos procedimentos e fortalece a atua\u00e7\u00e3o do estado nas localidades mais distantes. \u201cAo assegurarmos o atendimento ininterrupto por uma autoridade policial por meio de videoconfer\u00eancia durante os plant\u00f5es noturnos, garantimos ao cidad\u00e3o a celeridade necess\u00e1ria na formaliza\u00e7\u00e3o de procedimentos urgentes, como autos de pris\u00e3o em flagrante\u201d, afirmou.<\/p>\n<p>Ele refor\u00e7a ainda que o modelo otimiza o uso do efetivo e qualifica a gest\u00e3o p\u00fablica. \u201cPara os nossos servidores p\u00fablicos, este modelo representa uma otimiza\u00e7\u00e3o dos recursos humanos e uma gest\u00e3o mais estrat\u00e9gica do efetivo policial, alinhando as condi\u00e7\u00f5es de trabalho \u00e0 nova realidade tecnol\u00f3gica\u201d, conclui o delegado.<\/p>\n<p><img loading=\"lazy\" decoding=\"async\" class=\"alignnone size-full wp-image-95130\" src=\"https:\/\/www.pi.gov.br\/wp-content\/uploads\/2025\/10\/WhatsApp-Image-2025-10-30-at-11.35.20.jpeg\" sizes=\"auto, (max-width: 900px) 100vw, 900px\" srcset=\"https:\/\/www.pi.gov.br\/wp-content\/uploads\/2025\/10\/WhatsApp-Image-2025-10-30-at-11.35.20.jpeg 900w, https:\/\/www.pi.gov.br\/wp-content\/uploads\/2025\/10\/WhatsApp-Image-2025-10-30-at-11.35.20-300x200.jpeg 300w, https:\/\/www.pi.gov.br\/wp-content\/uploads\/2025\/10\/WhatsApp-Image-2025-10-30-at-11.35.20-768x512.jpeg 768w\" alt=\"\" width=\"900\" height=\"600\" \/><\/p>\n<p>Na publica\u00e7\u00e3o consta ainda que, mesmo com o atendimento remoto, o delegado plantonista continuar\u00e1 respons\u00e1vel por avaliar cada caso, deliberar sobre provid\u00eancias de pol\u00edcia judici\u00e1ria e adotar medidas necess\u00e1rias em situa\u00e7\u00f5es mais graves. J\u00e1 os atendimentos realizados em hor\u00e1rio comercial e nos plant\u00f5es de fim de semana permanecem sob responsabilidade das delegacias locais, como j\u00e1 ocorre atualmente.<\/p>\n<p>Durante o primeiro m\u00eas de funcionamento, a Diretoria de Pol\u00edcia do Interior far\u00e1 monitoramento di\u00e1rio da unidade piloto, levantando dados de produtividade, efici\u00eancia e qualidade do atendimento. Os resultados ser\u00e3o enviados ao gabinete do delegado-geral para avalia\u00e7\u00e3o e poss\u00edvel expans\u00e3o do modelo para outras regi\u00f5es do estado.<\/p>\n<p>&nbsp;<\/p>\n<p>Fonte: Portal pi.Gov<br \/>\nConfira esta e outras mat\u00e9rias na \u00edntegra pelo link: https:\/\/www.pi.gov.br\/primeira-central-de-flagrantes-virtual-do-piaui-comeca-a-funcionar-na-regiao-dos-cerrados-neste-sabado-1o\/<\/p>\n","protected":false},"excerpt":{"rendered":"<p>O novo modelo atender\u00e1 as condu\u00e7\u00f5es em flagrante na \u00e1rea de segunda a quinta-feira, das 18h \u00e0s 8h do dia seguinte. &nbsp; O Governo do Piau\u00ed, por meio da Pol\u00edcia Civil, instituiu a cria\u00e7\u00e3o da primeira Central de Flagrantes Virtual no interior do estado, com o objetivo de modernizar os procedimentos de flagrante e agilizar [&hellip;]<\/p>\n","protected":false},"author":3,"featured_media":11965,"comment_status":"open","ping_status":"open","sticky":false,"template":"","format":"standard","meta":{"om_disable_all_campaigns":false,"_monsterinsights_skip_tracking":false,"_monsterinsights_sitenote_active":false,"_monsterinsights_sitenote_note":"","_monsterinsights_sitenote_category":0,"footnotes":""},"categories":[33,542],"tags":[],"class_list":["post-11964","post","type-post","status-publish","format-standard","has-post-thumbnail","hentry","category-piaui","category-policia"],"jetpack_featured_media_url":"https:\/\/fatoelado.com\/wp-content\/uploads\/2025\/10\/WhatsApp-Image-2025-10-30-at-11.35.20.jpeg","_links":{"self":[{"href":"https:\/\/fatoelado.com\/index.php?rest_route=\/wp\/v2\/posts\/11964","targetHints":{"allow":["GET"]}}],"collection":[{"href":"https:\/\/fatoelado.com\/index.php?rest_route=\/wp\/v2\/posts"}],"about":[{"href":"https:\/\/fatoelado.com\/index.php?rest_route=\/wp\/v2\/types\/post"}],"author":[{"embeddable":true,"href":"https:\/\/fatoelado.com\/index.php?rest_route=\/wp\/v2\/users\/3"}],"replies":[{"embeddable":true,"href":"https:\/\/fatoelado.com\/index.php?rest_route=%2Fwp%2Fv2%2Fcomments&post=11964"}],"version-history":[{"count":1,"href":"https:\/\/fatoelado.com\/index.php?rest_route=\/wp\/v2\/posts\/11964\/revisions"}],"predecessor-version":[{"id":11966,"href":"https:\/\/fatoelado.com\/index.php?rest_route=\/wp\/v2\/posts\/11964\/revisions\/11966"}],"wp:featuredmedia":[{"embeddable":true,"href":"https:\/\/fatoelado.com\/index.php?rest_route=\/wp\/v2\/media\/11965"}],"wp:attachment":[{"href":"https:\/\/fatoelado.com\/index.php?rest_route=%2Fwp%2Fv2%2Fmedia&parent=11964"}],"wp:term":[{"taxonomy":"category","embeddable":true,"href":"https:\/\/fatoelado.com\/index.php?rest_route=%2Fwp%2Fv2%2Fcategories&post=11964"},{"taxonomy":"post_tag","embeddable":true,"href":"https:\/\/fatoelado.com\/index.php?rest_route=%2Fwp%2Fv2%2Ftags&post=11964"}],"curies":[{"name":"wp","href":"https:\/\/api.w.org\/{rel}","templated":true}]}}