{"id":11924,"date":"2025-10-30T11:21:13","date_gmt":"2025-10-30T14:21:13","guid":{"rendered":"https:\/\/fatoelado.com\/?p=11924"},"modified":"2025-10-30T11:21:13","modified_gmt":"2025-10-30T14:21:13","slug":"governadores-da-direita-tentam-ressuscitar-uniao-com-crise-no-rj","status":"publish","type":"post","link":"https:\/\/fatoelado.com\/?p=11924","title":{"rendered":"Governadores da direita tentam ressuscitar uni\u00e3o com crise no RJ"},"content":{"rendered":"<p><img decoding=\"async\" class=\"aligncenter\" src=\"https:\/\/cidadeverde.com\/assets\/uploads\/colecoes\/2\/2025\/10\/opera%C3%A7%C3%A3o_-_rio_de_janeiro_.jpg\" alt=\"\" \/><\/p>\n<p>Governadores de direita ganharam, com a crise no Rio de Janeiro, a chance de reeditar uma tentativa de uni\u00e3o e se descolar da agenda bolsonarista por anistia, avaliam integrantes desse campo pol\u00edtico e interlocutores dos gestores.<\/p>\n<p>Para eles, h\u00e1 agora uma brecha para os governadores trabalharem em cima de uma pauta da &#8220;vida real&#8221;, relacionada a um tema em que eles costumam ter bom desempenho junto \u00e0 opini\u00e3o p\u00fablica: seguran\u00e7a p\u00fablica.<\/p>\n<p>Corpos de homens que morreram durante confronto com a Pol\u00edcia no Complexo da Penha, na zona norte do Rio de Janeiro. Liderados por Romeu Zema (Novo), de Minas Gerais, e Jorginho Mello (PL), de Santa Catarina, os governadores de direita se organizaram em dois encontros, numa tentativa de ressuscitar a uni\u00e3o que buscaram em agosto, em torno do ex-presidente e da anistia, mas que acabou n\u00e3o decolando.<\/p>\n<p>A primeira reuni\u00e3o foi mais restrita, puxada por Zema. Participaram de uma videochamada, al\u00e9m do mineiro e de Jorginho, o governador de S\u00e3o Paulo, Tarc\u00edsio de Freitas (Republicanos); o de Goi\u00e1s, Ronaldo Caiado (Uni\u00e3o Brasil); e o de Mato Grosso, Mauro Mendes (Uni\u00e3o Brasil).<\/p>\n<p>Dos cinco participantes, tr\u00eas s\u00e3o considerados presidenci\u00e1veis &#8211;sendo Tarc\u00edsio o \u00fanico que nega essa inten\u00e7\u00e3o e insiste em ser candidato \u00e0 reelei\u00e7\u00e3o.<\/p>\n<p>J\u00e1 Jorginho organizou um encontro mais amplo, com outros colegas, no Rio de Janeiro, com Cl\u00e1udio Castro (PL). A ideia ser\u00e1 propor medidas e p\u00f4r \u00e0 disposi\u00e7\u00e3o ajuda ao governo local.<\/p>\n<p>Tanto os governadores de direita como seus aliados sa\u00edram em defesa da opera\u00e7\u00e3o que matou ao menos 119 pessoas, se tornando a mais letal da hist\u00f3ria do Rio de Janeiro.<\/p>\n<p>Em rede social, o presidente do PT, Edinho Silva, afirmou ser &#8220;lament\u00e1vel que governadores, na saga de atacar o presidente Lula, montem palanque sobre os corpos de centenas de mortos, que fa\u00e7am com\u00edcio sobre as l\u00e1grimas de centenas de m\u00e3es que ainda n\u00e3o enterraram seus filhos&#8221;.<\/p>\n<p>&#8220;N\u00e3o ser\u00e1 com politicagem que vamos derrotar o crime organizado, e sim com compet\u00eancia, como foi feito na opera\u00e7\u00e3o Carbono Oculto&#8221;, declarou.<\/p>\n<p>Um auxiliar que acompanha os di\u00e1logos dos governadores da direita ponderou que, embora haja um alinhamento de discursos, ainda h\u00e1 d\u00favidas se medidas concretas poderiam sair do encontro, at\u00e9 porque nem todos os gestores desse campo pol\u00edtico est\u00e3o engajados no embate.<\/p>\n<p>A expectativa, na avalia\u00e7\u00e3o desse auxiliar, \u00e9 de que o Congresso consiga encampar melhor essa discuss\u00e3o -por exemplo, fazendo avan\u00e7ar o projeto que classifica fac\u00e7\u00f5es como terrorismo.<\/p>\n<p>Na ter\u00e7a-feira, enquanto o Rio de Janeiro vivia caos com vias fechadas ap\u00f3s a opera\u00e7\u00e3o, Castro se queixou de falta de apoio do governo Lula.<\/p>\n<p>Horas depois, o ministro da Justi\u00e7a, Ricardo Lewandowski, afirmou que o estado n\u00e3o havia pedido ajuda e deveria assumir sua responsabilidade.<\/p>\n<p>A jornalistas na quarta, Castro disse que n\u00e3o vai ficar &#8220;chorando&#8221; por n\u00e3o ter apoio do governo federal e classificou a opera\u00e7\u00e3o como sucesso, com exce\u00e7\u00e3o das mortes policiais &#8211;quatro at\u00e9 o momento.<\/p>\n<p>Zema, por sua vez, disse que as fac\u00e7\u00f5es est\u00e3o tomando conta do Brasil e lembrou fala de Lula da semana passada. Na ocasi\u00e3o, o petista disse que traficantes s\u00e3o v\u00edtimas de usu\u00e1rios &#8211;depois, ele se retratou e disse que a declara\u00e7\u00e3o foi &#8220;mal colocada&#8221;.<\/p>\n<p>Al\u00e9m de defender a opera\u00e7\u00e3o, Caiado disse que o combate \u00e0s organiza\u00e7\u00f5es criminosas sempre foi o calcanhar de Aquiles do PT, que seria &#8220;complacente com o crime, aliado das fac\u00e7\u00f5es&#8221;. &#8220;N\u00e3o \u00e9 pauta de direita, \u00e9 pauta da popula\u00e7\u00e3o&#8221;, disse. &#8220;\u00c9 uma pauta que s\u00f3 n\u00f3s temos compromisso.&#8221;<\/p>\n<p>Questionado se a uni\u00e3o com a crise no Rio de Janeiro seria uma forma de virar a p\u00e1gina da anistia, que dominou os discursos da direita o ano todo, Caiado disse: &#8220;N\u00e3o enxergo como excludente. Como governador, foco naquilo que protege minha popula\u00e7\u00e3o. N\u00e3o fico perdendo tempo com ila\u00e7\u00f5es, at\u00e9 hoje 8 de Janeiro est\u00e1 sendo pauta&#8221;.<\/p>\n<p>O governador do Rio Grande do Sul, Eduardo Leite (PSD), publicou v\u00eddeo em suas redes na noite de quarta afirmando que seguran\u00e7a p\u00fablica n\u00e3o deve ser campo de guerra ideol\u00f3gica. Ele defendeu que seu governo no RS seria um exemplo na tem\u00e1tica e cobrou lideran\u00e7a e coordena\u00e7\u00e3o do governo federal, acrescentando que o combate \u00e0 criminalidade tem que ser prioridade absoluta do presidente da Rep\u00fablica.<\/p>\n<p>&#8220;Aguardar a propalada PEC da Seguran\u00e7a n\u00e3o pode ser um subterf\u00fagio para que o governo federal se exima dessa responsabilidade&#8221;, disse Leite, argumentando que os dispositivos constitucionais atuais j\u00e1 dariam autoridade sobre o assunto \u00e0 Uni\u00e3o.<\/p>\n<h2>Tarc\u00edsio<\/h2>\n<p>Tarc\u00edsio, que buscou frear nesse m\u00eas a press\u00e3o para se lan\u00e7ar candidato ao Planalto, n\u00e3o se manifestou. Mas integrantes da base do governo na Alesp (Assembleia Legislativa) disseram sob reserva que, ao levar a seguran\u00e7a p\u00fablica ao centro do notici\u00e1rio, a crise no Rio de Janeiro devolveu \u00e0 direita a chance de obter apoio popular por meio de propostas pr\u00e1ticas.<\/p>\n<p>Um deputado pr\u00f3ximo ao governador lembrou que Lula vinha revertendo os \u00edndices de desaprova\u00e7\u00e3o por meio de propostas como a isen\u00e7\u00e3o do Imposto de Renda, enquanto a direita estava presa \u00e0 defesa intransigente da anistia, o que havia feito com que Tarc\u00edsio perdesse apoio at\u00e9 entre o empresariado paulista.<\/p>\n<p>Agora, contudo, h\u00e1 espa\u00e7o para conquistar eleitores por meio da defesa de projetos linha-dura contra a criminalidade.<\/p>\n<p>A equipe de comunica\u00e7\u00e3o de Tarc\u00edsio tamb\u00e9m manteve sil\u00eancio sobre o assunto. \u00c0 tarde, o governo divulgou uma opera\u00e7\u00e3o policial no ABC, com 1.500 agentes, com &#8220;uso de 18 drones, espalhados em pontos estrat\u00e9gicos com maior incid\u00eancia criminal&#8221;, sem mortes.<\/p>\n<p>Por outro lado, o governador autorizou seu secret\u00e1rio da Seguran\u00e7a P\u00fablica, Guilherme Derrite (PP), deputado federal licenciado, a retornar \u00e0 C\u00e2mara para relatar o projeto que classifica as fac\u00e7\u00f5es como organiza\u00e7\u00f5es terroristas &#8211;em maio, o governo Donald Trump, que Tarc\u00edsio apoia, prop\u00f4s que o Brasil classificasse o PCC e o CV como organiza\u00e7\u00f5es narcoterroristas, mas o Minist\u00e9rio da Justi\u00e7a se recusou a fazer isso.<\/p>\n<p>&nbsp;<\/p>\n<p>Fonte: Portal CidadeVerde.<br \/>\nConfira esta e outras mat\u00e9rias na \u00edntegra pelo link: https:\/\/cidadeverde.com\/noticias\/444611\/governadores-da-direita-tentam-ressuscitar-uniao-com-crise-no-rj<\/p>\n","protected":false},"excerpt":{"rendered":"<p>Governadores de direita ganharam, com a crise no Rio de Janeiro, a chance de reeditar uma tentativa de uni\u00e3o e se descolar da agenda bolsonarista por anistia, avaliam integrantes desse campo pol\u00edtico e interlocutores dos gestores. Para eles, h\u00e1 agora uma brecha para os governadores trabalharem em cima de uma pauta da &#8220;vida real&#8221;, relacionada [&hellip;]<\/p>\n","protected":false},"author":3,"featured_media":11925,"comment_status":"open","ping_status":"open","sticky":false,"template":"","format":"standard","meta":{"om_disable_all_campaigns":false,"_monsterinsights_skip_tracking":false,"_monsterinsights_sitenote_active":false,"_monsterinsights_sitenote_note":"","_monsterinsights_sitenote_category":0,"footnotes":""},"categories":[47,542,30],"tags":[],"class_list":["post-11924","post","type-post","status-publish","format-standard","has-post-thumbnail","hentry","category-nacionais","category-policia","category-politica"],"jetpack_featured_media_url":"https:\/\/fatoelado.com\/wp-content\/uploads\/2025\/10\/operacao_-_rio_de_janeiro_.jpg","_links":{"self":[{"href":"https:\/\/fatoelado.com\/index.php?rest_route=\/wp\/v2\/posts\/11924","targetHints":{"allow":["GET"]}}],"collection":[{"href":"https:\/\/fatoelado.com\/index.php?rest_route=\/wp\/v2\/posts"}],"about":[{"href":"https:\/\/fatoelado.com\/index.php?rest_route=\/wp\/v2\/types\/post"}],"author":[{"embeddable":true,"href":"https:\/\/fatoelado.com\/index.php?rest_route=\/wp\/v2\/users\/3"}],"replies":[{"embeddable":true,"href":"https:\/\/fatoelado.com\/index.php?rest_route=%2Fwp%2Fv2%2Fcomments&post=11924"}],"version-history":[{"count":1,"href":"https:\/\/fatoelado.com\/index.php?rest_route=\/wp\/v2\/posts\/11924\/revisions"}],"predecessor-version":[{"id":11926,"href":"https:\/\/fatoelado.com\/index.php?rest_route=\/wp\/v2\/posts\/11924\/revisions\/11926"}],"wp:featuredmedia":[{"embeddable":true,"href":"https:\/\/fatoelado.com\/index.php?rest_route=\/wp\/v2\/media\/11925"}],"wp:attachment":[{"href":"https:\/\/fatoelado.com\/index.php?rest_route=%2Fwp%2Fv2%2Fmedia&parent=11924"}],"wp:term":[{"taxonomy":"category","embeddable":true,"href":"https:\/\/fatoelado.com\/index.php?rest_route=%2Fwp%2Fv2%2Fcategories&post=11924"},{"taxonomy":"post_tag","embeddable":true,"href":"https:\/\/fatoelado.com\/index.php?rest_route=%2Fwp%2Fv2%2Ftags&post=11924"}],"curies":[{"name":"wp","href":"https:\/\/api.w.org\/{rel}","templated":true}]}}