{"id":11896,"date":"2025-10-29T15:45:49","date_gmt":"2025-10-29T18:45:49","guid":{"rendered":"https:\/\/fatoelado.com\/?p=11896"},"modified":"2025-10-29T15:45:49","modified_gmt":"2025-10-29T18:45:49","slug":"unidade-de-avc-no-hgv-amplia-atendimento-a-pacientes","status":"publish","type":"post","link":"https:\/\/fatoelado.com\/?p=11896","title":{"rendered":"Unidade de AVC no HGV amplia atendimento a pacientes"},"content":{"rendered":"<h2 class=\"elementor-heading-title elementor-size-default\" style=\"text-align: center;\">Somente em 2025, a Unidade de AVC do HGV j\u00e1 atendeu 452 pacientes com suspeita da doen\u00e7a, sendo 339 casos confirmados.<\/h2>\n<p>&nbsp;<\/p>\n<p>Em alus\u00e3o ao Dia Mundial de Combate ao Acidente Vascular Cerebral (AVC), o Hospital Get\u00falio Vargas (HGV) promoveu, nessa quarta-feira (29), uma palestra voltada aos colaboradores da institui\u00e7\u00e3o, com o objetivo de refor\u00e7ar a import\u00e2ncia da preven\u00e7\u00e3o e do atendimento r\u00e1pido aos casos suspeitos. A data busca conscientizar sobre uma das principais causas de morte e incapacidade no Brasil. Somente em 2025, a Unidade de AVC do HGV j\u00e1 atendeu 452 pacientes com suspeita da doen\u00e7a, sendo 339 casos confirmados.<\/p>\n<p>O neurologista Irapu\u00e1 Ferreira Ricarte destaca que o AVC \u00e9 uma emerg\u00eancia que requer interven\u00e7\u00e3o imediata. \u201c\u00c9 crucial compreender que o AVC exige a\u00e7\u00e3o r\u00e1pida, caracterizando-se como uma verdadeira corrida contra o tempo. A cada minuto sem tratamento, estima-se a perda de aproximadamente dois milh\u00f5es de neur\u00f4nios. Com a implanta\u00e7\u00e3o da Unidade de AVC no HGV, j\u00e1 observamos resultados positivos e pacientes com recupera\u00e7\u00e3o significativa\u201d, ressaltou o m\u00e9dico.<\/p>\n<p><img loading=\"lazy\" decoding=\"async\" class=\"alignnone size-full wp-image-94839\" src=\"https:\/\/www.pi.gov.br\/wp-content\/uploads\/2025\/10\/PALESTRA-AVC.jpg\" sizes=\"auto, (max-width: 1600px) 100vw, 1600px\" srcset=\"https:\/\/www.pi.gov.br\/wp-content\/uploads\/2025\/10\/PALESTRA-AVC.jpg 1600w, https:\/\/www.pi.gov.br\/wp-content\/uploads\/2025\/10\/PALESTRA-AVC-300x226.jpg 300w, https:\/\/www.pi.gov.br\/wp-content\/uploads\/2025\/10\/PALESTRA-AVC-1024x771.jpg 1024w, https:\/\/www.pi.gov.br\/wp-content\/uploads\/2025\/10\/PALESTRA-AVC-768x578.jpg 768w, https:\/\/www.pi.gov.br\/wp-content\/uploads\/2025\/10\/PALESTRA-AVC-1536x1156.jpg 1536w\" alt=\"\" width=\"1600\" height=\"1204\" \/><\/p>\n<p>Segundo o neurologista, o HGV desempenha um papel fundamental no atendimento e tratamento do AVC, recebendo pacientes de Teresina e de v\u00e1rias regi\u00f5es do Piau\u00ed. \u201cA institui\u00e7\u00e3o conta com tecnologias e tratamentos avan\u00e7ados, como a terapia trombol\u00edtica, administrada por via intravenosa, que deve ser realizada em at\u00e9 quatro horas e meia ap\u00f3s o in\u00edcio dos sintomas para dissolver o co\u00e1gulo causador do AVC isqu\u00eamico. Em casos mais graves, \u00e9 utilizada a trombectomia mec\u00e2nica, procedimento de cateterismo que remove o co\u00e1gulo de art\u00e9rias maiores\u201d, explicou Irapu\u00e1.<\/p>\n<p>O m\u00e9dico refor\u00e7ou ainda a import\u00e2ncia de acionar o Servi\u00e7o de Atendimento M\u00f3vel de Urg\u00eancia (SAMU), por meio do n\u00famero 192, diante de qualquer suspeita de AVC. \u201cO paciente deve ser levado diretamente a um hospital de refer\u00eancia, conforme a disponibilidade de vagas. \u00c9 fundamental evitar o encaminhamento inicial a Unidades de Pronto Atendimento (UPAs), pois o tempo \u00e9 determinante para o sucesso do tratamento. O AVC tem tratamento eficaz, mas cada minuto faz diferen\u00e7a\u201d, enfatizou.<\/p>\n<p><img loading=\"lazy\" decoding=\"async\" class=\"alignnone wp-image-94838 size-full\" src=\"https:\/\/www.pi.gov.br\/wp-content\/uploads\/2025\/10\/PALESTRA-AVC.jpg1_.jpg\" sizes=\"auto, (max-width: 1599px) 100vw, 1599px\" srcset=\"https:\/\/www.pi.gov.br\/wp-content\/uploads\/2025\/10\/PALESTRA-AVC.jpg1_.jpg 1599w, https:\/\/www.pi.gov.br\/wp-content\/uploads\/2025\/10\/PALESTRA-AVC.jpg1_-300x203.jpg 300w, https:\/\/www.pi.gov.br\/wp-content\/uploads\/2025\/10\/PALESTRA-AVC.jpg1_-1024x694.jpg 1024w, https:\/\/www.pi.gov.br\/wp-content\/uploads\/2025\/10\/PALESTRA-AVC.jpg1_-768x521.jpg 768w, https:\/\/www.pi.gov.br\/wp-content\/uploads\/2025\/10\/PALESTRA-AVC.jpg1_-1536x1041.jpg 1536w\" alt=\"\" width=\"1599\" height=\"1084\" \/><\/p>\n<p>&nbsp;<\/p>\n<p>Fonte: Portal pi.Gov<br \/>\nConfira esta e outras mat\u00e9rias na \u00edntegra pelo link: https:\/\/www.pi.gov.br\/unidade-de-avc-no-hgv-amplia-atendimento-a-pacientes\/<\/p>\n","protected":false},"excerpt":{"rendered":"<p>Somente em 2025, a Unidade de AVC do HGV j\u00e1 atendeu 452 pacientes com suspeita da doen\u00e7a, sendo 339 casos confirmados. &nbsp; Em alus\u00e3o ao Dia Mundial de Combate ao Acidente Vascular Cerebral (AVC), o Hospital Get\u00falio Vargas (HGV) promoveu, nessa quarta-feira (29), uma palestra voltada aos colaboradores da institui\u00e7\u00e3o, com o objetivo de refor\u00e7ar [&hellip;]<\/p>\n","protected":false},"author":3,"featured_media":11897,"comment_status":"open","ping_status":"open","sticky":false,"template":"","format":"standard","meta":{"om_disable_all_campaigns":false,"_monsterinsights_skip_tracking":false,"_monsterinsights_sitenote_active":false,"_monsterinsights_sitenote_note":"","_monsterinsights_sitenote_category":0,"footnotes":""},"categories":[33,42],"tags":[],"class_list":["post-11896","post","type-post","status-publish","format-standard","has-post-thumbnail","hentry","category-piaui","category-saude"],"jetpack_featured_media_url":"https:\/\/fatoelado.com\/wp-content\/uploads\/2025\/10\/PALESTRA-AVC.jpg","_links":{"self":[{"href":"https:\/\/fatoelado.com\/index.php?rest_route=\/wp\/v2\/posts\/11896","targetHints":{"allow":["GET"]}}],"collection":[{"href":"https:\/\/fatoelado.com\/index.php?rest_route=\/wp\/v2\/posts"}],"about":[{"href":"https:\/\/fatoelado.com\/index.php?rest_route=\/wp\/v2\/types\/post"}],"author":[{"embeddable":true,"href":"https:\/\/fatoelado.com\/index.php?rest_route=\/wp\/v2\/users\/3"}],"replies":[{"embeddable":true,"href":"https:\/\/fatoelado.com\/index.php?rest_route=%2Fwp%2Fv2%2Fcomments&post=11896"}],"version-history":[{"count":1,"href":"https:\/\/fatoelado.com\/index.php?rest_route=\/wp\/v2\/posts\/11896\/revisions"}],"predecessor-version":[{"id":11898,"href":"https:\/\/fatoelado.com\/index.php?rest_route=\/wp\/v2\/posts\/11896\/revisions\/11898"}],"wp:featuredmedia":[{"embeddable":true,"href":"https:\/\/fatoelado.com\/index.php?rest_route=\/wp\/v2\/media\/11897"}],"wp:attachment":[{"href":"https:\/\/fatoelado.com\/index.php?rest_route=%2Fwp%2Fv2%2Fmedia&parent=11896"}],"wp:term":[{"taxonomy":"category","embeddable":true,"href":"https:\/\/fatoelado.com\/index.php?rest_route=%2Fwp%2Fv2%2Fcategories&post=11896"},{"taxonomy":"post_tag","embeddable":true,"href":"https:\/\/fatoelado.com\/index.php?rest_route=%2Fwp%2Fv2%2Ftags&post=11896"}],"curies":[{"name":"wp","href":"https:\/\/api.w.org\/{rel}","templated":true}]}}