{"id":11893,"date":"2025-10-29T15:25:49","date_gmt":"2025-10-29T18:25:49","guid":{"rendered":"https:\/\/fatoelado.com\/?p=11893"},"modified":"2025-10-29T15:25:49","modified_gmt":"2025-10-29T18:25:49","slug":"fluminense-x-ceara-e-mantido-no-maracana-apos-megaoperacao-no-rio-de-janeiro","status":"publish","type":"post","link":"https:\/\/fatoelado.com\/?p=11893","title":{"rendered":"Fluminense x Cear\u00e1 \u00e9 mantido no Maracan\u00e3 ap\u00f3s megaopera\u00e7\u00e3o no Rio de Janeiro"},"content":{"rendered":"<h2 class=\"article-subtitle\" style=\"text-align: center;\">\u00d3rg\u00e3os de seguran\u00e7a confirmam realiza\u00e7\u00e3o do jogo no Maracan\u00e3 nesta quarta; cidade retoma normalidade ap\u00f3s a\u00e7\u00e3o policial hist\u00f3rica<\/h2>\n<p>&nbsp;<\/p>\n<div class=\"article-image-featured\"><img decoding=\"async\" class=\"i-amphtml-fill-content i-amphtml-replaced-content\" src=\"https:\/\/www.meionews.com\/uploads\/imagens\/2025\/10\/29\/vista-aerea-do-maracana--74102f04a4db1b92.jpg\" alt=\"Vista a\u00e9rea do Maracan\u00e3 | AGIF\" data-amp-loading=\"lazy\" \/><small>Vista a\u00e9rea do Maracan\u00e3 | Foto: AGIF<\/small><\/div>\n<div class=\"article-html\">\n<div class=\"article-html-more\">\n<article data-scroll-anchor=\"true\" data-testid=\"conversation-turn-90\" data-turn=\"assistant\" data-turn-id=\"request-68e028eb-a5f4-8321-8fc5-abbc2fdf6806-0\">A partida entre Fluminense e Cear\u00e1, v\u00e1lida pela 12\u00aa rodada do Campeonato Brasileiro, est\u00e1 confirmada para esta quarta-feira (15), \u00e0s 19h, no Maracan\u00e3. O confronto,\u00a0<strong>que chegou a gerar incertezas por conta da megaopera\u00e7\u00e3o policial realizada no Rio de Janeiro<\/strong>, n\u00e3o sofreu altera\u00e7\u00f5es de data nem de local. A decis\u00e3o foi tomada ap\u00f3s reuni\u00e3o entre autoridades de seguran\u00e7a e representantes dos clubes e da CBF.<\/p>\n<div class=\"dimg\"><img decoding=\"async\" class=\"i-amphtml-intrinsic-sizer\" role=\"presentation\" src=\"data:;base64,<svg height=\"506px\" width=\"900px\" xmlns=\"http:\/\/www.w3.org\/2000\/svg\" version=\"1.1\"\/>&#8221; alt=&#8221;&#8221; aria-hidden=&#8221;true&#8221; \/><img decoding=\"async\" class=\"i-amphtml-fill-content i-amphtml-replaced-content\" src=\"https:\/\/www.meionews.com\/uploads\/imagens\/2025\/10\/29\/fluminense-x-ceara-e-mantido-no-maracana-apos-megaoperacao-no-rio-de-janeiro--86da47aeb2e1290b.jpg\" alt=\"Fluminense x Cear\u00e1 no Maracan\u00e3 - Foto: Reprodu\u00e7\u00e3o\" data-amp-loading=\"lazy\" \/><\/div>\n<p><span class=\"fr-inner\">Fluminense x Cear\u00e1 no Maracan\u00e3 &#8211; Foto: Reprodu\u00e7\u00e3o<\/span><\/p>\n<p class=\"ads\">\n<p>O Rio de Janeiro retornou ao est\u00e1gio 1, de normalidade, depois do fim da opera\u00e7\u00e3o contra a fac\u00e7\u00e3o Comando Vermelho (CV), considerada a mais letal da hist\u00f3ria do estado. Apesar de o bairro do Maracan\u00e3 estar distante do epicentro das a\u00e7\u00f5es, localizadas nos complexos do Alem\u00e3o e da Penha, havia receio de reflexos na mobilidade e na seguran\u00e7a p\u00fablica.<\/p>\n<h3 data-end=\"1113\" data-start=\"1069\">Coordena\u00e7\u00e3o entre clubes e autoridades<\/h3>\n<p>Durante a ter\u00e7a-feira, dirigentes de Fluminense e Cear\u00e1 mantiveram contato constante com a Confedera\u00e7\u00e3o Brasileira de Futebol (CBF) e com \u00f3rg\u00e3os de seguran\u00e7a locais para confirmar se a partida seria afetada. Segundo as autoridades, n\u00e3o havia motivos t\u00e9cnicos nem log\u00edsticos para o adiamento.<\/p>\n<p>O Cear\u00e1, inclusive, emitiu uma nota oficial na noite de ter\u00e7a informando que havia recebido o \u201csinal verde\u201d para viajar ao Rio. J\u00e1 na manh\u00e3 desta quarta,\u00a0<strong>ambos os clubes voltaram a conversar com os respons\u00e1veis pela opera\u00e7\u00e3o de seguran\u00e7a<\/strong>, que reafirmaram a manuten\u00e7\u00e3o da partida.<\/p>\n<h3 data-end=\"1734\" data-start=\"1698\">Esquema de seguran\u00e7a refor\u00e7ado<\/h3>\n<p>O planejamento policial segue inalterado. A Pol\u00edcia Militar do Estado do Rio de Janeiro (PMERJ) confirmou que o Batalh\u00e3o Especializado de Policiamento em Est\u00e1dios (BEPE) estar\u00e1 com seu contingente completo para garantir a seguran\u00e7a do evento. A opera\u00e7\u00e3o no entorno do Maracan\u00e3 contar\u00e1 ainda com o apoio de patrulhas de tr\u00e2nsito e monitoramento por c\u00e2meras.<\/p>\n<p>De acordo com o governo estadual, a megaopera\u00e7\u00e3o encerrada na ter\u00e7a resultou em 64 mortes registradas inicialmente, incluindo quatro policiais. Por\u00e9m, durante a madrugada, moradores do Complexo da Penha\u00a0<strong>levaram ao menos 64 corpos adicionais para uma pra\u00e7a,<\/strong>\u00a0elevando o n\u00famero total de v\u00edtimas para 128, segundo o secret\u00e1rio da Pol\u00edcia Militar, coronel Marcelo de Menezes Nogueira.<\/p>\n<h3 data-end=\"2520\" data-start=\"2484\">Reflexos da opera\u00e7\u00e3o na cidade<\/h3>\n<p>A a\u00e7\u00e3o policial, que mobilizou mais de mil agentes e blindados, teve como objetivo desarticular a estrutura do Comando Vermelho, respons\u00e1vel por controlar \u00e1reas estrat\u00e9gicas da capital.<strong>\u00a0Apesar do clima de tens\u00e3o,<\/strong>\u00a0o transporte p\u00fablico e os servi\u00e7os essenciais foram restabelecidos durante a noite de ter\u00e7a-feira, o que contribuiu para a manuten\u00e7\u00e3o da programa\u00e7\u00e3o esportiva.<\/p>\n<p>O epis\u00f3dio, contudo, reacendeu o debate sobre a viol\u00eancia urbana e o impacto das opera\u00e7\u00f5es em comunidades cariocas. Nas redes sociais, torcedores chegaram a pedir o adiamento do jogo, temendo deslocamentos perigosos, mas foram tranquilizados pelas autoridades.<\/p>\n<h3 data-end=\"3191\" data-start=\"3167\">Flu de olho no G-6<\/h3>\n<p>Dentro de campo, o Fluminense busca transformar o cen\u00e1rio tenso fora das quatro linhas em motiva\u00e7\u00e3o. Ap\u00f3s 18 rodadas e 109 dias, o clube pode voltar ao G-6 do Campeonato Brasileiro. Uma vit\u00f3ria sobre o Cear\u00e1 recolocaria o Tricolor entre os seis primeiros colocados, posi\u00e7\u00e3o perdida em 12 de julho, quando o Botafogo o ultrapassou na tabela.<\/p>\n<p>O t\u00e9cnico Fernando Diniz deve contar com for\u00e7a m\u00e1xima, enquanto o Cear\u00e1, embalado por bons resultados recentes, promete dificultar a vida dos cariocas no Maracan\u00e3. Mesmo ap\u00f3s uma das opera\u00e7\u00f5es mais tr\u00e1gicas da hist\u00f3ria do Rio, o futebol permanece como espa\u00e7o de al\u00edvio e resist\u00eancia para uma cidade que tenta, mais uma vez, retomar a normalidade.<\/p>\n<\/article>\n<p>&nbsp;<\/p>\n<p class=\"ads\">Fonte: Portal MeioNews.<br \/>\nConfira esta e outras mat\u00e9rias na \u00edntegra pelo link: https:\/\/www.meionews.com\/esportes\/fluminense-x-ceara-e-mantido-no-maracana-apos-megaoperacao-no-rio-de-janeiro-545535<\/p>\n<\/div>\n<\/div>\n","protected":false},"excerpt":{"rendered":"<p>\u00d3rg\u00e3os de seguran\u00e7a confirmam realiza\u00e7\u00e3o do jogo no Maracan\u00e3 nesta quarta; cidade retoma normalidade ap\u00f3s a\u00e7\u00e3o policial hist\u00f3rica &nbsp; Vista a\u00e9rea do Maracan\u00e3 | Foto: AGIF A partida entre Fluminense e Cear\u00e1, v\u00e1lida pela 12\u00aa rodada do Campeonato Brasileiro, est\u00e1 confirmada para esta quarta-feira (15), \u00e0s 19h, no Maracan\u00e3. O confronto,\u00a0que chegou a gerar incertezas [&hellip;]<\/p>\n","protected":false},"author":3,"featured_media":11894,"comment_status":"open","ping_status":"open","sticky":false,"template":"","format":"standard","meta":{"om_disable_all_campaigns":false,"_monsterinsights_skip_tracking":false,"_monsterinsights_sitenote_active":false,"_monsterinsights_sitenote_note":"","_monsterinsights_sitenote_category":0,"footnotes":""},"categories":[48],"tags":[],"class_list":["post-11893","post","type-post","status-publish","format-standard","has-post-thumbnail","hentry","category-esportes"],"jetpack_featured_media_url":"https:\/\/fatoelado.com\/wp-content\/uploads\/2025\/10\/vista-aerea-do-maracana-74102f04a4db1b92.jpg","_links":{"self":[{"href":"https:\/\/fatoelado.com\/index.php?rest_route=\/wp\/v2\/posts\/11893","targetHints":{"allow":["GET"]}}],"collection":[{"href":"https:\/\/fatoelado.com\/index.php?rest_route=\/wp\/v2\/posts"}],"about":[{"href":"https:\/\/fatoelado.com\/index.php?rest_route=\/wp\/v2\/types\/post"}],"author":[{"embeddable":true,"href":"https:\/\/fatoelado.com\/index.php?rest_route=\/wp\/v2\/users\/3"}],"replies":[{"embeddable":true,"href":"https:\/\/fatoelado.com\/index.php?rest_route=%2Fwp%2Fv2%2Fcomments&post=11893"}],"version-history":[{"count":1,"href":"https:\/\/fatoelado.com\/index.php?rest_route=\/wp\/v2\/posts\/11893\/revisions"}],"predecessor-version":[{"id":11895,"href":"https:\/\/fatoelado.com\/index.php?rest_route=\/wp\/v2\/posts\/11893\/revisions\/11895"}],"wp:featuredmedia":[{"embeddable":true,"href":"https:\/\/fatoelado.com\/index.php?rest_route=\/wp\/v2\/media\/11894"}],"wp:attachment":[{"href":"https:\/\/fatoelado.com\/index.php?rest_route=%2Fwp%2Fv2%2Fmedia&parent=11893"}],"wp:term":[{"taxonomy":"category","embeddable":true,"href":"https:\/\/fatoelado.com\/index.php?rest_route=%2Fwp%2Fv2%2Fcategories&post=11893"},{"taxonomy":"post_tag","embeddable":true,"href":"https:\/\/fatoelado.com\/index.php?rest_route=%2Fwp%2Fv2%2Ftags&post=11893"}],"curies":[{"name":"wp","href":"https:\/\/api.w.org\/{rel}","templated":true}]}}