{"id":11889,"date":"2025-10-29T15:23:05","date_gmt":"2025-10-29T18:23:05","guid":{"rendered":"https:\/\/fatoelado.com\/?p=11889"},"modified":"2025-10-29T15:23:05","modified_gmt":"2025-10-29T18:23:05","slug":"ceara-reforca-policiamento-para-conter-possiveis-retaliacoes-do-cv-apos-operacao-no-rj","status":"publish","type":"post","link":"https:\/\/fatoelado.com\/?p=11889","title":{"rendered":"Cear\u00e1 refor\u00e7a policiamento para conter poss\u00edveis retalia\u00e7\u00f5es do CV ap\u00f3s opera\u00e7\u00e3o no RJ"},"content":{"rendered":"<h2 class=\"article-subtitle\" style=\"text-align: center;\">Entre os procurados pela pol\u00edcia na megaopera\u00e7\u00e3o est\u00e3o criminosos do Cear\u00e1. Ainda n\u00e3o h\u00e1 confirma\u00e7\u00f5es de que os alvos cearenses foram presos ou mortos.<\/h2>\n<p>&nbsp;<\/p>\n<div class=\"article-image-featured\"><img decoding=\"async\" class=\"i-amphtml-fill-content i-amphtml-replaced-content\" src=\"https:\/\/www.meionews.com\/uploads\/imagens\/2025\/10\/29\/policiais-algemam-suspeito-durante-megaoperacao-no-rj--65aa56448e91afa6.jpg\" alt=\"Policiais algemam suspeito durante megaopera\u00e7\u00e3o no RJ | Mauro Pimentel\/AFP\" data-amp-loading=\"lazy\" \/><small>Policiais algemam suspeito durante megaopera\u00e7\u00e3o no RJ | Foto: Mauro Pimentel\/AFP<\/small><\/div>\n<div class=\"g-news\"><\/div>\n<div class=\"article-html\">\n<div class=\"article-html-more\">\n<p>A Secretaria da Seguran\u00e7a P\u00fablica e Defesa Social (SSPDS) refor\u00e7ou o policiamento em pontos estrat\u00e9gicos do\u00a0<strong>Cear\u00e1\u00a0<\/strong>ap\u00f3s a megaopera\u00e7\u00e3o realizada no Rio de Janeiro, que<strong>\u00a0deixou mais de 60 mortos<\/strong>. O objetivo \u00e9 evitar que membros do Comando Vermelho, que atuam no Cear\u00e1, pratiquem delitos em repres\u00e1lia ao que ocorreu no RJ.<\/p>\n<p>A a\u00e7\u00e3o, que ocorreu nos<strong>\u00a0complexos do Alem\u00e3o e da Penha nesta ter\u00e7a-feira (28)<\/strong>, teve como alvo membros do Comando Vermelho, que tamb\u00e9m tem criminosos em diversas cidades do Cear\u00e1. Ao todo,\u00a0<strong><span class=\"highlight\">81 pessoas foram presas e mais de 100 armas foram apreendidas. Desses armamentos, 93 s\u00e3o fuzis<\/span><\/strong>.<\/p>\n<div class=\"dimg\"><img decoding=\"async\" class=\"i-amphtml-intrinsic-sizer\" role=\"presentation\" src=\"data:;base64,<svg height=\"435px\" width=\"785px\" xmlns=\"http:\/\/www.w3.org\/2000\/svg\" version=\"1.1\"\/>&#8221; alt=&#8221;&#8221; aria-hidden=&#8221;true&#8221; \/><img decoding=\"async\" class=\"i-amphtml-fill-content i-amphtml-replaced-content\" src=\"https:\/\/www.meionews.com\/uploads\/imagens\/2025\/10\/29\/ceara-reforca-policiamento-para-conter-possiveis-retaliacoes-do-cv-apos-operacao-no-rj--1c5fb93c82280fcb.jpg\" alt=\"Armas apreenidas em opera\u00e7\u00e3o do RJ | FOTO: TV Globo\" data-amp-loading=\"lazy\" \/><\/div>\n<p><span class=\"fr-inner\">Armas apreenidas em opera\u00e7\u00e3o do RJ | FOTO: TV Globo<\/span>&nbsp;<\/p>\n<p>Entre os procurados pela pol\u00edcia na megaopera\u00e7\u00e3o est\u00e3o criminosos do Cear\u00e1. Ainda n\u00e3o h\u00e1 confirma\u00e7\u00f5es de que os alvos cearenses foram presos ou mortos.<\/p>\n<h3><strong>O QUE ACONTECEU?<\/strong><\/h3>\n<p>No in\u00edcio da tarde de ter\u00e7a-feira<strong>, o tr\u00e1fico orquestrou repres\u00e1lias em v\u00e1rias partes da cidade, que viveu horas de tens\u00e3o em um cen\u00e1rio de guerra<\/strong>. Barricadas, com ve\u00edculos tomados ou entulho, foram feitas na Linha Amarela, na Graja\u00fa-Jacarepagu\u00e1 e na Rua Dias da Cruz, no M\u00e9ier, entre muitos outros locais.<\/p>\n<p>Na manh\u00e3 desta quarta-feira (29), moradores do Complexo da Penha levaram pelo menos 55 corpos para a Pra\u00e7a S\u00e3o Lucas, na Estrada Jos\u00e9 Rucas, uma das principais da regi\u00e3o.<\/p>\n<div class=\"article-share_buttons2 article-share\">\n<div class=\"share_buttons\">\n<div class=\"buttons\">\n<p>&nbsp;<\/p>\n<p>Fonte: Portal MeioNews.<br \/>\nConfira esta e outras mat\u00e9rias na \u00edntegra pelo link:\u00a0 https:\/\/www.meionews.com\/ceara\/policia\/ceara-reforca-policiamento-para-conter-possiveis-retaliacoes-do-cv-apos-operacao-no-rj-545533<\/p>\n<\/div>\n<\/div>\n<\/div>\n<\/div>\n<\/div>\n","protected":false},"excerpt":{"rendered":"<p>Entre os procurados pela pol\u00edcia na megaopera\u00e7\u00e3o est\u00e3o criminosos do Cear\u00e1. Ainda n\u00e3o h\u00e1 confirma\u00e7\u00f5es de que os alvos cearenses foram presos ou mortos. &nbsp; Policiais algemam suspeito durante megaopera\u00e7\u00e3o no RJ | Foto: Mauro Pimentel\/AFP A Secretaria da Seguran\u00e7a P\u00fablica e Defesa Social (SSPDS) refor\u00e7ou o policiamento em pontos estrat\u00e9gicos do\u00a0Cear\u00e1\u00a0ap\u00f3s a megaopera\u00e7\u00e3o realizada [&hellip;]<\/p>\n","protected":false},"author":3,"featured_media":11891,"comment_status":"open","ping_status":"open","sticky":false,"template":"","format":"standard","meta":{"om_disable_all_campaigns":false,"_monsterinsights_skip_tracking":false,"_monsterinsights_sitenote_active":false,"_monsterinsights_sitenote_note":"","_monsterinsights_sitenote_category":0,"footnotes":""},"categories":[47,542],"tags":[],"class_list":["post-11889","post","type-post","status-publish","format-standard","has-post-thumbnail","hentry","category-nacionais","category-policia"],"jetpack_featured_media_url":"https:\/\/fatoelado.com\/wp-content\/uploads\/2025\/10\/policiais-algemam-suspeito-durante-megaoperacao-no-rj-65aa56448e91afa6.jpg","_links":{"self":[{"href":"https:\/\/fatoelado.com\/index.php?rest_route=\/wp\/v2\/posts\/11889","targetHints":{"allow":["GET"]}}],"collection":[{"href":"https:\/\/fatoelado.com\/index.php?rest_route=\/wp\/v2\/posts"}],"about":[{"href":"https:\/\/fatoelado.com\/index.php?rest_route=\/wp\/v2\/types\/post"}],"author":[{"embeddable":true,"href":"https:\/\/fatoelado.com\/index.php?rest_route=\/wp\/v2\/users\/3"}],"replies":[{"embeddable":true,"href":"https:\/\/fatoelado.com\/index.php?rest_route=%2Fwp%2Fv2%2Fcomments&post=11889"}],"version-history":[{"count":1,"href":"https:\/\/fatoelado.com\/index.php?rest_route=\/wp\/v2\/posts\/11889\/revisions"}],"predecessor-version":[{"id":11892,"href":"https:\/\/fatoelado.com\/index.php?rest_route=\/wp\/v2\/posts\/11889\/revisions\/11892"}],"wp:featuredmedia":[{"embeddable":true,"href":"https:\/\/fatoelado.com\/index.php?rest_route=\/wp\/v2\/media\/11891"}],"wp:attachment":[{"href":"https:\/\/fatoelado.com\/index.php?rest_route=%2Fwp%2Fv2%2Fmedia&parent=11889"}],"wp:term":[{"taxonomy":"category","embeddable":true,"href":"https:\/\/fatoelado.com\/index.php?rest_route=%2Fwp%2Fv2%2Fcategories&post=11889"},{"taxonomy":"post_tag","embeddable":true,"href":"https:\/\/fatoelado.com\/index.php?rest_route=%2Fwp%2Fv2%2Ftags&post=11889"}],"curies":[{"name":"wp","href":"https:\/\/api.w.org\/{rel}","templated":true}]}}