{"id":11883,"date":"2025-10-29T15:13:26","date_gmt":"2025-10-29T18:13:26","guid":{"rendered":"https:\/\/fatoelado.com\/?p=11883"},"modified":"2025-10-29T15:13:26","modified_gmt":"2025-10-29T18:13:26","slug":"lula-convoca-reuniao-com-rui-costa-para-discutir-crise-no-rio-apos-operacao-mais-letal-da-historia","status":"publish","type":"post","link":"https:\/\/fatoelado.com\/?p=11883","title":{"rendered":"Lula convoca reuni\u00e3o com Rui Costa para discutir crise no Rio ap\u00f3s opera\u00e7\u00e3o mais letal da hist\u00f3ria"},"content":{"rendered":"<h2 class=\"article-subtitle\" style=\"text-align: center;\">O encontro com Rui Costa deve marcar o in\u00edcio de uma s\u00e9rie de reuni\u00f5es do governo federal para tratar do tema.<\/h2>\n<p>&nbsp;<\/p>\n<div class=\"article-image-featured\"><img decoding=\"async\" class=\"i-amphtml-fill-content i-amphtml-replaced-content\" src=\"https:\/\/www.meionews.com\/uploads\/imagens\/2025\/10\/29\/o-presidente-lula-com-o-ministro-rui-costa--061360d093ff5d36.jpg\" alt=\"O presidente Lula com o ministro Rui Costa | Cristiano Mariz\" data-amp-loading=\"lazy\" \/><small>O presidente Lula com o ministro Rui Costa | Foto: Cristiano Mariz<\/small><\/div>\n<div class=\"g-news\"><\/div>\n<div class=\"article-html\">\n<div class=\"article-html-more\">\n<p>O presidente Luiz In\u00e1cio Lula da Silva (PT) vai se reunir nesta quarta-feira (29\/10)\u00a0<strong>com o ministro da Casa Civil, Rui Costa, para discutir a crise na seguran\u00e7a p\u00fablica<\/strong>\u00a0do Rio de Janeiro,\u00a0<strong>um dia ap\u00f3s a megaopera\u00e7\u00e3o policial que deixou mais de 60 mortos em confrontos com fac\u00e7\u00f5es criminosas.<\/strong><\/p>\n<p>Lula retornou ao Brasil na noite desta ter\u00e7a-feira (28\/10), ap\u00f3s uma viagem oficial \u00e0 \u00c1sia. Durante sua aus\u00eancia,\u00a0<strong>o vice-presidente Geraldo Alckmin (PSB) havia assumido interinamente a presid\u00eancia da Rep\u00fablica.<\/strong><\/p>\n<p><strong>O encontro com Rui Costa deve marcar o in\u00edcio de uma s\u00e9rie de reuni\u00f5es do governo federal para tratar do tema. <\/strong>Ainda nesta quarta-feira, o ministro da Casa Civil, o ministro da Justi\u00e7a e Seguran\u00e7a P\u00fablica, Ricardo Lewandowski, e o diretor-executivo da Pol\u00edcia Federal, William Murad, devem se reunir com o governador do Rio, Cl\u00e1udio Castro (PL).<\/p>\n<h2>Diverg\u00eancia sobre local do encontro<\/h2>\n<p>Apesar da urg\u00eancia, o encontro entre os ministros e o governador ainda \u00e9 motivo de impasse. Em nota,\u00a0<strong>o governo federal informou que Rui Costa sugeriu uma reuni\u00e3o de emerg\u00eancia no Rio de Janeiro<\/strong>, para discutir medidas conjuntas de seguran\u00e7a.<\/p>\n<p>No entanto, segundo revelou a\u00a0<em>coluna de Igor Gadelha, do Metr\u00f3poles<\/em>, h\u00e1 diverg\u00eancia entre as partes. Durante a conversa com Rui, o governador Cl\u00e1udio Castro manifestou prefer\u00eancia por realizar o encontro em Bras\u00edlia, enquanto os ministros de Lula defendem que a reuni\u00e3o deve ocorrer no pr\u00f3prio estado, diante da gravidade da situa\u00e7\u00e3o.<\/p>\n<p>Nos bastidores, integrantes do Planalto argumentam que n\u00e3o seria adequado Castro deixar o Rio em um momento de crise t\u00e3o aguda, marcada por confrontos, fugas e forte presen\u00e7a policial em comunidades dominadas pelo Comando Vermelho.<\/p>\n<h2>Reuni\u00e3o de emerg\u00eancia no Planalto<\/h2>\n<p>Antes do retorno de Lula, o vice-presidente Geraldo Alckmin j\u00e1 havia convocado, na tarde de ter\u00e7a-feira (28\/10), uma reuni\u00e3o de emerg\u00eancia no Pal\u00e1cio do Planalto para avaliar o cen\u00e1rio.<\/p>\n<p>Participaram do encontro, al\u00e9m de Rui Costa, os ministros Gleisi Hoffmann (Rela\u00e7\u00f5es Institucionais), Jorge Messias (Advocacia-Geral da Uni\u00e3o), Maca\u00e9 Evaristo (Direitos Humanos e Cidadania) e Sid\u00f4nio Palmeira (Secretaria de Comunica\u00e7\u00e3o Social), al\u00e9m do secret\u00e1rio-executivo do Minist\u00e9rio da Justi\u00e7a, Manoel Carlos.<\/p>\n<p>O grupo discutiu medidas imediatas de conten\u00e7\u00e3o e coordena\u00e7\u00e3o federativa para lidar com os desdobramentos da opera\u00e7\u00e3o,\u00a0<strong>considerada a mais letal da hist\u00f3ria do Rio de Janeiro, com 64 mortos, entre eles quatro policiais.<\/strong><\/p>\n<p>Fontes do Planalto afirmam que Lula pretende acompanhar de perto a situa\u00e7\u00e3o e exigir respostas coordenadas entre Uni\u00e3o, estado e for\u00e7as de seguran\u00e7a para evitar uma nova escalada de viol\u00eancia nos pr\u00f3ximos dias.<\/p>\n<div class=\"article-share_buttons2 article-share\">\n<div class=\"share_buttons\">\n<div class=\"buttons\">\n<p>&nbsp;<\/p>\n<p>Fonte: Portal MeioNews.<br \/>\nConfira esta e outras mat\u00e9rias na \u00edntegra pelo link: https:\/\/www.meionews.com\/politica\/lula-convoca-reuniao-com-rui-costa-para-discutir-crise-no-rio-apos-operacao-mais-letal-da-historia-545483<\/p>\n<\/div>\n<\/div>\n<\/div>\n<\/div>\n<\/div>\n","protected":false},"excerpt":{"rendered":"<p>O encontro com Rui Costa deve marcar o in\u00edcio de uma s\u00e9rie de reuni\u00f5es do governo federal para tratar do tema. &nbsp; O presidente Lula com o ministro Rui Costa | Foto: Cristiano Mariz O presidente Luiz In\u00e1cio Lula da Silva (PT) vai se reunir nesta quarta-feira (29\/10)\u00a0com o ministro da Casa Civil, Rui Costa, [&hellip;]<\/p>\n","protected":false},"author":3,"featured_media":11884,"comment_status":"open","ping_status":"open","sticky":false,"template":"","format":"standard","meta":{"om_disable_all_campaigns":false,"_monsterinsights_skip_tracking":false,"_monsterinsights_sitenote_active":false,"_monsterinsights_sitenote_note":"","_monsterinsights_sitenote_category":0,"footnotes":""},"categories":[47],"tags":[],"class_list":["post-11883","post","type-post","status-publish","format-standard","has-post-thumbnail","hentry","category-nacionais"],"jetpack_featured_media_url":"https:\/\/fatoelado.com\/wp-content\/uploads\/2025\/10\/o-presidente-lula-com-o-ministro-rui-costa-061360d093ff5d36.jpg","_links":{"self":[{"href":"https:\/\/fatoelado.com\/index.php?rest_route=\/wp\/v2\/posts\/11883","targetHints":{"allow":["GET"]}}],"collection":[{"href":"https:\/\/fatoelado.com\/index.php?rest_route=\/wp\/v2\/posts"}],"about":[{"href":"https:\/\/fatoelado.com\/index.php?rest_route=\/wp\/v2\/types\/post"}],"author":[{"embeddable":true,"href":"https:\/\/fatoelado.com\/index.php?rest_route=\/wp\/v2\/users\/3"}],"replies":[{"embeddable":true,"href":"https:\/\/fatoelado.com\/index.php?rest_route=%2Fwp%2Fv2%2Fcomments&post=11883"}],"version-history":[{"count":1,"href":"https:\/\/fatoelado.com\/index.php?rest_route=\/wp\/v2\/posts\/11883\/revisions"}],"predecessor-version":[{"id":11885,"href":"https:\/\/fatoelado.com\/index.php?rest_route=\/wp\/v2\/posts\/11883\/revisions\/11885"}],"wp:featuredmedia":[{"embeddable":true,"href":"https:\/\/fatoelado.com\/index.php?rest_route=\/wp\/v2\/media\/11884"}],"wp:attachment":[{"href":"https:\/\/fatoelado.com\/index.php?rest_route=%2Fwp%2Fv2%2Fmedia&parent=11883"}],"wp:term":[{"taxonomy":"category","embeddable":true,"href":"https:\/\/fatoelado.com\/index.php?rest_route=%2Fwp%2Fv2%2Fcategories&post=11883"},{"taxonomy":"post_tag","embeddable":true,"href":"https:\/\/fatoelado.com\/index.php?rest_route=%2Fwp%2Fv2%2Ftags&post=11883"}],"curies":[{"name":"wp","href":"https:\/\/api.w.org\/{rel}","templated":true}]}}