{"id":11880,"date":"2025-10-29T15:04:51","date_gmt":"2025-10-29T18:04:51","guid":{"rendered":"https:\/\/fatoelado.com\/?p=11880"},"modified":"2025-10-29T15:04:51","modified_gmt":"2025-10-29T18:04:51","slug":"moradores-acham-mais-de-60-corpos-em-matagal-total-passa-dos-130-mortos-no-rio","status":"publish","type":"post","link":"https:\/\/fatoelado.com\/?p=11880","title":{"rendered":"Moradores acham mais de 60 corpos em matagal; total passa dos 130 mortos no Rio"},"content":{"rendered":"<p><img decoding=\"async\" src=\"https:\/\/cidadeverde.com\/assets\/uploads\/colecoes\/2\/2025\/10\/Corpos-de-homens-mortos-em-confronto-com-a-policia-RIO-28_10_25.jpg\" alt=\"\" \/>Moradores dos complexos do Alem\u00e3o e da Penha encontraram mais de 60 corpos na \u00e1rea de mata da Vacaria, na Serra da Miseric\u00f3rdia, ao longo da madrugada desta quarta-feira (29) \u2013 dia seguinte a\u00a0opera\u00e7\u00e3o mais letal da hist\u00f3ria do estado do Rio de Janeiro. Os corpos, que n\u00e3o constam no balan\u00e7o oficial divulgado pelo governo do estado, foram levados para a Pra\u00e7a S\u00e3o Lucas, na Estrada Jos\u00e9 Rucas, no in\u00edcio da manh\u00e3.<\/p>\n<p>O governo do Rio de Janeiro tinha divulgado, na ter\u00e7a-feira (28), que 64 pessoas foram mortas durante a megaopera\u00e7\u00e3o contra lideran\u00e7as do Comando Vermelho (CV) \u2013 incluindo quatro policiais.\u00a0<strong>Com os corpos encontrados na Vacaria, o total de mortos chegou a 132, segundo apura\u00e7\u00e3o do SBT Rio.<\/strong><\/p>\n<p>O ativista Raull Santiago, do Instituto Papo Reto, afirmou nas redes sociais que\u00a0mais corpos est\u00e3o sendo encontrados\u00a0e ser\u00e3o levados para a pra\u00e7a da Penha. &#8220;Tem muito corpo e sangue para todo lado. Muito triste&#8221;, disse em um v\u00eddeo nas redes sociais.<\/p>\n<p>Por volta das 8h45, ve\u00edculos da Defesa Civil Estadual come\u00e7aram a chegar para realizar a retirada dos corpos do local. Eles ser\u00e3o levados para o Instituto M\u00e9dico-Legal (IML).<\/p>\n<p>O Minist\u00e9rio P\u00fablico do Estado do Rio de Janeiro (MPRJ) informou que acompanha a situa\u00e7\u00e3o. Em nota, disse que atua para &#8220;assegurar o cumprimento das diretrizes fixadas pelo Supremo Tribunal Federal (STF) na ADPF 635, que disciplina opera\u00e7\u00f5es policiais em comunidades do Estado&#8221; e que &#8220;t\u00e9cnicos periciais foram enviados ao Instituto M\u00e9dico-Legal (IML) para a realiza\u00e7\u00e3o de per\u00edcia independente, em conformidade com suas atribui\u00e7\u00f5es legais.&#8221;<\/p>\n<p><em>Foto: Jos\u00e9 Lucena\/The News2\/Estad\u00e3o Conte\u00fado<\/em><\/p>\n<p><img decoding=\"async\" src=\"https:\/\/cidadeverde.com\/assets\/uploads\/colecoes\/2\/2025\/10\/TN220251029010.jpg\" alt=\"\" \/><\/p>\n<h2><strong>Opera\u00e7\u00e3o Conten\u00e7\u00e3o<\/strong><\/h2>\n<p>A megaopera\u00e7\u00e3o das for\u00e7as de seguran\u00e7a do Estado do Rio de Janeiro foi deflagrada na ter\u00e7a-feira (28) nos Complexos da Penha e do Alem\u00e3o. A a\u00e7\u00e3o, parte da chamada Opera\u00e7\u00e3o Conten\u00e7\u00e3o, foi justificada pela necessidade de desarticular lideran\u00e7as do Comando Vermelho na regi\u00e3o. Cerca de 2.500 policiais civis e militares cumpriram mandados de pris\u00e3o e busca na regi\u00e3o. 81 suspeitos foram presos e 93 fuzis apreendidos.<\/p>\n<p>As equipes encontraram resist\u00eancia armada intensa: houve relatos de troca de tiros, uso de barricadas incendiadas em vias expressas e ataques com drones por parte de criminosos, com o objetivo de atrasar o avan\u00e7o policial. Pelo menos tr\u00eas moradores ficaram feridos.<\/p>\n<p>A a\u00e7\u00e3o \u00e9 considerada a opera\u00e7\u00e3o mais letal da hist\u00f3ria do estado do Rio de Janeiro, ultrapassando a realizada no Jacarezinho, em maio de 2021, que teve 28 mortos, e a opera\u00e7\u00e3o na Vila Cruzeiro, em maio de 2022, com 24 \u00f3bitos. As tr\u00eas aconteceram durante o governo de Cl\u00e1udio Castro (PL).<\/p>\n<p>O levantamento foi feito pelo Geni (Grupo de Estudos dos Novos Ilegalismos) da Universidade Federal Fluminense (UFF). Veja o ranking das cinco opera\u00e7\u00f5es mais letais da hist\u00f3ria do estado do Rio de Janeiro:<\/p>\n<p>1. Complexo do Alem\u00e3o e Penha, outubro de 2025: mais de 120 mortos<\/p>\n<p>2. Favela do Jacarezinho, maio de 2021: 28 mortos<\/p>\n<p>3. Vila Cruzeiro, maio de 2022: 23 mortos<\/p>\n<p>4. Vila Oper\u00e1ria, Duque de Caxias, janeiro de 1998: 23 mortos<\/p>\n<p>5. Complexo do Alem\u00e3o, junho de 2007: 19 mortos<\/p>\n<p>&nbsp;<\/p>\n<p>Fonte: Portal CidadeVerde.<br \/>\nConfira esta e outras mat\u00e9rias na \u00edntegra pelo link: https:\/\/cidadeverde.com\/noticias\/444565\/moradores-acham-mais-de-60-corpos-em-matagal-total-passa-dos-130-mortos-no-rio<\/p>\n","protected":false},"excerpt":{"rendered":"<p>Moradores dos complexos do Alem\u00e3o e da Penha encontraram mais de 60 corpos na \u00e1rea de mata da Vacaria, na Serra da Miseric\u00f3rdia, ao longo da madrugada desta quarta-feira (29) \u2013 dia seguinte a\u00a0opera\u00e7\u00e3o mais letal da hist\u00f3ria do estado do Rio de Janeiro. Os corpos, que n\u00e3o constam no balan\u00e7o oficial divulgado pelo governo [&hellip;]<\/p>\n","protected":false},"author":3,"featured_media":11881,"comment_status":"open","ping_status":"open","sticky":false,"template":"","format":"standard","meta":{"om_disable_all_campaigns":false,"_monsterinsights_skip_tracking":false,"_monsterinsights_sitenote_active":false,"_monsterinsights_sitenote_note":"","_monsterinsights_sitenote_category":0,"footnotes":""},"categories":[47,542],"tags":[],"class_list":["post-11880","post","type-post","status-publish","format-standard","has-post-thumbnail","hentry","category-nacionais","category-policia"],"jetpack_featured_media_url":"https:\/\/fatoelado.com\/wp-content\/uploads\/2025\/10\/Corpos-de-homens-mortos-em-confronto-com-a-policia-RIO-28_10_25.jpg","_links":{"self":[{"href":"https:\/\/fatoelado.com\/index.php?rest_route=\/wp\/v2\/posts\/11880","targetHints":{"allow":["GET"]}}],"collection":[{"href":"https:\/\/fatoelado.com\/index.php?rest_route=\/wp\/v2\/posts"}],"about":[{"href":"https:\/\/fatoelado.com\/index.php?rest_route=\/wp\/v2\/types\/post"}],"author":[{"embeddable":true,"href":"https:\/\/fatoelado.com\/index.php?rest_route=\/wp\/v2\/users\/3"}],"replies":[{"embeddable":true,"href":"https:\/\/fatoelado.com\/index.php?rest_route=%2Fwp%2Fv2%2Fcomments&post=11880"}],"version-history":[{"count":1,"href":"https:\/\/fatoelado.com\/index.php?rest_route=\/wp\/v2\/posts\/11880\/revisions"}],"predecessor-version":[{"id":11882,"href":"https:\/\/fatoelado.com\/index.php?rest_route=\/wp\/v2\/posts\/11880\/revisions\/11882"}],"wp:featuredmedia":[{"embeddable":true,"href":"https:\/\/fatoelado.com\/index.php?rest_route=\/wp\/v2\/media\/11881"}],"wp:attachment":[{"href":"https:\/\/fatoelado.com\/index.php?rest_route=%2Fwp%2Fv2%2Fmedia&parent=11880"}],"wp:term":[{"taxonomy":"category","embeddable":true,"href":"https:\/\/fatoelado.com\/index.php?rest_route=%2Fwp%2Fv2%2Fcategories&post=11880"},{"taxonomy":"post_tag","embeddable":true,"href":"https:\/\/fatoelado.com\/index.php?rest_route=%2Fwp%2Fv2%2Ftags&post=11880"}],"curies":[{"name":"wp","href":"https:\/\/api.w.org\/{rel}","templated":true}]}}