{"id":11877,"date":"2025-10-29T15:01:02","date_gmt":"2025-10-29T18:01:02","guid":{"rendered":"https:\/\/fatoelado.com\/?p=11877"},"modified":"2025-10-29T15:01:02","modified_gmt":"2025-10-29T18:01:02","slug":"camara-aprova-projeto-que-retoma-o-despacho-gratuito-de-bagagem-de-ate-23-kg","status":"publish","type":"post","link":"https:\/\/fatoelado.com\/?p=11877","title":{"rendered":"C\u00e2mara aprova projeto que retoma o despacho gratuito de bagagem de at\u00e9 23 kg"},"content":{"rendered":"<p><img decoding=\"async\" src=\"https:\/\/cidadeverde.com\/assets\/uploads\/colecoes\/2\/2025\/10\/turista-bagagem-mala-mochila-viagem.jpg\" alt=\"\" \/><\/p>\n<p>A C\u00e2mara dos Deputados aprovou nesta ter\u00e7a-feira (28) o projeto de lei que restabelece o despacho gratuito de bagagens de at\u00e9 23 kg em voos nacionais e internacionais operados no pa\u00eds. O texto, que altera o C\u00f3digo Brasileiro de Aeron\u00e1utica, segue agora para an\u00e1lise do Senado.<\/p>\n<p>A retomada da gratuidade consta de uma emenda apresentada pelo deputado Alex Manente (Cidadania-SP) ao PL 5041\/25, de autoria do deputado Da Vitoria (PP-ES). A inclus\u00e3o foi aprovada pelo plen\u00e1rio por ampla maioria: 361 votos a favor e 77 contr\u00e1rios.<\/p>\n<p>Pelo substitutivo aprovado, o passageiro poder\u00e1 levar, sem custo adicional, uma mala de bordo de at\u00e9 12 kg em voos dom\u00e9sticos, al\u00e9m de uma bolsa ou mochila a ser acomodada sob o assento.<\/p>\n<p>Atualmente, o regulamento da Ag\u00eancia Nacional de Avia\u00e7\u00e3o Civil (Anac) estabelece franquia de 10 kg para a bagagem de m\u00e3o, sem distin\u00e7\u00e3o entre mala e mochila, cabendo ao contrato de transporte definir dimens\u00f5es e quantidade de pe\u00e7as.<\/p>\n<p>Outro procedimento j\u00e1 adotado pelas companhias tamb\u00e9m ser\u00e1 incorporado ao c\u00f3digo: quando a bagagem de m\u00e3o n\u00e3o puder ser acomodada no bagageiro da cabine por motivos de seguran\u00e7a ou falta de espa\u00e7o, o despacho dever\u00e1 ser gratuito.<\/p>\n<p>O texto ainda determina que todas as regras sobre o transporte de bagagem de m\u00e3o sejam claramente apresentadas nos canais de venda das companhias a\u00e9reas, de forma acess\u00edvel e de f\u00e1cil compreens\u00e3o ao p\u00fablico.<\/p>\n<p>&nbsp;<\/p>\n<p>Fonte: Portal CidadeVerde.<br \/>\nConfira esta e outras mat\u00e9rias na \u00edntegra pelo link: https:\/\/cidadeverde.com\/noticias\/444543\/camara-aprova-projeto-que-retoma-o-despacho-gratuito-de-bagagem-de-ate-23-kg<\/p>\n","protected":false},"excerpt":{"rendered":"<p>A C\u00e2mara dos Deputados aprovou nesta ter\u00e7a-feira (28) o projeto de lei que restabelece o despacho gratuito de bagagens de at\u00e9 23 kg em voos nacionais e internacionais operados no pa\u00eds. O texto, que altera o C\u00f3digo Brasileiro de Aeron\u00e1utica, segue agora para an\u00e1lise do Senado. A retomada da gratuidade consta de uma emenda apresentada [&hellip;]<\/p>\n","protected":false},"author":3,"featured_media":11878,"comment_status":"open","ping_status":"open","sticky":false,"template":"","format":"standard","meta":{"om_disable_all_campaigns":false,"_monsterinsights_skip_tracking":false,"_monsterinsights_sitenote_active":false,"_monsterinsights_sitenote_note":"","_monsterinsights_sitenote_category":0,"footnotes":""},"categories":[47],"tags":[],"class_list":["post-11877","post","type-post","status-publish","format-standard","has-post-thumbnail","hentry","category-nacionais"],"jetpack_featured_media_url":"https:\/\/fatoelado.com\/wp-content\/uploads\/2025\/10\/turista-bagagem-mala-mochila-viagem-scaled.jpg","_links":{"self":[{"href":"https:\/\/fatoelado.com\/index.php?rest_route=\/wp\/v2\/posts\/11877","targetHints":{"allow":["GET"]}}],"collection":[{"href":"https:\/\/fatoelado.com\/index.php?rest_route=\/wp\/v2\/posts"}],"about":[{"href":"https:\/\/fatoelado.com\/index.php?rest_route=\/wp\/v2\/types\/post"}],"author":[{"embeddable":true,"href":"https:\/\/fatoelado.com\/index.php?rest_route=\/wp\/v2\/users\/3"}],"replies":[{"embeddable":true,"href":"https:\/\/fatoelado.com\/index.php?rest_route=%2Fwp%2Fv2%2Fcomments&post=11877"}],"version-history":[{"count":1,"href":"https:\/\/fatoelado.com\/index.php?rest_route=\/wp\/v2\/posts\/11877\/revisions"}],"predecessor-version":[{"id":11879,"href":"https:\/\/fatoelado.com\/index.php?rest_route=\/wp\/v2\/posts\/11877\/revisions\/11879"}],"wp:featuredmedia":[{"embeddable":true,"href":"https:\/\/fatoelado.com\/index.php?rest_route=\/wp\/v2\/media\/11878"}],"wp:attachment":[{"href":"https:\/\/fatoelado.com\/index.php?rest_route=%2Fwp%2Fv2%2Fmedia&parent=11877"}],"wp:term":[{"taxonomy":"category","embeddable":true,"href":"https:\/\/fatoelado.com\/index.php?rest_route=%2Fwp%2Fv2%2Fcategories&post=11877"},{"taxonomy":"post_tag","embeddable":true,"href":"https:\/\/fatoelado.com\/index.php?rest_route=%2Fwp%2Fv2%2Ftags&post=11877"}],"curies":[{"name":"wp","href":"https:\/\/api.w.org\/{rel}","templated":true}]}}