{"id":11868,"date":"2025-10-29T14:54:11","date_gmt":"2025-10-29T17:54:11","guid":{"rendered":"https:\/\/fatoelado.com\/?p=11868"},"modified":"2025-10-29T14:54:33","modified_gmt":"2025-10-29T17:54:33","slug":"11868","status":"publish","type":"post","link":"https:\/\/fatoelado.com\/?p=11868","title":{"rendered":"Gr\u00eamio recebe ta\u00e7a da Supercopa do Brasil ap\u00f3s 35 anos de espera"},"content":{"rendered":"<div>\n<h2 class=\"article-subtitle\" style=\"text-align: center;\">Em cerim\u00f4nia na Arena do Gr\u00eamio, CBF entrega ao clube ga\u00facho o trof\u00e9u da conquista de 1990, em uma repara\u00e7\u00e3o hist\u00f3rica que reuniu ex-jogadores e \u00eddolos do Tricolor<\/h2>\n<p>&nbsp;<\/p>\n<\/div>\n<div class=\"article-image-featured\"><img decoding=\"async\" class=\"i-amphtml-fill-content i-amphtml-replaced-content\" src=\"https:\/\/www.meionews.com\/uploads\/imagens\/2025\/10\/29\/ex-atletas-do-gremio-receberam-taca-da-supercopa-do-brasil-conquistada-em-1990--1f22d7daf9339610.jpg\" alt=\"Ex-atletas do Gr\u00eamio receberam ta\u00e7a da Supercopa do Brasil, conquistada em 1990 | Reprodu\u00e7\u00e3o\" data-amp-loading=\"lazy\" \/><small>Ex-atletas do Gr\u00eamio receberam ta\u00e7a da Supercopa do Brasil, conquistada em 1990 | Foto: Reprodu\u00e7\u00e3o<\/small><\/div>\n<div class=\"article-html\">\n<div class=\"article-html-more\">\n<article data-scroll-anchor=\"true\" data-testid=\"conversation-turn-184\" data-turn=\"assistant\" data-turn-id=\"09ecd4b6-e99c-4f40-bfbc-39dcf34f22c5\">O\u00a0<strong data-end=\"343\" data-start=\"333\">Gr\u00eamio<\/strong>\u00a0finalmente recebeu, nesta quarta-feira (27), a\u00a0<strong data-end=\"430\" data-start=\"391\">ta\u00e7a da Supercopa do Brasil de 1990<\/strong>, 35 anos ap\u00f3s a conquista in\u00e9dita. A cerim\u00f4nia, realizada na\u00a0<strong data-end=\"511\" data-start=\"492\">Arena do Gr\u00eamio<\/strong>,\u00a0<strong>contou com a presen\u00e7a do presidente da CBF, Samir Xaud,<\/strong>\u00a0que entregou o trof\u00e9u aos ex-jogadores respons\u00e1veis pela vit\u00f3ria hist\u00f3rica, al\u00e9m de nomes marcantes como\u00a0<strong data-end=\"715\" data-start=\"682\">Luiz Felipe Scolari (Felip\u00e3o)<\/strong>\u00a0e dirigentes do clube. A entrega encerra uma longa espera por reconhecimento oficial e \u00e9 vista como um gesto de\u00a0<strong data-end=\"851\" data-start=\"828\">repara\u00e7\u00e3o hist\u00f3rica<\/strong>.<strong><em><span class=\"highlight\">\u201cMais uma a\u00e7\u00e3o desse novo modelo de gest\u00e3o. Mudan\u00e7as importantes para o futebol brasileiro como um todo e tamb\u00e9m as repara\u00e7\u00f5es hist\u00f3ricas que ficaram para tr\u00e1s. Come\u00e7amos l\u00e1 com o Coritiba e hoje estamos aqui com o Gr\u00eamio, 35 anos ap\u00f3s, entregando uma ta\u00e7a devida\u201d<\/span><\/em><\/strong>, destacou Samir Xaud, presidente da CBF.<\/p>\n<h3 data-end=\"1203\" data-start=\"1168\">Relembrando a conquista de 1990<\/h3>\n<p>O t\u00edtulo da\u00a0<strong data-end=\"1240\" data-start=\"1217\">Supercopa do Brasil<\/strong>\u00a0foi disputado entre o\u00a0<strong data-end=\"1273\" data-start=\"1263\">Gr\u00eamio<\/strong>, campe\u00e3o da\u00a0<strong data-end=\"1312\" data-start=\"1286\">Copa do Brasil de 1989<\/strong>, e o\u00a0<strong data-end=\"1335\" data-start=\"1318\">Vasco da Gama<\/strong>, campe\u00e3o brasileiro do mesmo ano. Na partida de ida, no est\u00e1dio Ol\u00edmpico, o Tricolor venceu por\u00a0<strong data-end=\"1441\" data-start=\"1432\">2 a 0<\/strong>, com gols de\u00a0<strong data-end=\"1465\" data-start=\"1455\">Nilson<\/strong>\u00a0e\u00a0<strong data-end=\"1477\" data-start=\"1468\">Darci<\/strong>. No jogo de volta, em S\u00e3o Janu\u00e1rio, a equipe ga\u00facha segurou o empate em\u00a0<strong data-end=\"1559\" data-start=\"1550\">0 a 0<\/strong>, garantindo a ta\u00e7a de forma invicta.<\/p>\n<p>Curiosamente, a entrega oficial do trof\u00e9u n\u00e3o aconteceu na \u00e9poca. Devido ao\u00a0<strong data-end=\"1699\" data-start=\"1676\">calend\u00e1rio apertado<\/strong>\u00a0e \u00e0 coincid\u00eancia dos confrontos com jogos da\u00a0<strong data-end=\"1761\" data-start=\"1745\">Libertadores<\/strong>,<strong>\u00a0os duelos foram utilizados como v\u00e1lidos para as duas competi\u00e7\u00f5es.\u00a0<\/strong>A aus\u00eancia de premia\u00e7\u00e3o teria ocorrido por\u00a0<strong data-end=\"1942\" data-start=\"1872\">diverg\u00eancias entre empresas detentoras dos direitos de transmiss\u00e3o<\/strong>, o que deixou o t\u00edtulo sem cerim\u00f4nia oficial por mais de tr\u00eas d\u00e9cadas.<\/p>\n<div class=\"dimg\"><img class=\"i-amphtml-intrinsic-sizer\" role=\"presentation\" width=\"984px\" \/>&#8221; alt=&#8221;&#8221; aria-hidden=&#8221;true&#8221; \/&gt;<img decoding=\"async\" class=\"i-amphtml-fill-content i-amphtml-replaced-content\" src=\"https:\/\/www.meionews.com\/uploads\/imagens\/2025\/10\/29\/gremio-recebe-taca-da-supercopa-do-brasil-apos-35-anos-de-espera--97d5925397b737a3.jpg\" alt=\"Ta\u00e7a da Supercopa do Brasil de 1990 foi entregue ao Gr\u00eamio nesta quarta-feira \u2014 Foto: CBF \/ Divulga\u00e7\u00e3o\u00a0\" data-amp-loading=\"lazy\" \/><\/div>\n<p><span class=\"fr-inner\">Ta\u00e7a da Supercopa do Brasil de 1990 foi entregue ao Gr\u00eamio nesta quarta-feira \u2014 Foto: CBF \/ Divulga\u00e7\u00e3o\u00a0<\/span><\/p>\n<h3 data-end=\"2056\" data-start=\"2020\">Reconhecimento e emo\u00e7\u00e3o na Arena<\/h3>\n<p>Durante o evento, o clima foi de emo\u00e7\u00e3o e nostalgia entre os presentes. Ex-jogadores como\u00a0<strong data-end=\"2245\" data-start=\"2148\">Mazaropi, Luis Eduardo, Ion, Wolnei Caio, Fabio Lucio, Vilson, Jo\u00e3o Ant\u00f4nio, Geverton e Darci<\/strong>\u00a0receberam homenagens e relembraram a campanha vitoriosa que colocou o Gr\u00eamio como\u00a0<strong data-end=\"2371\" data-start=\"2328\">primeiro campe\u00e3o da Supercopa do Brasil<\/strong>.<\/p>\n<p>O presidente do clube,\u00a0<strong data-end=\"2417\" data-start=\"2399\">Alberto Guerra<\/strong>, destacou a import\u00e2ncia simb\u00f3lica do momento para a torcida e para a hist\u00f3ria gremista.<\/p>\n<p><strong><em><span class=\"highlight\">\u201cFoi muito emotivo, eu estava no Ol\u00edmpico. Os gremistas se orgulham muito de ser o primeiro campe\u00e3o da Copa do Brasil e o primeiro supercampe\u00e3o. Estava faltando essa ta\u00e7a. Me lembro da volta ol\u00edmpica em S\u00e3o Janu\u00e1rio sem trof\u00e9u\u201d<\/span><\/em><\/strong>, afirmou.<\/p>\n<p>&nbsp;<\/p>\n<div class=\"dimg\"><img class=\"i-amphtml-intrinsic-sizer\" role=\"presentation\" width=\"984px\" \/>&#8221; alt=&#8221;&#8221; aria-hidden=&#8221;true&#8221; \/&gt;<img decoding=\"async\" class=\"i-amphtml-fill-content i-amphtml-replaced-content\" src=\"https:\/\/www.meionews.com\/uploads\/imagens\/2025\/10\/29\/gremio-recebe-taca-da-supercopa-do-brasil-apos-35-anos-de-espera--69a6d292f6d5585c.jpg\" alt=\"Detalhe da ta\u00e7a da Supercopa do Brasil que foi entregue ao Gr\u00eamio \u2014 Foto: CBF \/ Divulga\u00e7\u00e3o\u00a0\" data-amp-loading=\"lazy\" \/><\/div>\n<p><span class=\"fr-inner\">Detalhe da ta\u00e7a da Supercopa do Brasil que foi entregue ao Gr\u00eamio \u2014 Foto: CBF \/ Divulga\u00e7\u00e3o\u00a0<\/span><\/p>\n<h3 data-end=\"2782\" data-start=\"2752\">Felip\u00e3o e \u00eddolos presentes<\/h3>\n<p>Al\u00e9m de Samir Xaud e Alberto Guerra, a solenidade contou com a presen\u00e7a de figuras marcantes da trajet\u00f3ria gremista, como o t\u00e9cnico\u00a0<strong data-end=\"2939\" data-start=\"2916\">Luiz Felipe Scolari<\/strong>, o coordenador t\u00e9cnico do clube,\u00a0<strong>e o ex-presidente\u00a0<\/strong><strong data-end=\"3006\" data-start=\"2991\">Paulo Odone<\/strong>, que comandava o Gr\u00eamio \u00e0 \u00e9poca da conquista. Tamb\u00e9m participaram os vice-presidentes\u00a0<strong data-end=\"3113\" data-start=\"3093\">Eduardo Magrisso<\/strong>\u00a0e\u00a0<strong data-end=\"3138\" data-start=\"3116\">Jos\u00e9 Carlos Duarte<\/strong>, o executivo de futebol\u00a0<strong data-end=\"3185\" data-start=\"3163\">Luis Vagner Vivian<\/strong>\u00a0e o presidente da\u00a0<strong data-end=\"3235\" data-start=\"3204\">Federa\u00e7\u00e3o Ga\u00facha de Futebol<\/strong>,\u00a0<strong data-end=\"3256\" data-start=\"3237\">Luciano Hocsman<\/strong>.<\/p>\n<\/article>\n<p>&nbsp;<\/p>\n<p>Fonte: Portal MeioNews.<br \/>\nConfira esta e outras mat\u00e9rias na \u00edntegra pelo link: https:\/\/www.meionews.com\/esportes\/gremio-recebe-taca-da-supercopa-do-brasil-apos-35-anos-de-espera-545519<\/p>\n<\/div>\n<\/div>\n","protected":false},"excerpt":{"rendered":"<p>Em cerim\u00f4nia na Arena do Gr\u00eamio, CBF entrega ao clube ga\u00facho o trof\u00e9u da conquista de 1990, em uma repara\u00e7\u00e3o hist\u00f3rica que reuniu ex-jogadores e \u00eddolos do Tricolor &nbsp; Ex-atletas do Gr\u00eamio receberam ta\u00e7a da Supercopa do Brasil, conquistada em 1990 | Foto: Reprodu\u00e7\u00e3o O\u00a0Gr\u00eamio\u00a0finalmente recebeu, nesta quarta-feira (27), a\u00a0ta\u00e7a da Supercopa do Brasil de [&hellip;]<\/p>\n","protected":false},"author":3,"featured_media":11869,"comment_status":"open","ping_status":"open","sticky":false,"template":"","format":"standard","meta":{"om_disable_all_campaigns":false,"_monsterinsights_skip_tracking":false,"_monsterinsights_sitenote_active":false,"_monsterinsights_sitenote_note":"","_monsterinsights_sitenote_category":0,"footnotes":""},"categories":[48],"tags":[],"class_list":["post-11868","post","type-post","status-publish","format-standard","has-post-thumbnail","hentry","category-esportes"],"jetpack_featured_media_url":"https:\/\/fatoelado.com\/wp-content\/uploads\/2025\/10\/ex-atletas-do-gremio-receberam-taca-da-supercopa-do-brasil-conquistada-em-1990-1f22d7daf9339610.jpg","_links":{"self":[{"href":"https:\/\/fatoelado.com\/index.php?rest_route=\/wp\/v2\/posts\/11868","targetHints":{"allow":["GET"]}}],"collection":[{"href":"https:\/\/fatoelado.com\/index.php?rest_route=\/wp\/v2\/posts"}],"about":[{"href":"https:\/\/fatoelado.com\/index.php?rest_route=\/wp\/v2\/types\/post"}],"author":[{"embeddable":true,"href":"https:\/\/fatoelado.com\/index.php?rest_route=\/wp\/v2\/users\/3"}],"replies":[{"embeddable":true,"href":"https:\/\/fatoelado.com\/index.php?rest_route=%2Fwp%2Fv2%2Fcomments&post=11868"}],"version-history":[{"count":2,"href":"https:\/\/fatoelado.com\/index.php?rest_route=\/wp\/v2\/posts\/11868\/revisions"}],"predecessor-version":[{"id":11871,"href":"https:\/\/fatoelado.com\/index.php?rest_route=\/wp\/v2\/posts\/11868\/revisions\/11871"}],"wp:featuredmedia":[{"embeddable":true,"href":"https:\/\/fatoelado.com\/index.php?rest_route=\/wp\/v2\/media\/11869"}],"wp:attachment":[{"href":"https:\/\/fatoelado.com\/index.php?rest_route=%2Fwp%2Fv2%2Fmedia&parent=11868"}],"wp:term":[{"taxonomy":"category","embeddable":true,"href":"https:\/\/fatoelado.com\/index.php?rest_route=%2Fwp%2Fv2%2Fcategories&post=11868"},{"taxonomy":"post_tag","embeddable":true,"href":"https:\/\/fatoelado.com\/index.php?rest_route=%2Fwp%2Fv2%2Ftags&post=11868"}],"curies":[{"name":"wp","href":"https:\/\/api.w.org\/{rel}","templated":true}]}}