{"id":11685,"date":"2025-10-25T14:27:19","date_gmt":"2025-10-25T17:27:19","guid":{"rendered":"https:\/\/fatoelado.com\/?p=11685"},"modified":"2025-10-25T14:27:19","modified_gmt":"2025-10-25T17:27:19","slug":"praca-ramon-neto-e-inaugurada-e-integra-complexo-cultural-em-bom-jesus","status":"publish","type":"post","link":"https:\/\/fatoelado.com\/?p=11685","title":{"rendered":"Pra\u00e7a Ram\u00f3n Neto \u00e9 inaugurada e integra complexo cultural em Bom Jesus"},"content":{"rendered":"<h2 class=\"elementor-heading-title elementor-size-default\" style=\"text-align: center;\">A inaugura\u00e7\u00e3o foi realizada pelo governador Rafael Fonteles neste s\u00e1bado (25).<\/h2>\n<p>&nbsp;<\/p>\n<p>Em agenda na cidade de Bom Jesus neste s\u00e1bado (25), o governador Rafael Fonteles oficializou a abertura da Pra\u00e7a Cultural Ram\u00f3n Neto, no bairro S\u00e3o Pedro. Viabilizado com recursos do Programa Nacional Aldir Blanc (PNAB) e coordenado pela Secretaria de Estado da Cultura (Secult), o espa\u00e7o recebeu mais de R$ 1 milh\u00e3o em investimentos.<\/p>\n<figure id=\"attachment_94389\" class=\"wp-caption alignnone\" aria-describedby=\"caption-attachment-94389\"><img loading=\"lazy\" decoding=\"async\" class=\"wp-image-94389 size-full\" src=\"https:\/\/www.pi.gov.br\/wp-content\/uploads\/2025\/10\/Praca-Bom-Jesus-5.jpg\" sizes=\"auto, (max-width: 1600px) 100vw, 1600px\" srcset=\"https:\/\/www.pi.gov.br\/wp-content\/uploads\/2025\/10\/Praca-Bom-Jesus-5.jpg 1600w, https:\/\/www.pi.gov.br\/wp-content\/uploads\/2025\/10\/Praca-Bom-Jesus-5-300x200.jpg 300w, https:\/\/www.pi.gov.br\/wp-content\/uploads\/2025\/10\/Praca-Bom-Jesus-5-1024x682.jpg 1024w, https:\/\/www.pi.gov.br\/wp-content\/uploads\/2025\/10\/Praca-Bom-Jesus-5-768x512.jpg 768w, https:\/\/www.pi.gov.br\/wp-content\/uploads\/2025\/10\/Praca-Bom-Jesus-5-1536x1023.jpg 1536w\" alt=\"\" width=\"1600\" height=\"1066\" \/><figcaption id=\"caption-attachment-94389\" class=\"wp-caption-text\">Foto : Jo\u00e3o Albert<\/figcaption><\/figure>\n<p>A nova pra\u00e7a revitaliza uma \u00e1rea antes degradada, tornando-se um ambiente moderno, acess\u00edvel e integrado ao Teatro Alard e ao Centro Cultural Mestre Joaquim Carlota. \u201cVai refor\u00e7ar um belo complexo cultural. Queremos garantir uma frequ\u00eancia de espet\u00e1culos, recitais, teatro, m\u00fasica, com recursos do Siec e do pr\u00f3prio estado\u201d, citou o governador.<\/p>\n<figure id=\"attachment_94386\" class=\"wp-caption alignnone\" aria-describedby=\"caption-attachment-94386\"><img loading=\"lazy\" decoding=\"async\" class=\"wp-image-94386 size-full\" src=\"https:\/\/www.pi.gov.br\/wp-content\/uploads\/2025\/10\/Praca-Bom-Jesus-2.jpg\" sizes=\"auto, (max-width: 1600px) 100vw, 1600px\" srcset=\"https:\/\/www.pi.gov.br\/wp-content\/uploads\/2025\/10\/Praca-Bom-Jesus-2.jpg 1600w, https:\/\/www.pi.gov.br\/wp-content\/uploads\/2025\/10\/Praca-Bom-Jesus-2-300x200.jpg 300w, https:\/\/www.pi.gov.br\/wp-content\/uploads\/2025\/10\/Praca-Bom-Jesus-2-1024x682.jpg 1024w, https:\/\/www.pi.gov.br\/wp-content\/uploads\/2025\/10\/Praca-Bom-Jesus-2-768x512.jpg 768w, https:\/\/www.pi.gov.br\/wp-content\/uploads\/2025\/10\/Praca-Bom-Jesus-2-1536x1023.jpg 1536w\" alt=\"\" width=\"1600\" height=\"1066\" \/><figcaption id=\"caption-attachment-94386\" class=\"wp-caption-text\">Foto : Jo\u00e3o Albert<\/figcaption><\/figure>\n<p>Para construir a pra\u00e7a foi necess\u00e1rio o investimento em uma obra de drenagem, eliminando um grot\u00e3o que incomodava a comunidade. O cen\u00e1rio agora mudou totalmente e impacta positivamente na autoestima dos moradores. \u201cAqui v\u00e3o circular pe\u00e7as teatrais, infantis, atra\u00e7\u00f5es culturais diversas\u201d, acrescentou o secret\u00e1rio da Cultura, Rodrigo Amorim.<\/p>\n<figure id=\"attachment_94385\" class=\"wp-caption alignnone\" aria-describedby=\"caption-attachment-94385\"><img loading=\"lazy\" decoding=\"async\" class=\"wp-image-94385 size-full\" src=\"https:\/\/www.pi.gov.br\/wp-content\/uploads\/2025\/10\/Praca-Bom-Jesus-1.jpg\" sizes=\"auto, (max-width: 1600px) 100vw, 1600px\" srcset=\"https:\/\/www.pi.gov.br\/wp-content\/uploads\/2025\/10\/Praca-Bom-Jesus-1.jpg 1600w, https:\/\/www.pi.gov.br\/wp-content\/uploads\/2025\/10\/Praca-Bom-Jesus-1-300x200.jpg 300w, https:\/\/www.pi.gov.br\/wp-content\/uploads\/2025\/10\/Praca-Bom-Jesus-1-1024x682.jpg 1024w, https:\/\/www.pi.gov.br\/wp-content\/uploads\/2025\/10\/Praca-Bom-Jesus-1-768x512.jpg 768w, https:\/\/www.pi.gov.br\/wp-content\/uploads\/2025\/10\/Praca-Bom-Jesus-1-1536x1023.jpg 1536w\" alt=\"\" width=\"1600\" height=\"1066\" \/><figcaption id=\"caption-attachment-94385\" class=\"wp-caption-text\">Foto : Jo\u00e3o Albert<\/figcaption><\/figure>\n<p>Neste s\u00e1bado, Rafael fez outras entregas em Bom Jesus, incluindo a reforma e amplia\u00e7\u00e3o do campus da Uespi, melhorias no Centro de Ensino de Tempo Integral (Ceti) Franklin D\u00f3ria, e o asfaltamento de ruas. A agenda foi conclu\u00edda com a condu\u00e7\u00e3o da plen\u00e1ria da 11\u00aa edi\u00e7\u00e3o do Di\u00e1logos pelo Piau\u00ed, direcionada ao Territ\u00f3rio de Desenvolvimento Chapada das Mangabeiras.<\/p>\n","protected":false},"excerpt":{"rendered":"<p>A inaugura\u00e7\u00e3o foi realizada pelo governador Rafael Fonteles neste s\u00e1bado (25). &nbsp; Em agenda na cidade de Bom Jesus neste s\u00e1bado (25), o governador Rafael Fonteles oficializou a abertura da Pra\u00e7a Cultural Ram\u00f3n Neto, no bairro S\u00e3o Pedro. Viabilizado com recursos do Programa Nacional Aldir Blanc (PNAB) e coordenado pela Secretaria de Estado da Cultura [&hellip;]<\/p>\n","protected":false},"author":3,"featured_media":11686,"comment_status":"open","ping_status":"open","sticky":false,"template":"","format":"standard","meta":{"om_disable_all_campaigns":false,"_monsterinsights_skip_tracking":false,"_monsterinsights_sitenote_active":false,"_monsterinsights_sitenote_note":"","_monsterinsights_sitenote_category":0,"footnotes":""},"categories":[33,30],"tags":[],"class_list":["post-11685","post","type-post","status-publish","format-standard","has-post-thumbnail","hentry","category-piaui","category-politica"],"jetpack_featured_media_url":"https:\/\/fatoelado.com\/wp-content\/uploads\/2025\/10\/Praca-Bom-Jesus-1.jpg","_links":{"self":[{"href":"https:\/\/fatoelado.com\/index.php?rest_route=\/wp\/v2\/posts\/11685","targetHints":{"allow":["GET"]}}],"collection":[{"href":"https:\/\/fatoelado.com\/index.php?rest_route=\/wp\/v2\/posts"}],"about":[{"href":"https:\/\/fatoelado.com\/index.php?rest_route=\/wp\/v2\/types\/post"}],"author":[{"embeddable":true,"href":"https:\/\/fatoelado.com\/index.php?rest_route=\/wp\/v2\/users\/3"}],"replies":[{"embeddable":true,"href":"https:\/\/fatoelado.com\/index.php?rest_route=%2Fwp%2Fv2%2Fcomments&post=11685"}],"version-history":[{"count":1,"href":"https:\/\/fatoelado.com\/index.php?rest_route=\/wp\/v2\/posts\/11685\/revisions"}],"predecessor-version":[{"id":11687,"href":"https:\/\/fatoelado.com\/index.php?rest_route=\/wp\/v2\/posts\/11685\/revisions\/11687"}],"wp:featuredmedia":[{"embeddable":true,"href":"https:\/\/fatoelado.com\/index.php?rest_route=\/wp\/v2\/media\/11686"}],"wp:attachment":[{"href":"https:\/\/fatoelado.com\/index.php?rest_route=%2Fwp%2Fv2%2Fmedia&parent=11685"}],"wp:term":[{"taxonomy":"category","embeddable":true,"href":"https:\/\/fatoelado.com\/index.php?rest_route=%2Fwp%2Fv2%2Fcategories&post=11685"},{"taxonomy":"post_tag","embeddable":true,"href":"https:\/\/fatoelado.com\/index.php?rest_route=%2Fwp%2Fv2%2Ftags&post=11685"}],"curies":[{"name":"wp","href":"https:\/\/api.w.org\/{rel}","templated":true}]}}