{"id":11501,"date":"2025-10-22T14:05:27","date_gmt":"2025-10-22T17:05:27","guid":{"rendered":"https:\/\/fatoelado.com\/?p=11501"},"modified":"2025-10-22T14:05:27","modified_gmt":"2025-10-22T17:05:27","slug":"rafael-fonteles-articula-adesao-do-piaui-a-programas-federais-de-fomento-ao-empreendedorismo","status":"publish","type":"post","link":"https:\/\/fatoelado.com\/?p=11501","title":{"rendered":"Rafael Fonteles articula ades\u00e3o do Piau\u00ed a programas federais de fomento ao empreendedorismo"},"content":{"rendered":"<h2 class=\"elementor-heading-title elementor-size-default\" style=\"text-align: center;\">Entre as pautas discutidas, destacou-se o Programa Contrata+Brasil.<\/h2>\n<p>&nbsp;<\/p>\n<p>O governador Rafael Fonteles cumpre, nesta quarta-feira (22), agenda em Bras\u00edlia voltada ao fortalecimento do empreendedorismo e \u00e0 amplia\u00e7\u00e3o de oportunidades para micro e pequenos neg\u00f3cios. Ele se reuniu com o ministro do Empreendedorismo, da Microempresa e da Empresa de Pequeno Porte, M\u00e1rcio Fran\u00e7a, para tratar da ades\u00e3o do Piau\u00ed aos programas federais voltados ao incentivo e \u00e0 qualifica\u00e7\u00e3o de empreendedores.<\/p>\n<p>Entre as pautas discutidas, destacou-se o Contrata+Brasil, plataforma inovadora criada pelo Governo Federal para facilitar as contrata\u00e7\u00f5es p\u00fablicas e ampliar as oportunidades para microempreendedores individuais (MEIs) e pequenas empresas.<\/p>\n<figure id=\"attachment_93435\" class=\"wp-caption alignnone\" aria-describedby=\"caption-attachment-93435\"><img loading=\"lazy\" decoding=\"async\" class=\"wp-image-93435 size-full\" src=\"https:\/\/www.pi.gov.br\/wp-content\/uploads\/2025\/10\/Audiencia-com-Marcio-Franca-ministro-da-Microempresa-e-da-Empresa-de-Pequeno-Porte4-e1761150055585.jpeg\" sizes=\"auto, (max-width: 1600px) 100vw, 1600px\" srcset=\"https:\/\/www.pi.gov.br\/wp-content\/uploads\/2025\/10\/Audiencia-com-Marcio-Franca-ministro-da-Microempresa-e-da-Empresa-de-Pequeno-Porte4-e1761150055585.jpeg 1600w, https:\/\/www.pi.gov.br\/wp-content\/uploads\/2025\/10\/Audiencia-com-Marcio-Franca-ministro-da-Microempresa-e-da-Empresa-de-Pequeno-Porte4-e1761150055585-300x159.jpeg 300w, https:\/\/www.pi.gov.br\/wp-content\/uploads\/2025\/10\/Audiencia-com-Marcio-Franca-ministro-da-Microempresa-e-da-Empresa-de-Pequeno-Porte4-e1761150055585-1024x544.jpeg 1024w, https:\/\/www.pi.gov.br\/wp-content\/uploads\/2025\/10\/Audiencia-com-Marcio-Franca-ministro-da-Microempresa-e-da-Empresa-de-Pequeno-Porte4-e1761150055585-768x408.jpeg 768w, https:\/\/www.pi.gov.br\/wp-content\/uploads\/2025\/10\/Audiencia-com-Marcio-Franca-ministro-da-Microempresa-e-da-Empresa-de-Pequeno-Porte4-e1761150055585-1536x816.jpeg 1536w\" alt=\"\" width=\"1600\" height=\"850\" \/><figcaption id=\"caption-attachment-93435\" class=\"wp-caption-text\">Audi\u00eancia com M\u00e1rcio Fran\u00e7a, ministro da Microempresa e da Empresa de Pequeno Porte (Foto: Renato Braga)<\/figcaption><\/figure>\n<p>\u201cO Piau\u00ed est\u00e1 querendo fazer parte desses projetos do minist\u00e9rio para levar cr\u00e9dito aos pequenos empreendedores e qualific\u00e1-los junto com a Universidade Federal do Piau\u00ed. O Contrata+Brasil \u00e9 uma novidade impressionante do governo Lula, que facilita a contrata\u00e7\u00e3o de micro e pequenos empreendedores para presta\u00e7\u00e3o de servi\u00e7os aos \u00f3rg\u00e3os p\u00fablicos. Estamos aderindo a todos os programas do minist\u00e9rio e quero agradecer ao ministro pelo trabalho junto com o nosso presidente\u201d, afirmou Rafael Fonteles.<\/p>\n<p>Presente no encontro, a reitora da Universidade Federal do Piau\u00ed (Ufpi), Nadir Nogueira, refor\u00e7ou a parceria entre os governos e a institui\u00e7\u00e3o para impulsionar a forma\u00e7\u00e3o e a capacita\u00e7\u00e3o de empreendedores. \u201cEstamos juntos. A Ufpi est\u00e1 pronta para essa qualifica\u00e7\u00e3o, para essa transforma\u00e7\u00e3o e para dialogar com as demandas do Estado do Piau\u00ed em parceria com o governo\u201d, destacou a reitora.<\/p>\n<figure id=\"attachment_93436\" class=\"wp-caption alignnone\" aria-describedby=\"caption-attachment-93436\"><img loading=\"lazy\" decoding=\"async\" class=\"wp-image-93436 size-full\" src=\"https:\/\/www.pi.gov.br\/wp-content\/uploads\/2025\/10\/Audiencia-com-Marcio-Franca-ministro-da-Microempresa-e-da-Empresa-de-Pequeno-Porte2.jpeg\" sizes=\"auto, (max-width: 1600px) 100vw, 1600px\" srcset=\"https:\/\/www.pi.gov.br\/wp-content\/uploads\/2025\/10\/Audiencia-com-Marcio-Franca-ministro-da-Microempresa-e-da-Empresa-de-Pequeno-Porte2.jpeg 1600w, https:\/\/www.pi.gov.br\/wp-content\/uploads\/2025\/10\/Audiencia-com-Marcio-Franca-ministro-da-Microempresa-e-da-Empresa-de-Pequeno-Porte2-300x200.jpeg 300w, https:\/\/www.pi.gov.br\/wp-content\/uploads\/2025\/10\/Audiencia-com-Marcio-Franca-ministro-da-Microempresa-e-da-Empresa-de-Pequeno-Porte2-1024x682.jpeg 1024w, https:\/\/www.pi.gov.br\/wp-content\/uploads\/2025\/10\/Audiencia-com-Marcio-Franca-ministro-da-Microempresa-e-da-Empresa-de-Pequeno-Porte2-768x512.jpeg 768w, https:\/\/www.pi.gov.br\/wp-content\/uploads\/2025\/10\/Audiencia-com-Marcio-Franca-ministro-da-Microempresa-e-da-Empresa-de-Pequeno-Porte2-1536x1023.jpeg 1536w\" alt=\"\" width=\"1600\" height=\"1066\" \/><figcaption id=\"caption-attachment-93436\" class=\"wp-caption-text\">Audi\u00eancia com M\u00e1rcio Fran\u00e7a, ministro da Microempresa e da Empresa de Pequeno Porte (Foto: Renato Braga)<\/figcaption><\/figure>\n<p>O ministro M\u00e1rcio Fran\u00e7a elogiou o avan\u00e7o do Piau\u00ed em pol\u00edticas de digitaliza\u00e7\u00e3o e moderniza\u00e7\u00e3o administrativa, ressaltando o papel do estado como refer\u00eancia para o pa\u00eds.<br \/>\n\u201cO Piau\u00ed \u00e9 um grande exemplo de digitaliza\u00e7\u00e3o e moderniza\u00e7\u00e3o. Queremos estar juntos nessa revolu\u00e7\u00e3o. Nosso objetivo \u00e9 fazer com que o empreendedor tenha mais cr\u00e9dito, com juros mais baixos, para gerar emprego e crescer com seus neg\u00f3cios, com a ajuda do governo federal e do governo do estado\u201d, disse o ministro.<\/p>\n<p>O Contrata+Brasil tem como objetivo ampliar a participa\u00e7\u00e3o de micro e pequenas empresas nas compras governamentais, simplificando o processo de contrata\u00e7\u00e3o p\u00fablica e conectando, de forma r\u00e1pida e transparente, as demandas dos \u00f3rg\u00e3os p\u00fablicos a fornecedores locais.<\/p>\n<figure id=\"attachment_93438\" class=\"wp-caption alignnone\" aria-describedby=\"caption-attachment-93438\"><img loading=\"lazy\" decoding=\"async\" class=\"wp-image-93438 size-full\" src=\"https:\/\/www.pi.gov.br\/wp-content\/uploads\/2025\/10\/Audiencia-com-Marcio-Franca-ministro-da-Microempresa-e-da-Empresa-de-Pequeno-Porte3.jpeg\" sizes=\"auto, (max-width: 1600px) 100vw, 1600px\" srcset=\"https:\/\/www.pi.gov.br\/wp-content\/uploads\/2025\/10\/Audiencia-com-Marcio-Franca-ministro-da-Microempresa-e-da-Empresa-de-Pequeno-Porte3.jpeg 1600w, https:\/\/www.pi.gov.br\/wp-content\/uploads\/2025\/10\/Audiencia-com-Marcio-Franca-ministro-da-Microempresa-e-da-Empresa-de-Pequeno-Porte3-300x200.jpeg 300w, https:\/\/www.pi.gov.br\/wp-content\/uploads\/2025\/10\/Audiencia-com-Marcio-Franca-ministro-da-Microempresa-e-da-Empresa-de-Pequeno-Porte3-1024x682.jpeg 1024w, https:\/\/www.pi.gov.br\/wp-content\/uploads\/2025\/10\/Audiencia-com-Marcio-Franca-ministro-da-Microempresa-e-da-Empresa-de-Pequeno-Porte3-768x512.jpeg 768w, https:\/\/www.pi.gov.br\/wp-content\/uploads\/2025\/10\/Audiencia-com-Marcio-Franca-ministro-da-Microempresa-e-da-Empresa-de-Pequeno-Porte3-1536x1023.jpeg 1536w\" alt=\"\" width=\"1600\" height=\"1066\" \/><figcaption id=\"caption-attachment-93438\" class=\"wp-caption-text\">Audi\u00eancia com M\u00e1rcio Fran\u00e7a, ministro da Microempresa e da Empresa de Pequeno Porte (Foto: Renato Braga)<\/figcaption><\/figure>\n","protected":false},"excerpt":{"rendered":"<p>Entre as pautas discutidas, destacou-se o Programa Contrata+Brasil. &nbsp; O governador Rafael Fonteles cumpre, nesta quarta-feira (22), agenda em Bras\u00edlia voltada ao fortalecimento do empreendedorismo e \u00e0 amplia\u00e7\u00e3o de oportunidades para micro e pequenos neg\u00f3cios. Ele se reuniu com o ministro do Empreendedorismo, da Microempresa e da Empresa de Pequeno Porte, M\u00e1rcio Fran\u00e7a, para tratar [&hellip;]<\/p>\n","protected":false},"author":3,"featured_media":11502,"comment_status":"open","ping_status":"open","sticky":false,"template":"","format":"standard","meta":{"om_disable_all_campaigns":false,"_monsterinsights_skip_tracking":false,"_monsterinsights_sitenote_active":false,"_monsterinsights_sitenote_note":"","_monsterinsights_sitenote_category":0,"footnotes":""},"categories":[33,30],"tags":[],"class_list":["post-11501","post","type-post","status-publish","format-standard","has-post-thumbnail","hentry","category-piaui","category-politica"],"jetpack_featured_media_url":"https:\/\/fatoelado.com\/wp-content\/uploads\/2025\/10\/Audiencia-com-Marcio-Franca-ministro-da-Microempresa-e-da-Empresa-de-Pequeno-Porte4-e1761150055585-1.jpeg","_links":{"self":[{"href":"https:\/\/fatoelado.com\/index.php?rest_route=\/wp\/v2\/posts\/11501","targetHints":{"allow":["GET"]}}],"collection":[{"href":"https:\/\/fatoelado.com\/index.php?rest_route=\/wp\/v2\/posts"}],"about":[{"href":"https:\/\/fatoelado.com\/index.php?rest_route=\/wp\/v2\/types\/post"}],"author":[{"embeddable":true,"href":"https:\/\/fatoelado.com\/index.php?rest_route=\/wp\/v2\/users\/3"}],"replies":[{"embeddable":true,"href":"https:\/\/fatoelado.com\/index.php?rest_route=%2Fwp%2Fv2%2Fcomments&post=11501"}],"version-history":[{"count":1,"href":"https:\/\/fatoelado.com\/index.php?rest_route=\/wp\/v2\/posts\/11501\/revisions"}],"predecessor-version":[{"id":11503,"href":"https:\/\/fatoelado.com\/index.php?rest_route=\/wp\/v2\/posts\/11501\/revisions\/11503"}],"wp:featuredmedia":[{"embeddable":true,"href":"https:\/\/fatoelado.com\/index.php?rest_route=\/wp\/v2\/media\/11502"}],"wp:attachment":[{"href":"https:\/\/fatoelado.com\/index.php?rest_route=%2Fwp%2Fv2%2Fmedia&parent=11501"}],"wp:term":[{"taxonomy":"category","embeddable":true,"href":"https:\/\/fatoelado.com\/index.php?rest_route=%2Fwp%2Fv2%2Fcategories&post=11501"},{"taxonomy":"post_tag","embeddable":true,"href":"https:\/\/fatoelado.com\/index.php?rest_route=%2Fwp%2Fv2%2Ftags&post=11501"}],"curies":[{"name":"wp","href":"https:\/\/api.w.org\/{rel}","templated":true}]}}