{"id":11498,"date":"2025-10-22T12:34:52","date_gmt":"2025-10-22T15:34:52","guid":{"rendered":"https:\/\/fatoelado.com\/?p=11498"},"modified":"2025-10-22T12:34:52","modified_gmt":"2025-10-22T15:34:52","slug":"ciro-gomes-se-filia-ao-psdb-nesta-quarta-feira-22","status":"publish","type":"post","link":"https:\/\/fatoelado.com\/?p=11498","title":{"rendered":"Ciro Gomes se filia ao PSDB nesta quarta-feira (22)"},"content":{"rendered":"<p><img decoding=\"async\" src=\"https:\/\/cidadeverde.com\/assets\/uploads\/colecoes\/8393\/ciro.jpg\" alt=\"\" \/><\/p>\n<p>Ciro Gomes se filia ao PSDB em evento nesta quarta-feira (22), em Fortaleza (CE). Ele planeja disputar o governo do Cear\u00e1 nas elei\u00e7\u00f5es de 2026. Antes, fez parte do PDT, que tem Carlos Lupi como presidente, por dez anos.<\/p>\n<p>Ex-ministro e ex-governador do Cear\u00e1, Gomes comunicou ao PDT sua desfilia\u00e7\u00e3o na \u00faltima sexta (17). Como apurou o SBT, PSDB e Uni\u00e3o Brasil eram op\u00e7\u00f5es que estavam no radar do pol\u00edtico.<\/p>\n<p>A mudan\u00e7a de partido ocorre em meio a duras cr\u00edticas dele \u00e0 gest\u00e3o do governador Elmano de Freitas (PT) no Cear\u00e1. O PDT \u00e9 aliado do petista no estado e, mesmo com a press\u00e3o de Gomes, n\u00e3o abriu m\u00e3o da alian\u00e7a.<\/p>\n<p>A tend\u00eancia, segundo aliados, \u00e9 que Gomes concorra ao governo do Cear\u00e1 contra Elmano de Freitas na elei\u00e7\u00e3o do pr\u00f3ximo ano.<\/p>\n<p>Essa \u00e9 a s\u00e9tima troca de partido na carreira de Gomes. Ele j\u00e1 esteve anteriormente no PSDB, partido pelo qual governou o Cear\u00e1 de 1991 a 1994. A bordo do PDT, disputou duas elei\u00e7\u00f5es presidenciais.<\/p>\n<p>&nbsp;<\/p>\n<p>Fonte: Portal CidadeVerde.<br \/>\nConfira esta e outras mat\u00e9rias na \u00edntegra pelo link: https:\/\/cidadeverde.com\/noticias\/444144\/ciro-gomes-se-filia-ao-psdb-nesta-quarta-feira-22<\/p>\n","protected":false},"excerpt":{"rendered":"<p>Ciro Gomes se filia ao PSDB em evento nesta quarta-feira (22), em Fortaleza (CE). Ele planeja disputar o governo do Cear\u00e1 nas elei\u00e7\u00f5es de 2026. Antes, fez parte do PDT, que tem Carlos Lupi como presidente, por dez anos. Ex-ministro e ex-governador do Cear\u00e1, Gomes comunicou ao PDT sua desfilia\u00e7\u00e3o na \u00faltima sexta (17). Como [&hellip;]<\/p>\n","protected":false},"author":3,"featured_media":11499,"comment_status":"open","ping_status":"open","sticky":false,"template":"","format":"standard","meta":{"om_disable_all_campaigns":false,"_monsterinsights_skip_tracking":false,"_monsterinsights_sitenote_active":false,"_monsterinsights_sitenote_note":"","_monsterinsights_sitenote_category":0,"footnotes":""},"categories":[47,30],"tags":[],"class_list":["post-11498","post","type-post","status-publish","format-standard","has-post-thumbnail","hentry","category-nacionais","category-politica"],"jetpack_featured_media_url":"https:\/\/fatoelado.com\/wp-content\/uploads\/2025\/10\/ciro.jpg","_links":{"self":[{"href":"https:\/\/fatoelado.com\/index.php?rest_route=\/wp\/v2\/posts\/11498","targetHints":{"allow":["GET"]}}],"collection":[{"href":"https:\/\/fatoelado.com\/index.php?rest_route=\/wp\/v2\/posts"}],"about":[{"href":"https:\/\/fatoelado.com\/index.php?rest_route=\/wp\/v2\/types\/post"}],"author":[{"embeddable":true,"href":"https:\/\/fatoelado.com\/index.php?rest_route=\/wp\/v2\/users\/3"}],"replies":[{"embeddable":true,"href":"https:\/\/fatoelado.com\/index.php?rest_route=%2Fwp%2Fv2%2Fcomments&post=11498"}],"version-history":[{"count":1,"href":"https:\/\/fatoelado.com\/index.php?rest_route=\/wp\/v2\/posts\/11498\/revisions"}],"predecessor-version":[{"id":11500,"href":"https:\/\/fatoelado.com\/index.php?rest_route=\/wp\/v2\/posts\/11498\/revisions\/11500"}],"wp:featuredmedia":[{"embeddable":true,"href":"https:\/\/fatoelado.com\/index.php?rest_route=\/wp\/v2\/media\/11499"}],"wp:attachment":[{"href":"https:\/\/fatoelado.com\/index.php?rest_route=%2Fwp%2Fv2%2Fmedia&parent=11498"}],"wp:term":[{"taxonomy":"category","embeddable":true,"href":"https:\/\/fatoelado.com\/index.php?rest_route=%2Fwp%2Fv2%2Fcategories&post=11498"},{"taxonomy":"post_tag","embeddable":true,"href":"https:\/\/fatoelado.com\/index.php?rest_route=%2Fwp%2Fv2%2Ftags&post=11498"}],"curies":[{"name":"wp","href":"https:\/\/api.w.org\/{rel}","templated":true}]}}