{"id":11492,"date":"2025-10-22T12:33:28","date_gmt":"2025-10-22T15:33:28","guid":{"rendered":"https:\/\/fatoelado.com\/?p=11492"},"modified":"2025-10-22T12:33:28","modified_gmt":"2025-10-22T15:33:28","slug":"stf-publica-decisao-que-condenou-bolsonaro-e-abre-prazo-para-recursos-saiba-proximos-passos","status":"publish","type":"post","link":"https:\/\/fatoelado.com\/?p=11492","title":{"rendered":"STF publica decis\u00e3o que condenou Bolsonaro e abre prazo para recursos; saiba pr\u00f3ximos passos"},"content":{"rendered":"<h2 class=\"article-subtitle\" style=\"text-align: center;\">Advogados ter\u00e3o cinco dias para apresentar embargos de declara\u00e7\u00e3o, pedindo esclarecimentos sobre a decis\u00e3o. Expectativa no Supremo \u00e9 concluir o processo at\u00e9 o fim do ano<\/h2>\n<p>&nbsp;<\/p>\n<div class=\"article-image-featured\"><img decoding=\"async\" class=\"i-amphtml-fill-content i-amphtml-replaced-content\" src=\"https:\/\/www.meionews.com\/uploads\/imagens\/2025\/10\/22\/ex-presidente-jair-bolsonaro-pl--bd640696d664d38e.jpg\" alt=\"Ex-presidente Jair Bolsonaro (PL) | Reprodu\u00e7\u00e3o\" data-amp-loading=\"lazy\" \/><small>Ex-presidente Jair Bolsonaro (PL) | Foto: Reprodu\u00e7\u00e3o<\/small><\/div>\n<div class=\"g-news\">Siga-nos no<a href=\"https:\/\/news.google.com\/publications\/CAAiEAwZOfI6qfe4iZz5GzohUjoqFAgKIhAMGTnyOqn3uImc-Rs6IVI6?hl=pt-BR&amp;gl=BR&amp;ceid=BR%3Apt-419\" target=\"_blank\" rel=\"noopener\"><img decoding=\"async\" class=\"i-amphtml-intrinsic-sizer\" role=\"presentation\" src=\"data:;base64,<svg height=\"20px\" width=\"120px\" xmlns=\"http:\/\/www.w3.org\/2000\/svg\" version=\"1.1\"\/>&#8221; alt=&#8221;&#8221; aria-hidden=&#8221;true&#8221; \/><img decoding=\"async\" class=\"i-amphtml-fill-content i-amphtml-replaced-content\" src=\"https:\/\/www.meionews.com\/assets\/google-news-1.png\" alt=\"Seguir MeioNews no Google News\" data-amp-loading=\"lazy\" \/><\/a><\/div>\n<div class=\"article-html\">\n<div class=\"article-html-more\">\n<p>O<strong>\u00a0Supremo Tribunal Federal (STF) publicou nesta quarta-feira (22) a \u00edntegra da decis\u00e3o\u00a0<\/strong>da Primeira Turma<strong>\u00a0que condenou o\u00a0<a href=\"https:\/\/www.meionews.com\/politica\/em-que-fase-esta-processo-de-jair-bolsonaro-por-tentativa-de-golpe-de-estado-544080\" target=\"_blank\" rel=\"noopener\">ex-presidente Jair Bolsonaro (PL)<\/a>\u00a0<\/strong>e mais sete aliados por tentativa de golpe de Estado. A partir de agora, come\u00e7a a contar o<strong>\u00a0prazo para que as defesas apresentem recursos\u00a0<\/strong>questionando os votos dos ministros.<\/p>\n<p>Os advogados\u00a0<strong>ter\u00e3o cinco dias para protocolar os chamados embargos de declara\u00e7\u00e3o,\u00a0<\/strong>instrumentos usados para apontar contradi\u00e7\u00f5es, omiss\u00f5es ou trechos pouco claros da decis\u00e3o judicial. Esse tipo de recurso, em geral, n\u00e3o altera o resultado do julgamento, mas pode levar a ajustes pontuais, como no c\u00e1lculo das penas. A decis\u00e3o tem quase 2 mil p\u00e1ginas e foi aprovada por 4 votos a 1.<\/p>\n<p class=\"ads\"><iframe loading=\"lazy\" id=\"google_ads_iframe_3\" class=\"i-amphtml-fill-content\" tabindex=\"0\" title=\"3rd party ad content\" role=\"region\" src=\"https:\/\/googleads.g.doubleclick.net\/pagead\/ads?client=ca-pub-8881207890969401&amp;format=836x320&amp;w=836&amp;h=320&amp;ptt=12&amp;iu=7113032599&amp;adk=290465078&amp;output=html&amp;bc=7&amp;pv=2&amp;wgl=1&amp;asnt=0-25401718542731203738&amp;dff=%22Open%20Sans%22%2C%20sans-serif&amp;brdim=0%2C0%2C0%2C0%2C1280%2C0%2C1280%2C680%2C1600%2C742&amp;ifi=3&amp;pfx=0&amp;cookie=ID%3D8be9341d6ec69640%3AT%3D1761081925%3ART%3D1761146804%3AS%3DALNI_MZMJwkFqbDt2M82n09WfPwl9bKeew&amp;gpic=UID%3D000012bf30ad265e%3AT%3D1761081925%3ART%3D1761146804%3AS%3DALNI_MbDwicysMHG60xkBOUU-Y7fe3-suQ&amp;adf=403094882&amp;nhd=0&amp;adx=160&amp;ady=1776&amp;oid=2&amp;is_amp=5&amp;amp_v=2510081644000&amp;d_imp=1&amp;c=683380001026&amp;ga_cid=amp-qvRN6LZiL8Q3KW38m0yMqg&amp;ga_hid=1026&amp;dt=1761146830010&amp;biw=1600&amp;bih=742&amp;u_aw=1280&amp;u_ah=680&amp;u_cd=24&amp;u_w=1280&amp;u_h=720&amp;u_tz=-180&amp;u_his=1&amp;vis=1&amp;scr_x=0&amp;scr_y=0&amp;url=https%3A%2F%2Fwww.meionews.com%2Fpolitica%2Fstf-publica-decisao-que-condenou-bolsonaro-e-abre-prazo-para-recursos-saiba-proximos-passos-544911&amp;ref=https%3A%2F%2Fwww.meionews.com%2Fpolitica&amp;bdt=21644&amp;uap=Windows&amp;uapv=10.0.0&amp;uaa=x86&amp;uafv=141.0.7390.108&amp;uab=64&amp;dtd=44&amp;__amp_source_origin=https%3A%2F%2Fwww.meionews.com\" name=\"{&quot;width&quot;:836,&quot;height&quot;:320,&quot;_context&quot;:{&quot;ampcontextVersion&quot;:&quot;2510081644000&quot;,&quot;ampcontextFilepath&quot;:&quot;https:\/\/3p.ampproject.net\/2510081644000\/ampcontext-v0.js&quot;,&quot;sourceUrl&quot;:&quot;https:\/\/www.meionews.com\/politica\/stf-publica-decisao-que-condenou-bolsonaro-e-abre-prazo-para-recursos-saiba-proximos-passos-544911&quot;,&quot;referrer&quot;:&quot;https:\/\/www.meionews.com\/politica&quot;,&quot;canonicalUrl&quot;:&quot;https:\/\/www.meionews.com\/politica\/stf-publica-decisao-que-condenou-bolsonaro-e-abre-prazo-para-recursos-saiba-proximos-passos-544911&quot;,&quot;pageViewId&quot;:&quot;1026&quot;,&quot;location&quot;:{&quot;href&quot;:&quot;https:\/\/www.meionews.com\/politica\/stf-publica-decisao-que-condenou-bolsonaro-e-abre-prazo-para-recursos-saiba-proximos-passos-544911&quot;},&quot;startTime&quot;:1761146856642,&quot;tagName&quot;:&quot;AMP-AD&quot;,&quot;mode&quot;:{&quot;localDev&quot;:false,&quot;development&quot;:false,&quot;esm&quot;:false,&quot;test&quot;:false,&quot;rtvVersion&quot;:&quot;012510081644000&quot;},&quot;canary&quot;:false,&quot;hidden&quot;:false,&quot;initialLayoutRect&quot;:{&quot;left&quot;:160,&quot;top&quot;:1776,&quot;width&quot;:836,&quot;height&quot;:320},&quot;domFingerprint&quot;:&quot;403094882&quot;,&quot;experimentToggles&quot;:{&quot;canary&quot;:false,&quot;a4aProfilingRate&quot;:false,&quot;doubleclickSraExp&quot;:false,&quot;doubleclickSraReportExcludedBlock&quot;:false,&quot;flexAdSlots&quot;:false,&quot;flexible-bitrate&quot;:false,&quot;ios-fixed-no-transfer&quot;:false,&quot;story-ad-placements&quot;:false,&quot;story-disable-animations-first-page&quot;:true,&quot;story-load-inactive-outside-viewport&quot;:true,&quot;amp-sticky-ad-to-amp-ad-v4&quot;:false,&quot;story-video-cache-apply-audio&quot;:false,&quot;amp-story-subscriptions&quot;:true,&quot;interaction-to-next-paint&quot;:true,&quot;amp-story-first-page-max-bitrate&quot;:false,&quot;story-load-first-page-only&quot;:true,&quot;story-ad-page-outlink&quot;:false,&quot;amp-geo-ssr&quot;:true,&quot;story-remote-localization&quot;:true,&quot;attribution-reporting&quot;:false},&quot;sentinel&quot;:&quot;0-25401718542731203738&quot;,&quot;initialIntersection&quot;:{&quot;time&quot;:48471.5,&quot;rootBounds&quot;:{&quot;left&quot;:0,&quot;top&quot;:0,&quot;width&quot;:1600,&quot;height&quot;:742,&quot;bottom&quot;:742,&quot;right&quot;:1600,&quot;x&quot;:0,&quot;y&quot;:0},&quot;boundingClientRect&quot;:{&quot;left&quot;:160,&quot;top&quot;:1776,&quot;width&quot;:836,&quot;height&quot;:320,&quot;bottom&quot;:2096,&quot;right&quot;:996,&quot;x&quot;:160,&quot;y&quot;:1776},&quot;intersectionRect&quot;:{&quot;left&quot;:0,&quot;top&quot;:0,&quot;width&quot;:0,&quot;height&quot;:0,&quot;bottom&quot;:0,&quot;right&quot;:0,&quot;x&quot;:0,&quot;y&quot;:0},&quot;intersectionRatio&quot;:0}}}\" width=\"100vw\" height=\"320\" frameborder=\"0\" marginwidth=\"0\" marginheight=\"0\" scrolling=\"no\" allowfullscreen=\"allowfullscreen\" aria-label=\"Advertisement\" data-amp-3p-sentinel=\"0-25401718542731203738\" data-mce-fragment=\"1\"><\/iframe><\/p>\n<div><\/div>\n<p>&nbsp;<\/p>\n<p>Ap\u00f3s a apresenta\u00e7\u00e3o dos recursos, n\u00e3o h\u00e1 prazo fixo para an\u00e1lise. O relator, Alexandre de Moraes, poder\u00e1 decidir individualmente sobre parte dos pedidos ou levar o caso ao colegiado. Tamb\u00e9m pode solicitar manifesta\u00e7\u00e3o da Procuradoria-Geral da Rep\u00fablica (PGR) antes de submeter o tema a julgamento.<\/p>\n<p>&nbsp;<\/p>\n<p>&nbsp;<\/p>\n<p>&nbsp;<\/p>\n<div class=\"dimg\"><img decoding=\"async\" class=\"i-amphtml-intrinsic-sizer\" role=\"presentation\" src=\"data:;base64,<svg height=\"799px\" width=\"1200px\" xmlns=\"http:\/\/www.w3.org\/2000\/svg\" version=\"1.1\"\/>&#8221; alt=&#8221;&#8221; aria-hidden=&#8221;true&#8221; \/><img decoding=\"async\" class=\"i-amphtml-fill-content i-amphtml-replaced-content\" src=\"https:\/\/www.meionews.com\/uploads\/imagens\/2025\/10\/22\/stf-publica-decisao-que-condenou-bolsonaro-por-trama-golpista-e-abre-prazo-para-recursos--51360d6f743372e8.jpg\" alt=\"Primeira Turma do STF (Foto: Reprodu\u00e7\u00e3o\/ Gustavo Moreno\/STF )\" data-amp-loading=\"lazy\" \/><\/div>\n<p><span class=\"fr-inner\">Primeira Turma do STF (Foto: Reprodu\u00e7\u00e3o\/ Gustavo Moreno\/STF )<\/span><\/p>\n<div class=\"mgbox\"><\/div>\n<p>Com isso, a<strong>\u00a0execu\u00e7\u00e3o da pena n\u00e3o ser\u00e1 imediata.\u00a0<\/strong>No Supremo, a expectativa \u00e9 que os eventuais recursos sejam julgados at\u00e9 o fim do ano. A condena\u00e7\u00e3o s\u00f3 passa a valer quando o processo transita em julgado, ou seja, quando n\u00e3o h\u00e1 mais possibilidade de recurso.<\/p>\n<p>A defesa de Bolsonaro deve insistir em questionar a tese de que o ex-presidente teve papel de lideran\u00e7a na articula\u00e7\u00e3o golpista, ponto que levou \u00e0 pena mais alta, de 27 anos e tr\u00eas meses de pris\u00e3o. Advogados tamb\u00e9m alegam que n\u00e3o ficou comprovado que a organiza\u00e7\u00e3o criminosa atuou de forma armada.<\/p>\n<p>Al\u00e9m dos embargos de declara\u00e7\u00e3o, as defesas devem tentar apresentar embargos infringentes, recurso que pode modificar o resultado do julgamento. Nesse caso, o prazo \u00e9 de 15 dias. O STF, no entanto, entende que esse tipo de recurso s\u00f3 \u00e9 cab\u00edvel quando h\u00e1 pelo menos dois votos favor\u00e1veis \u00e0 absolvi\u00e7\u00e3o.<\/p>\n<p>No julgamento do n\u00facleo principal,<strong>\u00a0apenas Luiz Fux votou pela absolvi\u00e7\u00e3o de seis dos oito acusados<\/strong>, incluindo Bolsonaro. Mesmo assim, os advogados afirmam que v\u00e3o apresentar o pedido.<\/p>\n<p>O\u00a0ex-presidente est\u00e1 em pris\u00e3o domiciliar desde 4 de agosto, mas por determina\u00e7\u00e3o em outro processo, que investiga poss\u00edvel interfer\u00eancia do deputado Eduardo Bolsonaro (PL-SP) no inqu\u00e9rito do golpe. Na decis\u00e3o, Moraes apontou risco de fuga do ex-presidente.<\/p>\n<p class=\"ads\">\n<div class=\"article-share_buttons2 article-share\">\n<div class=\"share_buttons\">\n<div class=\"buttons\">\n<p>Fonte: Portal MeioNews.<br \/>\nConfira esta e outras mat\u00e9rias na \u00edntegra pelo link: https:\/\/www.meionews.com\/politica\/stf-publica-decisao-que-condenou-bolsonaro-e-abre-prazo-para-recursos-saiba-proximos-passos-544911<\/p>\n<\/div>\n<\/div>\n<\/div>\n<\/div>\n<\/div>\n","protected":false},"excerpt":{"rendered":"<p>Advogados ter\u00e3o cinco dias para apresentar embargos de declara\u00e7\u00e3o, pedindo esclarecimentos sobre a decis\u00e3o. Expectativa no Supremo \u00e9 concluir o processo at\u00e9 o fim do ano &nbsp; Ex-presidente Jair Bolsonaro (PL) | Foto: Reprodu\u00e7\u00e3o Siga-nos no Primeira Turma do STF (Foto: Reprodu\u00e7\u00e3o\/ Gustavo Moreno\/STF ) Com isso, a\u00a0execu\u00e7\u00e3o da pena n\u00e3o ser\u00e1 imediata.\u00a0No Supremo, a [&hellip;]<\/p>\n","protected":false},"author":3,"featured_media":11493,"comment_status":"open","ping_status":"open","sticky":false,"template":"","format":"standard","meta":{"om_disable_all_campaigns":false,"_monsterinsights_skip_tracking":false,"_monsterinsights_sitenote_active":false,"_monsterinsights_sitenote_note":"","_monsterinsights_sitenote_category":0,"footnotes":""},"categories":[47,30],"tags":[],"class_list":["post-11492","post","type-post","status-publish","format-standard","has-post-thumbnail","hentry","category-nacionais","category-politica"],"jetpack_featured_media_url":"https:\/\/fatoelado.com\/wp-content\/uploads\/2025\/10\/ex-presidente-jair-bolsonaro-pl-bd640696d664d38e.jpg","_links":{"self":[{"href":"https:\/\/fatoelado.com\/index.php?rest_route=\/wp\/v2\/posts\/11492","targetHints":{"allow":["GET"]}}],"collection":[{"href":"https:\/\/fatoelado.com\/index.php?rest_route=\/wp\/v2\/posts"}],"about":[{"href":"https:\/\/fatoelado.com\/index.php?rest_route=\/wp\/v2\/types\/post"}],"author":[{"embeddable":true,"href":"https:\/\/fatoelado.com\/index.php?rest_route=\/wp\/v2\/users\/3"}],"replies":[{"embeddable":true,"href":"https:\/\/fatoelado.com\/index.php?rest_route=%2Fwp%2Fv2%2Fcomments&post=11492"}],"version-history":[{"count":1,"href":"https:\/\/fatoelado.com\/index.php?rest_route=\/wp\/v2\/posts\/11492\/revisions"}],"predecessor-version":[{"id":11494,"href":"https:\/\/fatoelado.com\/index.php?rest_route=\/wp\/v2\/posts\/11492\/revisions\/11494"}],"wp:featuredmedia":[{"embeddable":true,"href":"https:\/\/fatoelado.com\/index.php?rest_route=\/wp\/v2\/media\/11493"}],"wp:attachment":[{"href":"https:\/\/fatoelado.com\/index.php?rest_route=%2Fwp%2Fv2%2Fmedia&parent=11492"}],"wp:term":[{"taxonomy":"category","embeddable":true,"href":"https:\/\/fatoelado.com\/index.php?rest_route=%2Fwp%2Fv2%2Fcategories&post=11492"},{"taxonomy":"post_tag","embeddable":true,"href":"https:\/\/fatoelado.com\/index.php?rest_route=%2Fwp%2Fv2%2Ftags&post=11492"}],"curies":[{"name":"wp","href":"https:\/\/api.w.org\/{rel}","templated":true}]}}