{"id":11452,"date":"2025-10-21T19:23:05","date_gmt":"2025-10-21T22:23:05","guid":{"rendered":"https:\/\/fatoelado.com\/?p=11452"},"modified":"2025-10-21T19:23:05","modified_gmt":"2025-10-21T22:23:05","slug":"lei-que-garante-reserva-de-vagas-a-mulheres-em-situacao-de-violencia-e-discutida-em-reuniao-entre-sempi-e-sead","status":"publish","type":"post","link":"https:\/\/fatoelado.com\/?p=11452","title":{"rendered":"Lei que garante reserva de vagas a mulheres em situa\u00e7\u00e3o de viol\u00eancia \u00e9 discutida em reuni\u00e3o entre Sempi e Sead"},"content":{"rendered":"<h2 class=\"elementor-heading-title elementor-size-default\" style=\"text-align: center;\">As secretarias definiram estrat\u00e9gias para ampliar a divulga\u00e7\u00e3o e a aplica\u00e7\u00e3o da norma nos \u00f3rg\u00e3os estaduais<\/h2>\n<p>&nbsp;<\/p>\n<p>A Secretaria das Mulheres do Piau\u00ed (Sempi) realizou, nesta segunda-feira (20), uma reuni\u00e3o com a superintendente de Licita\u00e7\u00f5es da Secretaria de Administra\u00e7\u00e3o do Piau\u00ed (Sead), Jacylenne Co\u00ealho, para alinhar estrat\u00e9gias de implementa\u00e7\u00e3o da Lei n\u00ba 8.313\/2024. A legisla\u00e7\u00e3o assegura a reserva de 5% das vagas de emprego para mulheres em situa\u00e7\u00e3o de viol\u00eancia dom\u00e9stica e familiar nas empresas prestadoras de servi\u00e7os contratadas pelo Governo do Estado.<\/p>\n<p>Durante o encontro, foram discutidas medidas para ampliar a divulga\u00e7\u00e3o e a aplica\u00e7\u00e3o da lei junto aos \u00f3rg\u00e3os estaduais. Uma das delibera\u00e7\u00f5es foi a realiza\u00e7\u00e3o de uma campanha institucional voltada aos \u00f3rg\u00e3os e entidades do governo, com o objetivo de informar sobre o cumprimento da cota m\u00ednima de 5% das vagas destinadas a mulheres em situa\u00e7\u00e3o de viol\u00eancia nas contrata\u00e7\u00f5es p\u00fablicas.<\/p>\n<figure id=\"attachment_93246\" class=\"wp-caption alignnone\" aria-describedby=\"caption-attachment-93246\"><img loading=\"lazy\" decoding=\"async\" class=\"wp-image-93246 size-full\" src=\"https:\/\/www.pi.gov.br\/wp-content\/uploads\/2025\/10\/WhatsApp-Image-2025-10-20-at-14.45.23.jpeg\" sizes=\"auto, (max-width: 960px) 100vw, 960px\" srcset=\"https:\/\/www.pi.gov.br\/wp-content\/uploads\/2025\/10\/WhatsApp-Image-2025-10-20-at-14.45.23.jpeg 960w, https:\/\/www.pi.gov.br\/wp-content\/uploads\/2025\/10\/WhatsApp-Image-2025-10-20-at-14.45.23-300x223.jpeg 300w, https:\/\/www.pi.gov.br\/wp-content\/uploads\/2025\/10\/WhatsApp-Image-2025-10-20-at-14.45.23-768x570.jpeg 768w\" alt=\"\" width=\"960\" height=\"713\" \/><figcaption id=\"caption-attachment-93246\" class=\"wp-caption-text\">Foto: Ascom Sempi<\/figcaption><\/figure>\n<p>De acordo com a diretora de Articula\u00e7\u00e3o Institucional, A\u00e7\u00f5es Tem\u00e1ticas e Participa\u00e7\u00e3o Pol\u00edtica da Sempi, Ivana Amorim, a reuni\u00e3o tamb\u00e9m tratou de encaminhamentos t\u00e9cnicos necess\u00e1rios para o aperfei\u00e7oamento da legisla\u00e7\u00e3o. \u201cAcordamos uma campanha que ser\u00e1 realizada nos \u00f3rg\u00e3os do Governo do Estado e definimos a elabora\u00e7\u00e3o de um of\u00edcio autorizando a superintendente a contribuir para dar celeridade a uma altera\u00e7\u00e3o no artigo da lei. A ideia \u00e9 divulgar amplamente o funcionamento da pol\u00edtica e orientar os \u00f3rg\u00e3os para que possam se organizar e cumprir a reserva de 5% nas contrata\u00e7\u00f5es\u201d, destacou.<\/p>\n<p>Outro ponto discutido foi o andamento da contrata\u00e7\u00e3o de uma consultoria especializada em g\u00eanero, que atuar\u00e1 no fortalecimento dos Organismos de Pol\u00edticas para as Mulheres (OPMs) em todo o estado, ampliando a capilaridade e a efici\u00eancia das a\u00e7\u00f5es voltadas \u00e0 igualdade de g\u00eanero. \u201cRecebemos um direcionamento sobre o \u00faltimo despacho da Sead, e a Sempi dar\u00e1 o retorno necess\u00e1rio para dar continuidade ao tr\u00e2mite da consultoria, que ser\u00e1 fundamental para apoiar os OPMs em suas a\u00e7\u00f5es e estrat\u00e9gias locais\u201d, completou Ivana Amorim.<\/p>\n","protected":false},"excerpt":{"rendered":"<p>As secretarias definiram estrat\u00e9gias para ampliar a divulga\u00e7\u00e3o e a aplica\u00e7\u00e3o da norma nos \u00f3rg\u00e3os estaduais &nbsp; A Secretaria das Mulheres do Piau\u00ed (Sempi) realizou, nesta segunda-feira (20), uma reuni\u00e3o com a superintendente de Licita\u00e7\u00f5es da Secretaria de Administra\u00e7\u00e3o do Piau\u00ed (Sead), Jacylenne Co\u00ealho, para alinhar estrat\u00e9gias de implementa\u00e7\u00e3o da Lei n\u00ba 8.313\/2024. A legisla\u00e7\u00e3o [&hellip;]<\/p>\n","protected":false},"author":3,"featured_media":11453,"comment_status":"open","ping_status":"open","sticky":false,"template":"","format":"standard","meta":{"om_disable_all_campaigns":false,"_monsterinsights_skip_tracking":false,"_monsterinsights_sitenote_active":false,"_monsterinsights_sitenote_note":"","_monsterinsights_sitenote_category":0,"footnotes":""},"categories":[33,30],"tags":[],"class_list":["post-11452","post","type-post","status-publish","format-standard","has-post-thumbnail","hentry","category-piaui","category-politica"],"jetpack_featured_media_url":"https:\/\/fatoelado.com\/wp-content\/uploads\/2025\/10\/WhatsApp-Image-2025-10-20-at-14.45.23.jpeg","_links":{"self":[{"href":"https:\/\/fatoelado.com\/index.php?rest_route=\/wp\/v2\/posts\/11452","targetHints":{"allow":["GET"]}}],"collection":[{"href":"https:\/\/fatoelado.com\/index.php?rest_route=\/wp\/v2\/posts"}],"about":[{"href":"https:\/\/fatoelado.com\/index.php?rest_route=\/wp\/v2\/types\/post"}],"author":[{"embeddable":true,"href":"https:\/\/fatoelado.com\/index.php?rest_route=\/wp\/v2\/users\/3"}],"replies":[{"embeddable":true,"href":"https:\/\/fatoelado.com\/index.php?rest_route=%2Fwp%2Fv2%2Fcomments&post=11452"}],"version-history":[{"count":1,"href":"https:\/\/fatoelado.com\/index.php?rest_route=\/wp\/v2\/posts\/11452\/revisions"}],"predecessor-version":[{"id":11454,"href":"https:\/\/fatoelado.com\/index.php?rest_route=\/wp\/v2\/posts\/11452\/revisions\/11454"}],"wp:featuredmedia":[{"embeddable":true,"href":"https:\/\/fatoelado.com\/index.php?rest_route=\/wp\/v2\/media\/11453"}],"wp:attachment":[{"href":"https:\/\/fatoelado.com\/index.php?rest_route=%2Fwp%2Fv2%2Fmedia&parent=11452"}],"wp:term":[{"taxonomy":"category","embeddable":true,"href":"https:\/\/fatoelado.com\/index.php?rest_route=%2Fwp%2Fv2%2Fcategories&post=11452"},{"taxonomy":"post_tag","embeddable":true,"href":"https:\/\/fatoelado.com\/index.php?rest_route=%2Fwp%2Fv2%2Ftags&post=11452"}],"curies":[{"name":"wp","href":"https:\/\/api.w.org\/{rel}","templated":true}]}}