{"id":11449,"date":"2025-10-21T19:22:31","date_gmt":"2025-10-21T22:22:31","guid":{"rendered":"https:\/\/fatoelado.com\/?p=11449"},"modified":"2025-10-21T19:22:31","modified_gmt":"2025-10-21T22:22:31","slug":"saf-realiza-oficina-de-construcao-de-parcerias-e-estrategias-com-cooperativas-do-piaui","status":"publish","type":"post","link":"https:\/\/fatoelado.com\/?p=11449","title":{"rendered":"SAF realiza oficina de constru\u00e7\u00e3o de parcerias e estrat\u00e9gias com cooperativas do Piau\u00ed"},"content":{"rendered":"<h2 class=\"elementor-heading-title elementor-size-default\" style=\"text-align: center;\">Evento visa auxiliar cooperativas para a constru\u00e7\u00e3o de um plano de neg\u00f3cios.<\/h2>\n<p>&nbsp;<\/p>\n<p>A Secretaria da Agricultura Familiar (SAF) realizou, nesta ter\u00e7a-feira (21), o segundo dia da Oficina de Constru\u00e7\u00e3o de Parcerias e Estrat\u00e9gias com participantes do Programa de Fortalecimento das Cooperativas da Agricultura Familiar, no audit\u00f3rio da SAF. O evento, promovido em parceria com a Investe Piau\u00ed, reuniu representantes de cinco cooperativas do estado para alinhar a\u00e7\u00f5es conjuntas, estrat\u00e9gias de fortalecimento institucional e demandas dos cooperados.<\/p>\n<p>A secret\u00e1ria da Agricultura Familiar do Piau\u00ed, Rejane Tavares, destacou a import\u00e2ncia da iniciativa para o desenvolvimento das cooperativas locais e para a constru\u00e7\u00e3o de um plano de neg\u00f3cios voltado \u00e0s cadeias produtivas do estado.\u00a0\u201cPassaremos dois dias nessa oficina, que tem como objetivo fortalecer a gest\u00e3o e a estrutura das cooperativas, aprimorar a rela\u00e7\u00e3o com os cooperados e ampliar a inser\u00e7\u00e3o dos produtos no mercado. Estamos avan\u00e7ando na elabora\u00e7\u00e3o de um plano de neg\u00f3cios e em investimentos que v\u00e3o melhorar a produ\u00e7\u00e3o, a qualidade dos produtos e o volume de comercializa\u00e7\u00e3o\u201d, ressaltou a secret\u00e1ria.<\/p>\n<figure id=\"attachment_93236\" class=\"wp-caption alignnone\" aria-describedby=\"caption-attachment-93236\"><img loading=\"lazy\" decoding=\"async\" class=\"wp-image-93236 size-full\" src=\"https:\/\/www.pi.gov.br\/wp-content\/uploads\/2025\/10\/WhatsApp-Image-2025-10-21-at-11.24.42.jpeg\" sizes=\"auto, (max-width: 1280px) 100vw, 1280px\" srcset=\"https:\/\/www.pi.gov.br\/wp-content\/uploads\/2025\/10\/WhatsApp-Image-2025-10-21-at-11.24.42.jpeg 1280w, https:\/\/www.pi.gov.br\/wp-content\/uploads\/2025\/10\/WhatsApp-Image-2025-10-21-at-11.24.42-300x200.jpeg 300w, https:\/\/www.pi.gov.br\/wp-content\/uploads\/2025\/10\/WhatsApp-Image-2025-10-21-at-11.24.42-1024x683.jpeg 1024w, https:\/\/www.pi.gov.br\/wp-content\/uploads\/2025\/10\/WhatsApp-Image-2025-10-21-at-11.24.42-768x512.jpeg 768w\" alt=\"\" width=\"1280\" height=\"854\" \/><figcaption id=\"caption-attachment-93236\" class=\"wp-caption-text\"><em>Secret\u00e1ria da Agricultura Familiar do Piau\u00ed, Rejane Tavares (Foto: Geirlys Silva \/ SAF)<\/em><\/figcaption><\/figure>\n<p>Participaram da oficina as seguintes cooperativas: Central de Cooperativas de Cajucultores do Piau\u00ed (Cocajupi), Cooperativa dos Produtores Rurais da Chapada Vale do Rio Itaim (Coovita), Cooperativa Mista dos Apicultores de Simpl\u00edcio Mendes (Comapi), Cooperativa de Desenvolvimento Rural do Vale do Rio Piracuruca (Codervap) e Mel do Sert\u00e3o.<\/p>\n<figure id=\"attachment_93237\" class=\"wp-caption alignnone\" aria-describedby=\"caption-attachment-93237\"><img loading=\"lazy\" decoding=\"async\" class=\"wp-image-93237 size-full\" src=\"https:\/\/www.pi.gov.br\/wp-content\/uploads\/2025\/10\/WhatsApp-Image-2025-10-21-at-11.24.38.jpeg\" sizes=\"auto, (max-width: 1280px) 100vw, 1280px\" srcset=\"https:\/\/www.pi.gov.br\/wp-content\/uploads\/2025\/10\/WhatsApp-Image-2025-10-21-at-11.24.38.jpeg 1280w, https:\/\/www.pi.gov.br\/wp-content\/uploads\/2025\/10\/WhatsApp-Image-2025-10-21-at-11.24.38-300x200.jpeg 300w, https:\/\/www.pi.gov.br\/wp-content\/uploads\/2025\/10\/WhatsApp-Image-2025-10-21-at-11.24.38-1024x683.jpeg 1024w, https:\/\/www.pi.gov.br\/wp-content\/uploads\/2025\/10\/WhatsApp-Image-2025-10-21-at-11.24.38-768x512.jpeg 768w\" alt=\"\" width=\"1280\" height=\"854\" \/><figcaption id=\"caption-attachment-93237\" class=\"wp-caption-text\"><em>Foto: Geirlys Silva \/ SAF<\/em><\/figcaption><\/figure>\n<p>A oficina, iniciada na segunda-feira (20), segue at\u00e9 esta quarta-feira (22) com atividades voltadas ao fortalecimento das cooperativas da agricultura familiar.<\/p>\n<figure id=\"attachment_93238\" class=\"wp-caption alignnone\" aria-describedby=\"caption-attachment-93238\"><img loading=\"lazy\" decoding=\"async\" class=\"wp-image-93238 size-full\" src=\"https:\/\/www.pi.gov.br\/wp-content\/uploads\/2025\/10\/WhatsApp-Image-2025-10-21-at-11.24.40.jpeg\" sizes=\"auto, (max-width: 1280px) 100vw, 1280px\" srcset=\"https:\/\/www.pi.gov.br\/wp-content\/uploads\/2025\/10\/WhatsApp-Image-2025-10-21-at-11.24.40.jpeg 1280w, https:\/\/www.pi.gov.br\/wp-content\/uploads\/2025\/10\/WhatsApp-Image-2025-10-21-at-11.24.40-300x200.jpeg 300w, https:\/\/www.pi.gov.br\/wp-content\/uploads\/2025\/10\/WhatsApp-Image-2025-10-21-at-11.24.40-1024x683.jpeg 1024w, https:\/\/www.pi.gov.br\/wp-content\/uploads\/2025\/10\/WhatsApp-Image-2025-10-21-at-11.24.40-768x512.jpeg 768w\" alt=\"\" width=\"1280\" height=\"854\" \/><figcaption id=\"caption-attachment-93238\" class=\"wp-caption-text\"><em>Foto: Geirlys Silva \/ SAF<\/em><\/figcaption><\/figure>\n","protected":false},"excerpt":{"rendered":"<p>Evento visa auxiliar cooperativas para a constru\u00e7\u00e3o de um plano de neg\u00f3cios. &nbsp; A Secretaria da Agricultura Familiar (SAF) realizou, nesta ter\u00e7a-feira (21), o segundo dia da Oficina de Constru\u00e7\u00e3o de Parcerias e Estrat\u00e9gias com participantes do Programa de Fortalecimento das Cooperativas da Agricultura Familiar, no audit\u00f3rio da SAF. O evento, promovido em parceria com [&hellip;]<\/p>\n","protected":false},"author":3,"featured_media":11450,"comment_status":"open","ping_status":"open","sticky":false,"template":"","format":"standard","meta":{"om_disable_all_campaigns":false,"_monsterinsights_skip_tracking":false,"_monsterinsights_sitenote_active":false,"_monsterinsights_sitenote_note":"","_monsterinsights_sitenote_category":0,"footnotes":""},"categories":[33],"tags":[],"class_list":["post-11449","post","type-post","status-publish","format-standard","has-post-thumbnail","hentry","category-piaui"],"jetpack_featured_media_url":"https:\/\/fatoelado.com\/wp-content\/uploads\/2025\/10\/WhatsApp-Image-2025-10-21-at-11.24.38.jpeg","_links":{"self":[{"href":"https:\/\/fatoelado.com\/index.php?rest_route=\/wp\/v2\/posts\/11449","targetHints":{"allow":["GET"]}}],"collection":[{"href":"https:\/\/fatoelado.com\/index.php?rest_route=\/wp\/v2\/posts"}],"about":[{"href":"https:\/\/fatoelado.com\/index.php?rest_route=\/wp\/v2\/types\/post"}],"author":[{"embeddable":true,"href":"https:\/\/fatoelado.com\/index.php?rest_route=\/wp\/v2\/users\/3"}],"replies":[{"embeddable":true,"href":"https:\/\/fatoelado.com\/index.php?rest_route=%2Fwp%2Fv2%2Fcomments&post=11449"}],"version-history":[{"count":1,"href":"https:\/\/fatoelado.com\/index.php?rest_route=\/wp\/v2\/posts\/11449\/revisions"}],"predecessor-version":[{"id":11451,"href":"https:\/\/fatoelado.com\/index.php?rest_route=\/wp\/v2\/posts\/11449\/revisions\/11451"}],"wp:featuredmedia":[{"embeddable":true,"href":"https:\/\/fatoelado.com\/index.php?rest_route=\/wp\/v2\/media\/11450"}],"wp:attachment":[{"href":"https:\/\/fatoelado.com\/index.php?rest_route=%2Fwp%2Fv2%2Fmedia&parent=11449"}],"wp:term":[{"taxonomy":"category","embeddable":true,"href":"https:\/\/fatoelado.com\/index.php?rest_route=%2Fwp%2Fv2%2Fcategories&post=11449"},{"taxonomy":"post_tag","embeddable":true,"href":"https:\/\/fatoelado.com\/index.php?rest_route=%2Fwp%2Fv2%2Ftags&post=11449"}],"curies":[{"name":"wp","href":"https:\/\/api.w.org\/{rel}","templated":true}]}}