{"id":11443,"date":"2025-10-21T19:20:11","date_gmt":"2025-10-21T22:20:11","guid":{"rendered":"https:\/\/fatoelado.com\/?p=11443"},"modified":"2025-10-21T19:20:11","modified_gmt":"2025-10-21T22:20:11","slug":"lula-3-deve-registrar-menor-inflacao-desde-plano-real-superando-todos-presidentes-em-30-anos","status":"publish","type":"post","link":"https:\/\/fatoelado.com\/?p=11443","title":{"rendered":"Lula 3 deve registrar menor infla\u00e7\u00e3o desde Plano Real, superando todos presidentes em 30 anos"},"content":{"rendered":"<h2 class=\"article-subtitle\" style=\"text-align: center;\">Boletim Focus prev\u00ea que Lula fechar\u00e1 mandato com menor infla\u00e7\u00e3o acumulada desde 1994, abaixo de 20%. Entenda o impacto e compare com governos anteriores<\/h2>\n<p>&nbsp;<\/p>\n<div class=\"article-image-featured\"><img decoding=\"async\" class=\"i-amphtml-fill-content i-amphtml-replaced-content\" src=\"https:\/\/www.meionews.com\/uploads\/imagens\/2025\/10\/21\/inflacao-acumulada-deve-ser-a-menor-desde-o-plano-real--32ceae55db5a0e91.jpg\" alt=\"Infla\u00e7\u00e3o acumulada deve ser a menor desde o Plano Real | Reprodu\u00e7\u00e3o\/Ricardo Stuckert\/PR\" data-amp-loading=\"lazy\" \/><small>Infla\u00e7\u00e3o acumulada deve ser a menor desde o Plano Real | Foto: Reprodu\u00e7\u00e3o\/Ricardo Stuckert\/PR<\/small><\/div>\n<div class=\"g-news\"><\/div>\n<div class=\"article-html\">\n<div class=\"article-html-more\">\n<p>Proje\u00e7\u00f5es do Boletim Focus divulgadas nesta segunda-feira (20.out.2025) indicam que o governo de\u00a0<strong>Luiz In\u00e1cio Lula da Silva<\/strong><strong>\u00a0fechar\u00e1 o atual mandato com 19,73% de infla\u00e7\u00e3o acumulada,<\/strong>\u00a0o menor \u00edndice desde a implanta\u00e7\u00e3o do Plano Real, em 1994. Caso confirmado, o n\u00famero derrubar\u00e1 o recorde do pr\u00f3prio Lula, que havia registrado 22,21% no seu segundo mandato (2007\u20132010). O dado referente a infla\u00e7\u00e3o \u00e9 de todo per\u00edodo de cada governo e n\u00e3o anual.<\/p>\n<p><strong>O levantamento re\u00fane dados do IBGE e compara o desempenho inflacion\u00e1rio ao longo de seis gest\u00f5es presidenciais<\/strong>. No primeiro mandato de Fernando Henrique Cardoso (1995\u20131998), a infla\u00e7\u00e3o acumulada chegou a 43,44%, caindo para 39,87% no per\u00edodo seguinte. Entre 2003 e 2010, Lula reduziu o \u00edndice gradualmente: 28,20% no primeiro mandato e 22,21% no segundo, at\u00e9 ent\u00e3o a menor marca desde a estabiliza\u00e7\u00e3o da moeda.<\/p>\n<div class=\"dimg\"><img decoding=\"async\" class=\"i-amphtml-intrinsic-sizer\" role=\"presentation\" src=\"data:;base64,<svg height=\"1116px\" width=\"1116px\" xmlns=\"http:\/\/www.w3.org\/2000\/svg\" version=\"1.1\"\/>&#8221; alt=&#8221;&#8221; aria-hidden=&#8221;true&#8221; \/><img decoding=\"async\" class=\"i-amphtml-fill-content i-amphtml-replaced-content\" src=\"https:\/\/www.meionews.com\/uploads\/imagens\/2025\/10\/21\/lula-3-deve-registrar-menor-inflacao-desde-plano-real-superando-todos-presidentes-em-30-anos--319bf5be3bdfe690.jpg\" alt=\"Infla\u00e7\u00e3o acumulada deve ser a menor desde o Plano Real\" data-amp-loading=\"lazy\" \/><\/div>\n<p><span class=\"fr-inner\">Infla\u00e7\u00e3o acumulada deve ser a menor desde o Plano Real<\/span>&nbsp;<\/p>\n<p>A sequ\u00eancia foi interrompida no\u00a0<strong>governo Dilma Rousseff<\/strong>, que acumulou 27,03% entre 2011 e 2016, seguida por Michel Temer, que registrou 25,64% at\u00e9 2018. J\u00e1 no governo Jair Bolsonaro, a infla\u00e7\u00e3o voltou a subir, impulsionada por pandemia e choques internacionais, encerrando o mandato em 26,94%.<\/p>\n<p>Nos dois primeiros anos do atual governo, a infla\u00e7\u00e3o anual ficou em 4,62% em 2023 e deve encerrar 2026 em torno de 4,27%, dentro da meta estabelecida pelo Conselho Monet\u00e1rio Nacional.<\/p>\n<p>A trajet\u00f3ria atual indica que Lula dever\u00e1 encerrar o mandato com a primeira infla\u00e7\u00e3o acumulada abaixo de 20% em um governo completo desde 1995 \u2014 um marco hist\u00f3rico para a pol\u00edtica econ\u00f4mica brasileira.<\/p>\n<div class=\"mgbox\"><\/div>\n<div class=\"article-share_buttons2 article-share\">\n<div class=\"share_buttons\">\n<div class=\"buttons\">\n<p>Fonte: Portal MeioNews.<br \/>\nConfira esta e outras mat\u00e9rias na \u00edntegra pelo link: https:\/\/www.meionews.com\/politica\/lula-3-deve-registrar-menor-inflacao-desde-plano-real-superando-todos-presidentes-em-30-anos-544828<\/p>\n<\/div>\n<\/div>\n<\/div>\n<\/div>\n<\/div>\n","protected":false},"excerpt":{"rendered":"<p>Boletim Focus prev\u00ea que Lula fechar\u00e1 mandato com menor infla\u00e7\u00e3o acumulada desde 1994, abaixo de 20%. Entenda o impacto e compare com governos anteriores &nbsp; Infla\u00e7\u00e3o acumulada deve ser a menor desde o Plano Real | Foto: Reprodu\u00e7\u00e3o\/Ricardo Stuckert\/PR Proje\u00e7\u00f5es do Boletim Focus divulgadas nesta segunda-feira (20.out.2025) indicam que o governo de\u00a0Luiz In\u00e1cio Lula da [&hellip;]<\/p>\n","protected":false},"author":3,"featured_media":11444,"comment_status":"open","ping_status":"open","sticky":false,"template":"","format":"standard","meta":{"om_disable_all_campaigns":false,"_monsterinsights_skip_tracking":false,"_monsterinsights_sitenote_active":false,"_monsterinsights_sitenote_note":"","_monsterinsights_sitenote_category":0,"footnotes":""},"categories":[47,30],"tags":[],"class_list":["post-11443","post","type-post","status-publish","format-standard","has-post-thumbnail","hentry","category-nacionais","category-politica"],"jetpack_featured_media_url":"https:\/\/fatoelado.com\/wp-content\/uploads\/2025\/10\/inflacao-acumulada-deve-ser-a-menor-desde-o-plano-real-32ceae55db5a0e91.jpg","_links":{"self":[{"href":"https:\/\/fatoelado.com\/index.php?rest_route=\/wp\/v2\/posts\/11443","targetHints":{"allow":["GET"]}}],"collection":[{"href":"https:\/\/fatoelado.com\/index.php?rest_route=\/wp\/v2\/posts"}],"about":[{"href":"https:\/\/fatoelado.com\/index.php?rest_route=\/wp\/v2\/types\/post"}],"author":[{"embeddable":true,"href":"https:\/\/fatoelado.com\/index.php?rest_route=\/wp\/v2\/users\/3"}],"replies":[{"embeddable":true,"href":"https:\/\/fatoelado.com\/index.php?rest_route=%2Fwp%2Fv2%2Fcomments&post=11443"}],"version-history":[{"count":1,"href":"https:\/\/fatoelado.com\/index.php?rest_route=\/wp\/v2\/posts\/11443\/revisions"}],"predecessor-version":[{"id":11445,"href":"https:\/\/fatoelado.com\/index.php?rest_route=\/wp\/v2\/posts\/11443\/revisions\/11445"}],"wp:featuredmedia":[{"embeddable":true,"href":"https:\/\/fatoelado.com\/index.php?rest_route=\/wp\/v2\/media\/11444"}],"wp:attachment":[{"href":"https:\/\/fatoelado.com\/index.php?rest_route=%2Fwp%2Fv2%2Fmedia&parent=11443"}],"wp:term":[{"taxonomy":"category","embeddable":true,"href":"https:\/\/fatoelado.com\/index.php?rest_route=%2Fwp%2Fv2%2Fcategories&post=11443"},{"taxonomy":"post_tag","embeddable":true,"href":"https:\/\/fatoelado.com\/index.php?rest_route=%2Fwp%2Fv2%2Ftags&post=11443"}],"curies":[{"name":"wp","href":"https:\/\/api.w.org\/{rel}","templated":true}]}}