{"id":11437,"date":"2025-10-21T19:18:29","date_gmt":"2025-10-21T22:18:29","guid":{"rendered":"https:\/\/fatoelado.com\/?p=11437"},"modified":"2025-10-21T19:18:29","modified_gmt":"2025-10-21T22:18:29","slug":"guilherme-boulos-assumira-secretaria-geral-da-presidencia","status":"publish","type":"post","link":"https:\/\/fatoelado.com\/?p=11437","title":{"rendered":"Guilherme Boulos assumir\u00e1 Secretaria-Geral da Presid\u00eancia"},"content":{"rendered":"<p><img decoding=\"async\" src=\"https:\/\/cidadeverde.com\/assets\/uploads\/colecoes\/2\/2025\/10\/bad05a49-17f6-4058-8a3a-0610f11ad268.jpg\" alt=\"\" \/><\/p>\n<p>O presidente Luiz In\u00e1cio Lula da Silva se reuniu com o deputado federal Guilherme Boulos (PSOL-SP), nesta segunda-feira (20), e o convidou para ocupar o cargo de ministro-chefe da Secretaria-Geral da Presid\u00eancia da Rep\u00fablica, no lugar de M\u00e1rcio Mac\u00eado, que estava na fun\u00e7\u00e3o desde o in\u00edcio do governo, em janeiro de 2023.<\/p>\n<p>O an\u00fancio foi feito em comunicado oficial do Pal\u00e1cio do Planalto. A troca ser\u00e1 formalizada na pr\u00f3xima edi\u00e7\u00e3o do Di\u00e1rio Oficial da Uni\u00e3o (DOU).<\/p>\n<p>A Secretaria-Geral a Presid\u00eancia \u00e9 o minist\u00e9rio respons\u00e1vel pelo di\u00e1logo e interlocu\u00e7\u00e3o do governo com organiza\u00e7\u00f5es da sociedade civil e movimentos sociais.<\/p>\n<p>Na reuni\u00e3o em que Boulos recebeu o convite para a pasta, estavam presentes M\u00e1rcio Macedo, a ministra Gleisi Hoffmann, da Secretaria de Rela\u00e7\u00f5es Institucionais, e os ministro Rui Costa, da Casa Civil, e Sid\u00f4nio Palmeira, da Secretaria de Comunica\u00e7\u00e3o Social.<\/p>\n<p>Boulos tem 43 anos e uma trajet\u00f3ria pol\u00edtica voltada ao ativismo urbano. No novo cargo ter\u00e1 como desafios na articula\u00e7\u00e3o pol\u00edtica entre Pal\u00e1cio do Planalto, movimentos sociais e sociedade civil.<\/p>\n<p>Biografia<br \/>\nO novo ministro da Secretaria-Geral da Presid\u00eancia nasceu em S\u00e3o Paulo, mais precisamente na regi\u00e3o de Pinheiros, no dia 19 de junho de 1982. Foi filho ca\u00e7ula dos m\u00e9dicos infectologistas e professores universit\u00e1rios Maria Ivete e Marcos, Guilherme Boulos.<\/p>\n<p>Seus primeiros anos de estudo foram em escolas particulares. Quando no Ensino M\u00e9dio, pediu a seus pais que o transferissem para uma escola p\u00fablica.<\/p>\n<p>O interesse pela pol\u00edtica acabou levando-o a ingressar no movimento estudantil, aos 15 anos.<\/p>\n<p>Na Escola Estadual Fern\u00e3o Dias Paes, criou um gr\u00eamio estudantil, participou de protestos contra a dire\u00e7\u00e3o e fez trabalhos de alfabetiza\u00e7\u00e3o de jovens e adultos em comunidades da capital.<\/p>\n<p>Ingressou no curso de filosofia da USP em 2000. Especializou-se em psicologia cl\u00ednica pela PUC, e se tornou mestre em psiquiatria pela USP. Na vida profissional foi tamb\u00e9m professor da rede p\u00fablica e escritor, tendo publicado os livros &#8220;Por que ocupamos?&#8221;; &#8220;De que lado voc\u00ea est\u00e1?&#8221;; e &#8220;Sem Medo do Futuro&#8221;.<\/p>\n<h2>Movimento social<\/h2>\n<p>Aos 19 anos, Boulos foi morar em uma ocupa\u00e7\u00e3o do Movimento dos Trabalhadores sem Teto (MTST) \u2013 grupo do qual viria a se tornar uma lideran\u00e7a, dedicando-se por d\u00e9cadas \u00e0 luta por moradia digna e reforma urbana. Foi ali que conheceu sua companheira, Nat\u00e1lia Szermeta, com quem teve duas filhas: Sofia e Laura.<\/p>\n<p>Filiado ao Partido Socialismo e Liberdade (PSOL), ele ganhou notoriedade nacional quando foi candidato \u00e0 Presid\u00eancia da Rep\u00fablica em 2018, com apenas 35 anos. Concorreu por duas vezes \u00e0 Prefeitura de S\u00e3o Paulo, em 2020 e 2024.<\/p>\n<p>Foi eleito deputado federal em 2022, com mais de 1 milh\u00e3o de votos, tornando-se n\u00e3o apenas o candidato mais votado do estado, segundo mais votado de todo o pa\u00eds.<\/p>\n<p>&nbsp;<\/p>\n<p>Fonte: Portal CidadeVerde.<br \/>\nConfira esta e outras mat\u00e9rias na \u00edntegra pelo link:\u00a0https:\/\/cidadeverde.com\/noticias\/444041\/guilherme-boulos-assumira-secretaria-geral-da-presidencia<\/p>\n","protected":false},"excerpt":{"rendered":"<p>O presidente Luiz In\u00e1cio Lula da Silva se reuniu com o deputado federal Guilherme Boulos (PSOL-SP), nesta segunda-feira (20), e o convidou para ocupar o cargo de ministro-chefe da Secretaria-Geral da Presid\u00eancia da Rep\u00fablica, no lugar de M\u00e1rcio Mac\u00eado, que estava na fun\u00e7\u00e3o desde o in\u00edcio do governo, em janeiro de 2023. O an\u00fancio foi [&hellip;]<\/p>\n","protected":false},"author":3,"featured_media":11438,"comment_status":"open","ping_status":"open","sticky":false,"template":"","format":"standard","meta":{"om_disable_all_campaigns":false,"_monsterinsights_skip_tracking":false,"_monsterinsights_sitenote_active":false,"_monsterinsights_sitenote_note":"","_monsterinsights_sitenote_category":0,"footnotes":""},"categories":[47,30],"tags":[],"class_list":["post-11437","post","type-post","status-publish","format-standard","has-post-thumbnail","hentry","category-nacionais","category-politica"],"jetpack_featured_media_url":"https:\/\/fatoelado.com\/wp-content\/uploads\/2025\/10\/bad05a49-17f6-4058-8a3a-0610f11ad268.jpg","_links":{"self":[{"href":"https:\/\/fatoelado.com\/index.php?rest_route=\/wp\/v2\/posts\/11437","targetHints":{"allow":["GET"]}}],"collection":[{"href":"https:\/\/fatoelado.com\/index.php?rest_route=\/wp\/v2\/posts"}],"about":[{"href":"https:\/\/fatoelado.com\/index.php?rest_route=\/wp\/v2\/types\/post"}],"author":[{"embeddable":true,"href":"https:\/\/fatoelado.com\/index.php?rest_route=\/wp\/v2\/users\/3"}],"replies":[{"embeddable":true,"href":"https:\/\/fatoelado.com\/index.php?rest_route=%2Fwp%2Fv2%2Fcomments&post=11437"}],"version-history":[{"count":1,"href":"https:\/\/fatoelado.com\/index.php?rest_route=\/wp\/v2\/posts\/11437\/revisions"}],"predecessor-version":[{"id":11439,"href":"https:\/\/fatoelado.com\/index.php?rest_route=\/wp\/v2\/posts\/11437\/revisions\/11439"}],"wp:featuredmedia":[{"embeddable":true,"href":"https:\/\/fatoelado.com\/index.php?rest_route=\/wp\/v2\/media\/11438"}],"wp:attachment":[{"href":"https:\/\/fatoelado.com\/index.php?rest_route=%2Fwp%2Fv2%2Fmedia&parent=11437"}],"wp:term":[{"taxonomy":"category","embeddable":true,"href":"https:\/\/fatoelado.com\/index.php?rest_route=%2Fwp%2Fv2%2Fcategories&post=11437"},{"taxonomy":"post_tag","embeddable":true,"href":"https:\/\/fatoelado.com\/index.php?rest_route=%2Fwp%2Fv2%2Ftags&post=11437"}],"curies":[{"name":"wp","href":"https:\/\/api.w.org\/{rel}","templated":true}]}}