{"id":11395,"date":"2025-10-20T12:34:04","date_gmt":"2025-10-20T15:34:04","guid":{"rendered":"https:\/\/fatoelado.com\/?p=11395"},"modified":"2025-10-20T12:34:04","modified_gmt":"2025-10-20T15:34:04","slug":"sesapi-inicia-curso-de-especializacao-em-preceptoria-para-fortalecer-a-educacao-profissional-em-saude","status":"publish","type":"post","link":"https:\/\/fatoelado.com\/?p=11395","title":{"rendered":"Sesapi inicia curso de especializa\u00e7\u00e3o em Preceptoria para fortalecer a educa\u00e7\u00e3o profissional em Sa\u00fade"},"content":{"rendered":"<h2 class=\"elementor-heading-title elementor-size-default\" style=\"text-align: center;\">Nesta primeira etapa, participam 128 profissionais de sa\u00fade, distribu\u00eddos em cinco turmas \u2014 duas em Teresina, e uma em cada munic\u00edpio de Picos, Parna\u00edba e Floriano.<\/h2>\n<p>&nbsp;<\/p>\n<div id=\"div_conteudo\" class=\"elementor-element elementor-element-2b45a66 elementor-widget elementor-widget-theme-post-content\" data-id=\"2b45a66\" data-element_type=\"widget\" data-widget_type=\"theme-post-content.default\">\n<div class=\"elementor-widget-container\">\n<p>Com o objetivo de fortalecer a forma\u00e7\u00e3o dos profissionais do Sistema \u00danico de Sa\u00fade (SUS), o Curso de Especializa\u00e7\u00e3o em Preceptoria para a Educa\u00e7\u00e3o Profissional em Sa\u00fade, com \u00eanfase em Aten\u00e7\u00e3o Prim\u00e1ria \u00e0 Sa\u00fade (APS) e Vigil\u00e2ncia em Sa\u00fade, come\u00e7ou nesta segunda-feira (20).<\/p>\n<p>A iniciativa \u00e9 promovida pela Escola de Sa\u00fade P\u00fablica da Secretaria de Estado da Sa\u00fade (Sesapi), em parceria com a Escola Polit\u00e9cnica de Sa\u00fade Joaquim Ven\u00e2ncio (EPSJV\/Fiocruz) e o Minist\u00e9rio da Sa\u00fade, por meio da Secretaria de Gest\u00e3o do Trabalho e da Educa\u00e7\u00e3o na Sa\u00fade (SGTES\/MS).<\/p>\n<p>Nesta primeira etapa, participam 128 profissionais de sa\u00fade, distribu\u00eddos em cinco turmas \u2014 duas em Teresina, e uma em cada munic\u00edpio de Picos, Parna\u00edba e Floriano \u2014 acompanhadas por 19 docentes selecionados e qualificados pela Fiocruz.<\/p>\n<p><img loading=\"lazy\" decoding=\"async\" class=\"alignnone size-full wp-image-92693\" src=\"https:\/\/www.pi.gov.br\/wp-content\/uploads\/2025\/10\/WhatsApp-Image-2025-10-20-at-11.05.16.jpeg\" sizes=\"auto, (max-width: 1280px) 100vw, 1280px\" srcset=\"https:\/\/www.pi.gov.br\/wp-content\/uploads\/2025\/10\/WhatsApp-Image-2025-10-20-at-11.05.16.jpeg 1280w, https:\/\/www.pi.gov.br\/wp-content\/uploads\/2025\/10\/WhatsApp-Image-2025-10-20-at-11.05.16-300x200.jpeg 300w, https:\/\/www.pi.gov.br\/wp-content\/uploads\/2025\/10\/WhatsApp-Image-2025-10-20-at-11.05.16-1024x682.jpeg 1024w, https:\/\/www.pi.gov.br\/wp-content\/uploads\/2025\/10\/WhatsApp-Image-2025-10-20-at-11.05.16-768x512.jpeg 768w\" alt=\"\" width=\"1280\" height=\"853\" \/><\/p>\n<p>O curso tem como prop\u00f3sito qualificar preceptores-docentes para o SUS, integrando educa\u00e7\u00e3o, trabalho e cuidado, de modo a fortalecer os processos formativos nas redes de aten\u00e7\u00e3o. A especializa\u00e7\u00e3o tamb\u00e9m contribuir\u00e1 para a prepara\u00e7\u00e3o de preceptores do Programa Mais Sa\u00fade com Agente, voltado \u00e0 forma\u00e7\u00e3o t\u00e9cnica de Agentes Comunit\u00e1rios de Sa\u00fade (ACS) e Agentes de Combate \u00e0s Endemias (ACE).<\/p>\n<p><img loading=\"lazy\" decoding=\"async\" class=\"alignnone size-full wp-image-92696\" src=\"https:\/\/www.pi.gov.br\/wp-content\/uploads\/2025\/10\/WhatsApp-Image-2025-10-20-at-11.05.11.jpeg\" sizes=\"auto, (max-width: 1280px) 100vw, 1280px\" srcset=\"https:\/\/www.pi.gov.br\/wp-content\/uploads\/2025\/10\/WhatsApp-Image-2025-10-20-at-11.05.11.jpeg 1280w, https:\/\/www.pi.gov.br\/wp-content\/uploads\/2025\/10\/WhatsApp-Image-2025-10-20-at-11.05.11-300x200.jpeg 300w, https:\/\/www.pi.gov.br\/wp-content\/uploads\/2025\/10\/WhatsApp-Image-2025-10-20-at-11.05.11-1024x682.jpeg 1024w, https:\/\/www.pi.gov.br\/wp-content\/uploads\/2025\/10\/WhatsApp-Image-2025-10-20-at-11.05.11-768x512.jpeg 768w\" alt=\"\" width=\"1280\" height=\"853\" \/><\/p>\n<p>Com carga hor\u00e1ria de 360 horas e dura\u00e7\u00e3o de oito meses, o curso ser\u00e1 ofertado em formato h\u00edbrido, combinando encontros presenciais nos polos e atividades on-line para discuss\u00e3o de casos, orienta\u00e7\u00e3o acad\u00eamica e trilhas de aprendizagem no Ambiente Virtual de Aprendizagem (AVA) do Conasems.<\/p>\n<p>\u201cCom essa qualifica\u00e7\u00e3o, ajudamos a reduzir as desigualdades regionais entre os polos de sa\u00fade do nosso estado. Assim, a popula\u00e7\u00e3o se beneficiar\u00e1 com um atendimento de melhor qualidade nas diversas regi\u00f5es do Piau\u00ed\u201d, destaca Miriam Parente, diretora da Escola de Sa\u00fade P\u00fablica.<\/p>\n<p><img loading=\"lazy\" decoding=\"async\" class=\"alignnone size-full wp-image-92694\" src=\"https:\/\/www.pi.gov.br\/wp-content\/uploads\/2025\/10\/WhatsApp-Image-2025-10-20-at-11.05.15.jpeg\" sizes=\"auto, (max-width: 1280px) 100vw, 1280px\" srcset=\"https:\/\/www.pi.gov.br\/wp-content\/uploads\/2025\/10\/WhatsApp-Image-2025-10-20-at-11.05.15.jpeg 1280w, https:\/\/www.pi.gov.br\/wp-content\/uploads\/2025\/10\/WhatsApp-Image-2025-10-20-at-11.05.15-300x200.jpeg 300w, https:\/\/www.pi.gov.br\/wp-content\/uploads\/2025\/10\/WhatsApp-Image-2025-10-20-at-11.05.15-1024x682.jpeg 1024w, https:\/\/www.pi.gov.br\/wp-content\/uploads\/2025\/10\/WhatsApp-Image-2025-10-20-at-11.05.15-768x512.jpeg 768w\" alt=\"\" width=\"1280\" height=\"853\" \/>\u00a0<img loading=\"lazy\" decoding=\"async\" class=\"alignnone size-full wp-image-92695\" src=\"https:\/\/www.pi.gov.br\/wp-content\/uploads\/2025\/10\/WhatsApp-Image-2025-10-20-at-11.05.14.jpeg\" sizes=\"auto, (max-width: 1280px) 100vw, 1280px\" srcset=\"https:\/\/www.pi.gov.br\/wp-content\/uploads\/2025\/10\/WhatsApp-Image-2025-10-20-at-11.05.14.jpeg 1280w, https:\/\/www.pi.gov.br\/wp-content\/uploads\/2025\/10\/WhatsApp-Image-2025-10-20-at-11.05.14-300x200.jpeg 300w, https:\/\/www.pi.gov.br\/wp-content\/uploads\/2025\/10\/WhatsApp-Image-2025-10-20-at-11.05.14-1024x682.jpeg 1024w, https:\/\/www.pi.gov.br\/wp-content\/uploads\/2025\/10\/WhatsApp-Image-2025-10-20-at-11.05.14-768x512.jpeg 768w\" alt=\"\" width=\"1280\" height=\"853\" \/><\/p>\n<\/div>\n<\/div>\n","protected":false},"excerpt":{"rendered":"<p>Nesta primeira etapa, participam 128 profissionais de sa\u00fade, distribu\u00eddos em cinco turmas \u2014 duas em Teresina, e uma em cada munic\u00edpio de Picos, Parna\u00edba e Floriano. &nbsp; Com o objetivo de fortalecer a forma\u00e7\u00e3o dos profissionais do Sistema \u00danico de Sa\u00fade (SUS), o Curso de Especializa\u00e7\u00e3o em Preceptoria para a Educa\u00e7\u00e3o Profissional em Sa\u00fade, com [&hellip;]<\/p>\n","protected":false},"author":3,"featured_media":11396,"comment_status":"open","ping_status":"open","sticky":false,"template":"","format":"standard","meta":{"om_disable_all_campaigns":false,"_monsterinsights_skip_tracking":false,"_monsterinsights_sitenote_active":false,"_monsterinsights_sitenote_note":"","_monsterinsights_sitenote_category":0,"footnotes":""},"categories":[33,42],"tags":[],"class_list":["post-11395","post","type-post","status-publish","format-standard","has-post-thumbnail","hentry","category-piaui","category-saude"],"jetpack_featured_media_url":"https:\/\/fatoelado.com\/wp-content\/uploads\/2025\/10\/WhatsApp-Image-2025-10-20-at-11.05.16.jpeg","_links":{"self":[{"href":"https:\/\/fatoelado.com\/index.php?rest_route=\/wp\/v2\/posts\/11395","targetHints":{"allow":["GET"]}}],"collection":[{"href":"https:\/\/fatoelado.com\/index.php?rest_route=\/wp\/v2\/posts"}],"about":[{"href":"https:\/\/fatoelado.com\/index.php?rest_route=\/wp\/v2\/types\/post"}],"author":[{"embeddable":true,"href":"https:\/\/fatoelado.com\/index.php?rest_route=\/wp\/v2\/users\/3"}],"replies":[{"embeddable":true,"href":"https:\/\/fatoelado.com\/index.php?rest_route=%2Fwp%2Fv2%2Fcomments&post=11395"}],"version-history":[{"count":1,"href":"https:\/\/fatoelado.com\/index.php?rest_route=\/wp\/v2\/posts\/11395\/revisions"}],"predecessor-version":[{"id":11397,"href":"https:\/\/fatoelado.com\/index.php?rest_route=\/wp\/v2\/posts\/11395\/revisions\/11397"}],"wp:featuredmedia":[{"embeddable":true,"href":"https:\/\/fatoelado.com\/index.php?rest_route=\/wp\/v2\/media\/11396"}],"wp:attachment":[{"href":"https:\/\/fatoelado.com\/index.php?rest_route=%2Fwp%2Fv2%2Fmedia&parent=11395"}],"wp:term":[{"taxonomy":"category","embeddable":true,"href":"https:\/\/fatoelado.com\/index.php?rest_route=%2Fwp%2Fv2%2Fcategories&post=11395"},{"taxonomy":"post_tag","embeddable":true,"href":"https:\/\/fatoelado.com\/index.php?rest_route=%2Fwp%2Fv2%2Ftags&post=11395"}],"curies":[{"name":"wp","href":"https:\/\/api.w.org\/{rel}","templated":true}]}}