{"id":11392,"date":"2025-10-20T12:33:05","date_gmt":"2025-10-20T15:33:05","guid":{"rendered":"https:\/\/fatoelado.com\/?p=11392"},"modified":"2025-10-20T12:33:05","modified_gmt":"2025-10-20T15:33:05","slug":"sejus-oferta-curso-de-inteligencia-emocional-aos-internos-da-major-cesar","status":"publish","type":"post","link":"https:\/\/fatoelado.com\/?p=11392","title":{"rendered":"Sejus oferta curso de intelig\u00eancia emocional aos internos da Major C\u00e9sar"},"content":{"rendered":"<h2 class=\"elementor-heading-title elementor-size-default\" style=\"text-align: center;\">Ao ser aplicado no contexto prisional, o M\u00e9todo CIS visa estimular o autoconhecimento e o senso de responsabilidade, contribuindo para uma ressocializa\u00e7\u00e3o mais efetiva.<\/h2>\n<p>&nbsp;<\/p>\n<p>A Secretaria de Estado da Justi\u00e7a do Piau\u00ed, em parceria com a Febracis Holding S\u00e3o Paulo, ofertaram, nesta segunda-feira (20), a \u00faltima edi\u00e7\u00e3o do M\u00e9todo CIS 2025, aos reeducandos da Col\u00f4nia Agr\u00edcola Major C\u00e9sar Oliveira, em Altos. A atividade foi transmitida de forma virtual e teve como objetivo promover a ressocializa\u00e7\u00e3o, equil\u00edbrio emocional e desenvolvimento pessoal de 72 internos que participaram do evento.<\/p>\n<p>O M\u00e9todo Coaching Integral Sist\u00eamico (CIS ) \u00e9 um programa de treinamento em intelig\u00eancia emocional e desenvolvimento humano, criado por Paulo Vieira e desenvolvido pela Febracis, com base em estudos da neuroci\u00eancia, psicologia positiva e coaching.<\/p>\n<p><img loading=\"lazy\" decoding=\"async\" class=\"alignnone size-full wp-image-92721\" src=\"https:\/\/www.pi.gov.br\/wp-content\/uploads\/2025\/10\/WhatsApp-Image-2025-10-20-at-10.03.31-1.jpeg\" sizes=\"auto, (max-width: 1600px) 100vw, 1600px\" srcset=\"https:\/\/www.pi.gov.br\/wp-content\/uploads\/2025\/10\/WhatsApp-Image-2025-10-20-at-10.03.31-1.jpeg 1600w, https:\/\/www.pi.gov.br\/wp-content\/uploads\/2025\/10\/WhatsApp-Image-2025-10-20-at-10.03.31-1-300x225.jpeg 300w, https:\/\/www.pi.gov.br\/wp-content\/uploads\/2025\/10\/WhatsApp-Image-2025-10-20-at-10.03.31-1-1024x768.jpeg 1024w, https:\/\/www.pi.gov.br\/wp-content\/uploads\/2025\/10\/WhatsApp-Image-2025-10-20-at-10.03.31-1-768x576.jpeg 768w, https:\/\/www.pi.gov.br\/wp-content\/uploads\/2025\/10\/WhatsApp-Image-2025-10-20-at-10.03.31-1-1536x1152.jpeg 1536w\" alt=\"\" width=\"1600\" height=\"1200\" \/><\/p>\n<p>\u201cO evento foi para que esses internos possam voltar para a sociedade com a sua intelig\u00eancia emocional, as suas cren\u00e7as reprogramadas, de forma que a sociedade possa acolh\u00ea-los da melhor forma poss\u00edvel, de entender suas decis\u00f5es e que possam ser verdadeiramente reintegrados \u00e0 sociedade\u201d, relatou a master coach \u00darsula Alves.<\/p>\n<p><img loading=\"lazy\" decoding=\"async\" class=\"alignnone size-full wp-image-92722\" src=\"https:\/\/www.pi.gov.br\/wp-content\/uploads\/2025\/10\/WhatsApp-Image-2025-10-20-at-10.03.31.jpeg\" sizes=\"auto, (max-width: 1600px) 100vw, 1600px\" srcset=\"https:\/\/www.pi.gov.br\/wp-content\/uploads\/2025\/10\/WhatsApp-Image-2025-10-20-at-10.03.31.jpeg 1600w, https:\/\/www.pi.gov.br\/wp-content\/uploads\/2025\/10\/WhatsApp-Image-2025-10-20-at-10.03.31-300x225.jpeg 300w, https:\/\/www.pi.gov.br\/wp-content\/uploads\/2025\/10\/WhatsApp-Image-2025-10-20-at-10.03.31-1024x768.jpeg 1024w, https:\/\/www.pi.gov.br\/wp-content\/uploads\/2025\/10\/WhatsApp-Image-2025-10-20-at-10.03.31-768x576.jpeg 768w, https:\/\/www.pi.gov.br\/wp-content\/uploads\/2025\/10\/WhatsApp-Image-2025-10-20-at-10.03.31-1536x1152.jpeg 1536w\" alt=\"\" width=\"1600\" height=\"1200\" \/><\/p>\n<p>\u201cA gente acredita que \u00e9 uma oportunidade para os participantes fazerem uma viagem para dentro de si e se transformarem internamente, para quando voltarem estarem realmente aptos a viver com intelig\u00eancia emocional na sociedade\u201d, disse a diretora de humaniza\u00e7\u00e3o e reintegra\u00e7\u00e3o social da Sejus, Geus\u00e9lia Cavalcante.<\/p>\n<p>Ao ser aplicado no contexto prisional, o M\u00e9todo CIS visa estimular o autoconhecimento e o senso de responsabilidade, contribuindo para uma ressocializa\u00e7\u00e3o mais efetiva e para a reintegra\u00e7\u00e3o social dos internos.<\/p>\n","protected":false},"excerpt":{"rendered":"<p>Ao ser aplicado no contexto prisional, o M\u00e9todo CIS visa estimular o autoconhecimento e o senso de responsabilidade, contribuindo para uma ressocializa\u00e7\u00e3o mais efetiva. &nbsp; A Secretaria de Estado da Justi\u00e7a do Piau\u00ed, em parceria com a Febracis Holding S\u00e3o Paulo, ofertaram, nesta segunda-feira (20), a \u00faltima edi\u00e7\u00e3o do M\u00e9todo CIS 2025, aos reeducandos da [&hellip;]<\/p>\n","protected":false},"author":3,"featured_media":11393,"comment_status":"open","ping_status":"open","sticky":false,"template":"","format":"standard","meta":{"om_disable_all_campaigns":false,"_monsterinsights_skip_tracking":false,"_monsterinsights_sitenote_active":false,"_monsterinsights_sitenote_note":"","_monsterinsights_sitenote_category":0,"footnotes":""},"categories":[33],"tags":[],"class_list":["post-11392","post","type-post","status-publish","format-standard","has-post-thumbnail","hentry","category-piaui"],"jetpack_featured_media_url":"https:\/\/fatoelado.com\/wp-content\/uploads\/2025\/10\/WhatsApp-Image-2025-10-20-at-10.03.31.jpeg","_links":{"self":[{"href":"https:\/\/fatoelado.com\/index.php?rest_route=\/wp\/v2\/posts\/11392","targetHints":{"allow":["GET"]}}],"collection":[{"href":"https:\/\/fatoelado.com\/index.php?rest_route=\/wp\/v2\/posts"}],"about":[{"href":"https:\/\/fatoelado.com\/index.php?rest_route=\/wp\/v2\/types\/post"}],"author":[{"embeddable":true,"href":"https:\/\/fatoelado.com\/index.php?rest_route=\/wp\/v2\/users\/3"}],"replies":[{"embeddable":true,"href":"https:\/\/fatoelado.com\/index.php?rest_route=%2Fwp%2Fv2%2Fcomments&post=11392"}],"version-history":[{"count":1,"href":"https:\/\/fatoelado.com\/index.php?rest_route=\/wp\/v2\/posts\/11392\/revisions"}],"predecessor-version":[{"id":11394,"href":"https:\/\/fatoelado.com\/index.php?rest_route=\/wp\/v2\/posts\/11392\/revisions\/11394"}],"wp:featuredmedia":[{"embeddable":true,"href":"https:\/\/fatoelado.com\/index.php?rest_route=\/wp\/v2\/media\/11393"}],"wp:attachment":[{"href":"https:\/\/fatoelado.com\/index.php?rest_route=%2Fwp%2Fv2%2Fmedia&parent=11392"}],"wp:term":[{"taxonomy":"category","embeddable":true,"href":"https:\/\/fatoelado.com\/index.php?rest_route=%2Fwp%2Fv2%2Fcategories&post=11392"},{"taxonomy":"post_tag","embeddable":true,"href":"https:\/\/fatoelado.com\/index.php?rest_route=%2Fwp%2Fv2%2Ftags&post=11392"}],"curies":[{"name":"wp","href":"https:\/\/api.w.org\/{rel}","templated":true}]}}