{"id":11386,"date":"2025-10-20T12:31:18","date_gmt":"2025-10-20T15:31:18","guid":{"rendered":"https:\/\/fatoelado.com\/?p=11386"},"modified":"2025-10-20T12:31:18","modified_gmt":"2025-10-20T15:31:18","slug":"seplan-e-sesapi-promovem-acao-voltada-a-prevencao-do-cancer-de-mama","status":"publish","type":"post","link":"https:\/\/fatoelado.com\/?p=11386","title":{"rendered":"Seplan e Sesapi promovem a\u00e7\u00e3o voltada \u00e0 preven\u00e7\u00e3o do c\u00e2ncer de mama"},"content":{"rendered":"<h2 class=\"elementor-heading-title elementor-size-default\" style=\"text-align: center;\">A a\u00e7\u00e3o visa ainda facilitar o acesso das servidoras ao exame, levando o servi\u00e7o at\u00e9 o local de trabalho e estimulando a cultura do autocuidado.<\/h2>\n<p>Em alus\u00e3o ao Outubro Rosa, a Secretaria do Planejamento (Seplan), em parceria com a Secretaria da Sa\u00fade (Sesapi), realizou, nesta segunda-feira (20), o primeiro dia da a\u00e7\u00e3o especial voltada \u00e0 preven\u00e7\u00e3o e ao diagn\u00f3stico precoce do c\u00e2ncer de mama. A iniciativa, que segue at\u00e9 ter\u00e7a-feira (21), integra o Programa Retribuir e est\u00e1 sendo realizada no estacionamento do Departamento de Estradas de Rodagens (DER\/PI), com a oferta gratuita de exames de mamografia para servidoras com idade entre 40 e 69 anos.<\/p>\n<p>A atividade refor\u00e7a a import\u00e2ncia do diagn\u00f3stico precoce como principal estrat\u00e9gia para reduzir a mortalidade por c\u00e2ncer de mama. A a\u00e7\u00e3o visa ainda facilitar o acesso das servidoras ao exame, levando o servi\u00e7o at\u00e9 o local de trabalho e estimulando a cultura do autocuidado.<\/p>\n<figure id=\"attachment_92713\" class=\"wp-caption alignnone\" aria-describedby=\"caption-attachment-92713\"><img loading=\"lazy\" decoding=\"async\" class=\"wp-image-92713 size-full\" src=\"https:\/\/www.pi.gov.br\/wp-content\/uploads\/2025\/10\/1-4.png\" sizes=\"auto, (max-width: 2136px) 100vw, 2136px\" srcset=\"https:\/\/www.pi.gov.br\/wp-content\/uploads\/2025\/10\/1-4.png 2136w, https:\/\/www.pi.gov.br\/wp-content\/uploads\/2025\/10\/1-4-300x200.png 300w, https:\/\/www.pi.gov.br\/wp-content\/uploads\/2025\/10\/1-4-1024x683.png 1024w, https:\/\/www.pi.gov.br\/wp-content\/uploads\/2025\/10\/1-4-768x512.png 768w, https:\/\/www.pi.gov.br\/wp-content\/uploads\/2025\/10\/1-4-1536x1024.png 1536w, https:\/\/www.pi.gov.br\/wp-content\/uploads\/2025\/10\/1-4-2048x1365.png 2048w\" alt=\"\" width=\"2136\" height=\"1424\" \/><figcaption id=\"caption-attachment-92713\" class=\"wp-caption-text\">Foto: Ascom Seplan<\/figcaption><\/figure>\n<p>Durante a a\u00e7\u00e3o, as servidoras realizaram o exame de forma gratuita e segura, contribuindo para o fortalecimento das pol\u00edticas p\u00fablicas de sa\u00fade voltadas ao p\u00fablico feminino. O diretor de Gest\u00e3o Estrat\u00e9gica para Pessoas da Seplan, Karol Jeffesson, destacou o impacto positivo da iniciativa. \u201cPara n\u00f3s, da gest\u00e3o de pessoas, essa a\u00e7\u00e3o representa um marco na valoriza\u00e7\u00e3o da servidora. Ao levar o exame de mamografia at\u00e9 a Secretaria do Planejamento, facilitamos o acesso, fortalecemos a cultura da preven\u00e7\u00e3o e mostramos que cuidar da sa\u00fade \u00e9 uma prioridade do governo. Nosso objetivo \u00e9 reduzir o tempo entre suspeita e tratamento, salvando vidas\u201d, destacou.<\/p>\n<p>A assessora de comunica\u00e7\u00e3o da Seplan, Bi\u00e1 Boakari, tamb\u00e9m destacou a import\u00e2ncia da a\u00e7\u00e3o para as servidoras. \u201cA mamografia \u00e9 essencial para as mulheres acima dos 40 anos e poder contar com esse exame no local de trabalho facilita demais para n\u00f3s, servidoras. Essa e outras a\u00e7\u00f5es voltadas para sa\u00fade e bem-estar est\u00e3o sendo realizadas de forma organizada e alinhadas \u00e0s orienta\u00e7\u00f5es da Secretaria da Sa\u00fade\u201d, afirmou.<\/p>\n","protected":false},"excerpt":{"rendered":"<p>A a\u00e7\u00e3o visa ainda facilitar o acesso das servidoras ao exame, levando o servi\u00e7o at\u00e9 o local de trabalho e estimulando a cultura do autocuidado. Em alus\u00e3o ao Outubro Rosa, a Secretaria do Planejamento (Seplan), em parceria com a Secretaria da Sa\u00fade (Sesapi), realizou, nesta segunda-feira (20), o primeiro dia da a\u00e7\u00e3o especial voltada \u00e0 [&hellip;]<\/p>\n","protected":false},"author":3,"featured_media":11387,"comment_status":"open","ping_status":"open","sticky":false,"template":"","format":"standard","meta":{"om_disable_all_campaigns":false,"_monsterinsights_skip_tracking":false,"_monsterinsights_sitenote_active":false,"_monsterinsights_sitenote_note":"","_monsterinsights_sitenote_category":0,"footnotes":""},"categories":[33,42],"tags":[],"class_list":["post-11386","post","type-post","status-publish","format-standard","has-post-thumbnail","hentry","category-piaui","category-saude"],"jetpack_featured_media_url":"https:\/\/fatoelado.com\/wp-content\/uploads\/2025\/10\/1-4-2048x1365-1.png","_links":{"self":[{"href":"https:\/\/fatoelado.com\/index.php?rest_route=\/wp\/v2\/posts\/11386","targetHints":{"allow":["GET"]}}],"collection":[{"href":"https:\/\/fatoelado.com\/index.php?rest_route=\/wp\/v2\/posts"}],"about":[{"href":"https:\/\/fatoelado.com\/index.php?rest_route=\/wp\/v2\/types\/post"}],"author":[{"embeddable":true,"href":"https:\/\/fatoelado.com\/index.php?rest_route=\/wp\/v2\/users\/3"}],"replies":[{"embeddable":true,"href":"https:\/\/fatoelado.com\/index.php?rest_route=%2Fwp%2Fv2%2Fcomments&post=11386"}],"version-history":[{"count":1,"href":"https:\/\/fatoelado.com\/index.php?rest_route=\/wp\/v2\/posts\/11386\/revisions"}],"predecessor-version":[{"id":11388,"href":"https:\/\/fatoelado.com\/index.php?rest_route=\/wp\/v2\/posts\/11386\/revisions\/11388"}],"wp:featuredmedia":[{"embeddable":true,"href":"https:\/\/fatoelado.com\/index.php?rest_route=\/wp\/v2\/media\/11387"}],"wp:attachment":[{"href":"https:\/\/fatoelado.com\/index.php?rest_route=%2Fwp%2Fv2%2Fmedia&parent=11386"}],"wp:term":[{"taxonomy":"category","embeddable":true,"href":"https:\/\/fatoelado.com\/index.php?rest_route=%2Fwp%2Fv2%2Fcategories&post=11386"},{"taxonomy":"post_tag","embeddable":true,"href":"https:\/\/fatoelado.com\/index.php?rest_route=%2Fwp%2Fv2%2Ftags&post=11386"}],"curies":[{"name":"wp","href":"https:\/\/api.w.org\/{rel}","templated":true}]}}