{"id":11376,"date":"2025-10-20T12:23:08","date_gmt":"2025-10-20T15:23:08","guid":{"rendered":"https:\/\/fatoelado.com\/?p=11376"},"modified":"2025-10-20T12:23:08","modified_gmt":"2025-10-20T15:23:08","slug":"governo-lanca-hoje-programa-com-r-40-bilhoes-para-reforma-de-casas-populares","status":"publish","type":"post","link":"https:\/\/fatoelado.com\/?p=11376","title":{"rendered":"Governo lan\u00e7a hoje programa com R$ 40 bilh\u00f5es para reforma de casas populares"},"content":{"rendered":"<h2 class=\"article-subtitle\" style=\"text-align: center;\">O presidente Luiz In\u00e1cio Lula da Silva lan\u00e7a nesta segunda-feira o Reforma Casa Brasil, um programa que promete mudar a realidade de milh\u00f5es de fam\u00edlias brasileiras.<\/h2>\n<p>&nbsp;<\/p>\n<div class=\"article-image-featured\"><img decoding=\"async\" class=\"i-amphtml-fill-content i-amphtml-replaced-content\" src=\"https:\/\/www.meionews.com\/uploads\/imagens\/2025\/10\/20\/presidente-da-republica-luiz-inacio-lula-da-silva-durante-cerimonia-de-anuncio-dos-projetos-habilitados-pelo-novo-pac-selecoes-2025--e01fbdbceab079bf.jpg\" alt=\"Presidente da Rep\u00fablica, Luiz In\u00e1cio Lula da Silva, durante cerim\u00f4nia de an\u00fancio dos projetos habilitados pelo Novo PAC Sele\u00e7\u00f5es 2025 | Ricardo Stuckert \/ PR\" data-amp-loading=\"lazy\" \/><small>Presidente da Rep\u00fablica, Luiz In\u00e1cio Lula da Silva, durante cerim\u00f4nia de an\u00fancio dos projetos habilitados pelo Novo PAC Sele\u00e7\u00f5es 2025 | Foto: Ricardo Stuckert \/ PR<\/small><\/div>\n<div class=\"g-news\"><\/div>\n<div class=\"article-html\">\n<div class=\"article-html-more\">\n<p><strong>O presidente Luiz In\u00e1cio Lula da Silva\u00a0<\/strong>lan\u00e7a nesta segunda-feira (20), \u00e0s 15h30, no Pal\u00e1cio do Planalto,\u00a0<strong>o Reforma Casa Brasil, um programa que promete mudar a realidade de milh\u00f5es de fam\u00edlias brasileiras.\u00a0<\/strong>A iniciativa vai disponibilizar R$ 40 bilh\u00f5es em cr\u00e9dito para reformas e melhorias em moradias populares em todo o pa\u00eds.<\/p>\n<p>Voltado a quem j\u00e1 possui im\u00f3vel, mas\u00a0<strong>enfrenta problemas estruturais, o programa quer ajudar fam\u00edlias a reparar telhados danificados<\/strong>, pisos comprometidos, instala\u00e7\u00f5es el\u00e9tricas e hidr\u00e1ulicas prec\u00e1rias, al\u00e9m de oferecer recursos para obras de acessibilidade ou amplia\u00e7\u00e3o.<\/p>\n<p>Dos R$ 40 bilh\u00f5es, R$ 30 bilh\u00f5es vir\u00e3o do Fundo Social, destinados a fam\u00edlias com renda de at\u00e9 R$ 9.600. Os R$ 10 bilh\u00f5es restantes ser\u00e3o disponibilizados pela Caixa Econ\u00f4mica Federal, por meio do Sistema Brasileiro de Poupan\u00e7a e Empr\u00e9stimo (SBPE), voltado para faixas de renda superiores. A meta inicial do governo \u00e9 realizar 1,5 milh\u00e3o de contrata\u00e7\u00f5es em todo o pa\u00eds.<\/p>\n<p>Os juros variam conforme a renda. Na faixa 1, destinada a fam\u00edlias com renda de at\u00e9 R$ 3.200, a taxa ser\u00e1 de 1,17% ao m\u00eas. J\u00e1 na faixa 2, para rendas entre R$ 3.200,01 e R$ 9.600, o juro ser\u00e1 de 1,95% ao m\u00eas. Em caso de inadimpl\u00eancia, o Fundo Garantidor da Habita\u00e7\u00e3o Popular (FGHab) dar\u00e1 suporte aos financiamentos da faixa 1.<\/p>\n<p><strong>O cr\u00e9dito poder\u00e1 ser contratado uma vez por fam\u00edlia, com prazo de pagamento de 24 a 60 meses<\/strong>\u00a0\u2014 de dois a cinco anos \u2014 e valor de parcela limitado a 25% da renda familiar. Os im\u00f3veis precisam estar em \u00e1reas urbanas e ter uso residencial ou misto. O recurso poder\u00e1 ser usado para compra de materiais de constru\u00e7\u00e3o, pagamento de m\u00e3o de obra, contrata\u00e7\u00e3o de projetos e orienta\u00e7\u00e3o t\u00e9cnica.<\/p>\n<p>O programa \u00e9 visto como uma das principais apostas da agenda social do governo, \u00e0s v\u00e9speras do ano eleitoral. Na \u00faltima sexta-feira,\u00a0<strong>Lula j\u00e1 havia anunciado um novo modelo de cr\u00e9dito habitacional\u00a0<\/strong>com recursos da poupan\u00e7a, ampliando o foco para fam\u00edlias que n\u00e3o querem comprar uma casa, mas melhorar a que j\u00e1 t\u00eam.<\/p>\n<p>Segundo o texto oficial do programa, o objetivo \u00e9 \u201cpromover o direito \u00e0 moradia adequada para a popula\u00e7\u00e3o de baixa renda, por meio de financiamentos para interven\u00e7\u00f5es de melhoria habitacional em \u00e1reas urbanas\u201d, enfrentando os desafios da desigualdade e da precariedade dos domic\u00edlios no Brasil.<\/p>\n<\/div>\n<p>&nbsp;<\/p>\n<p><label class=\"read-more\" for=\"article-more-checkbox\"><\/label><\/div>\n<div class=\"outbrain\">Fonte: Portal MeioNews.<br \/>\nConfira esta e outras mat\u00e9rias na \u00edntegra pelo link: https:\/\/www.meionews.com\/politica\/governo-lanca-hoje-programa-com-r-40-bilhoes-para-reforma-de-casas-populares-544730<\/div>\n","protected":false},"excerpt":{"rendered":"<p>O presidente Luiz In\u00e1cio Lula da Silva lan\u00e7a nesta segunda-feira o Reforma Casa Brasil, um programa que promete mudar a realidade de milh\u00f5es de fam\u00edlias brasileiras. &nbsp; Presidente da Rep\u00fablica, Luiz In\u00e1cio Lula da Silva, durante cerim\u00f4nia de an\u00fancio dos projetos habilitados pelo Novo PAC Sele\u00e7\u00f5es 2025 | Foto: Ricardo Stuckert \/ PR O presidente [&hellip;]<\/p>\n","protected":false},"author":3,"featured_media":11377,"comment_status":"open","ping_status":"open","sticky":false,"template":"","format":"standard","meta":{"om_disable_all_campaigns":false,"_monsterinsights_skip_tracking":false,"_monsterinsights_sitenote_active":false,"_monsterinsights_sitenote_note":"","_monsterinsights_sitenote_category":0,"footnotes":""},"categories":[47,30],"tags":[],"class_list":["post-11376","post","type-post","status-publish","format-standard","has-post-thumbnail","hentry","category-nacionais","category-politica"],"jetpack_featured_media_url":"https:\/\/fatoelado.com\/wp-content\/uploads\/2025\/10\/presidente-da-republica-luiz-inacio-lula-da-silva-durante-cerimonia-de-anuncio-dos-projetos-habilitados-pelo-novo-pac-selecoes-2025-e01fbdbceab079bf.jpg","_links":{"self":[{"href":"https:\/\/fatoelado.com\/index.php?rest_route=\/wp\/v2\/posts\/11376","targetHints":{"allow":["GET"]}}],"collection":[{"href":"https:\/\/fatoelado.com\/index.php?rest_route=\/wp\/v2\/posts"}],"about":[{"href":"https:\/\/fatoelado.com\/index.php?rest_route=\/wp\/v2\/types\/post"}],"author":[{"embeddable":true,"href":"https:\/\/fatoelado.com\/index.php?rest_route=\/wp\/v2\/users\/3"}],"replies":[{"embeddable":true,"href":"https:\/\/fatoelado.com\/index.php?rest_route=%2Fwp%2Fv2%2Fcomments&post=11376"}],"version-history":[{"count":1,"href":"https:\/\/fatoelado.com\/index.php?rest_route=\/wp\/v2\/posts\/11376\/revisions"}],"predecessor-version":[{"id":11378,"href":"https:\/\/fatoelado.com\/index.php?rest_route=\/wp\/v2\/posts\/11376\/revisions\/11378"}],"wp:featuredmedia":[{"embeddable":true,"href":"https:\/\/fatoelado.com\/index.php?rest_route=\/wp\/v2\/media\/11377"}],"wp:attachment":[{"href":"https:\/\/fatoelado.com\/index.php?rest_route=%2Fwp%2Fv2%2Fmedia&parent=11376"}],"wp:term":[{"taxonomy":"category","embeddable":true,"href":"https:\/\/fatoelado.com\/index.php?rest_route=%2Fwp%2Fv2%2Fcategories&post=11376"},{"taxonomy":"post_tag","embeddable":true,"href":"https:\/\/fatoelado.com\/index.php?rest_route=%2Fwp%2Fv2%2Ftags&post=11376"}],"curies":[{"name":"wp","href":"https:\/\/api.w.org\/{rel}","templated":true}]}}