{"id":11373,"date":"2025-10-20T12:21:56","date_gmt":"2025-10-20T15:21:56","guid":{"rendered":"https:\/\/fatoelado.com\/?p=11373"},"modified":"2025-10-20T12:21:56","modified_gmt":"2025-10-20T15:21:56","slug":"careca-do-inss-omitiu-compra-de-imovel-na-florida-a-receita-federal-diz-jornal","status":"publish","type":"post","link":"https:\/\/fatoelado.com\/?p=11373","title":{"rendered":"Careca do INSS omitiu compra de im\u00f3vel na Fl\u00f3rida \u00e0 Receita Federal, diz jornal"},"content":{"rendered":"<h2 class=\"article-subtitle\" style=\"text-align: center;\">Ant\u00f4nio Antunes tamb\u00e9m n\u00e3o declarou empresa aberta em Orlando com o filho.<\/h2>\n<p>&nbsp;<\/p>\n<div class=\"article-image-featured\"><img decoding=\"async\" class=\"i-amphtml-fill-content i-amphtml-replaced-content\" src=\"https:\/\/www.meionews.com\/uploads\/imagens\/2025\/10\/20\/antonio-antunes-careca-do-inss-durante-depoimento-a-cpmi--955501e2fedda321.jpg\" alt=\"Ant\u00f4nio Antunes, &quot;careca do INSS&quot;, durante depoimento a CPMI  | Vin\u00edcius Schmidt\/Metr\u00f3poles\" data-amp-loading=\"lazy\" \/><small>Ant\u00f4nio Antunes, &#8220;careca do INSS&#8221;, durante depoimento a CPMI | Foto: Vin\u00edcius Schmidt\/Metr\u00f3poles<\/small><\/div>\n<div><\/div>\n<div class=\"article-html\">\n<div class=\"article-html-more\">\n<p><strong>Ant\u00f4nio Carlos Camilo Antunes<\/strong>, o principal investigado da\u00a0Comiss\u00e3o Parlamentar Mista de Inqu\u00e9rito (CPMI) do Instituto Nacional do Seguro Social (INSS), conhecido como\u00a0<strong>&#8220;<\/strong><strong>Careca do INSS<\/strong><strong>&#8220;<\/strong>, teria\u00a0<strong>omitido \u00e0 Receita Federal a compra de um apartamento na Fl\u00f3rida, nos Estados Unidos<\/strong>. Segundo mat\u00e9ria do *Metr\u00f3poles*, o im\u00f3vel, de 100 m\u00b2, est\u00e1 avaliado em US$ 610 mil, o que equivale a R$ 3.318.400.<\/p>\n<p>A omiss\u00e3o foi identificada na Declara\u00e7\u00e3o de Imposto de Renda da Pessoa F\u00edsica (DIRPF) de 2025 do investigado, que foi enviada pela\u00a0Receita Federal\u00a0\u00e0 CPMI, ap\u00f3s o colegiado aprovar diversas quebras de sigilos fiscais e banc\u00e1rios de Ant\u00f4nio Antunes. Al\u00e9m do im\u00f3vel, o empres\u00e1rio tamb\u00e9m\u00a0<strong>n\u00e3o declarou a posse de uma companhia<\/strong>, identificada como Camilo Com\u00e9rcio e Servi\u00e7os LLC, aberta em parceria com o filho, Romeu Antunes, na cidade de Orlando, na Fl\u00f3rida.<\/p>\n<p>&nbsp;<\/p>\n<div class=\"dimg\"><img decoding=\"async\" class=\"i-amphtml-intrinsic-sizer\" role=\"presentation\" src=\"data:;base64,<svg height=\"800px\" width=\"1200px\" xmlns=\"http:\/\/www.w3.org\/2000\/svg\" version=\"1.1\"\/>&#8221; alt=&#8221;&#8221; aria-hidden=&#8221;true&#8221; \/><img decoding=\"async\" class=\"i-amphtml-fill-content i-amphtml-replaced-content\" src=\"https:\/\/www.meionews.com\/uploads\/imagens\/2025\/10\/20\/careca-do-inss-omite-compra-de-imovel-na-florida-a-receita-federal-diz-jornal--cf794c13cdaf2455.jpg\" alt=\"Ant\u00f4nio Antunes, \u201ccareca do INSS\u201d, durante depoimento a CPMI - Foto: Vin\u00edcius Schmidt\/Metr\u00f3poles\" data-amp-loading=\"lazy\" \/><\/div>\n<p><span class=\"fr-inner\">Ant\u00f4nio Antunes, &#8220;careca do INSS&#8221;, durante depoimento a CPMI &#8211; Foto: Vin\u00edcius Schmidt\/Metr\u00f3poles<\/span>&nbsp;<\/p>\n<p>Ao\u00a0Metr\u00f3poles, a defesa do lobista alegou que vai explicar tal aus\u00eancia na DIRPF nos autos do processo.<\/p>\n<h3><strong>Consequ\u00eancias jur\u00eddicas<\/strong><\/h3>\n<p>A omiss\u00e3o patrimonial pode gerar consequ\u00eancias jur\u00eddicas no Brasil e nos Estados Unidos. A n\u00e3o declara\u00e7\u00e3o de im\u00f3vel e empresa no exterior pode configurar crime contra a ordem tribut\u00e1ria (Lei n\u00ba 8.137\/1990), lavagem de dinheiro caso os recursos tenham origem il\u00edcita (pena de 3 a 10 anos), evas\u00e3o de divisas (Lei n\u00ba 7.492\/1986, pena de 2 a 6 anos) e falsidade ideol\u00f3gica na declara\u00e7\u00e3o de IR (art. 299 do C\u00f3digo Penal, pena de 1 a 5 anos). Al\u00e9m disso, a Receita Federal pode aplicar multas, cobrar impostos, bloquear bens e inscrever o nome do contribuinte na D\u00edvida Ativa. A CPMI pode pedir o indiciamento por crimes tribut\u00e1rios e financeiros, e, nos EUA, o IRS pode investigar, bloquear ou confiscar os bens envolvidos.<\/p>\n<\/div>\n<div><\/div>\n<div class=\"mgbox\">Fonte: Portal MeioNews.<br \/>\nConfira esta e outras mat\u00e9rias na \u00edntegra pelo link: https:\/\/www.meionews.com\/politica\/careca-do-inss-omitiu-compra-de-imovel-na-florida-a-receita-federal-diz-jornal-544740<\/div>\n<p><label class=\"read-more\" for=\"article-more-checkbox\"><\/label><\/div>\n","protected":false},"excerpt":{"rendered":"<p>Ant\u00f4nio Antunes tamb\u00e9m n\u00e3o declarou empresa aberta em Orlando com o filho. &nbsp; Ant\u00f4nio Antunes, &#8220;careca do INSS&#8221;, durante depoimento a CPMI | Foto: Vin\u00edcius Schmidt\/Metr\u00f3poles Ant\u00f4nio Carlos Camilo Antunes, o principal investigado da\u00a0Comiss\u00e3o Parlamentar Mista de Inqu\u00e9rito (CPMI) do Instituto Nacional do Seguro Social (INSS), conhecido como\u00a0&#8220;Careca do INSS&#8220;, teria\u00a0omitido \u00e0 Receita Federal a [&hellip;]<\/p>\n","protected":false},"author":3,"featured_media":11374,"comment_status":"open","ping_status":"open","sticky":false,"template":"","format":"standard","meta":{"om_disable_all_campaigns":false,"_monsterinsights_skip_tracking":false,"_monsterinsights_sitenote_active":false,"_monsterinsights_sitenote_note":"","_monsterinsights_sitenote_category":0,"footnotes":""},"categories":[47,542,30],"tags":[],"class_list":["post-11373","post","type-post","status-publish","format-standard","has-post-thumbnail","hentry","category-nacionais","category-policia","category-politica"],"jetpack_featured_media_url":"https:\/\/fatoelado.com\/wp-content\/uploads\/2025\/10\/antonio-antunes-careca-do-inss-durante-depoimento-a-cpmi-955501e2fedda321.jpg","_links":{"self":[{"href":"https:\/\/fatoelado.com\/index.php?rest_route=\/wp\/v2\/posts\/11373","targetHints":{"allow":["GET"]}}],"collection":[{"href":"https:\/\/fatoelado.com\/index.php?rest_route=\/wp\/v2\/posts"}],"about":[{"href":"https:\/\/fatoelado.com\/index.php?rest_route=\/wp\/v2\/types\/post"}],"author":[{"embeddable":true,"href":"https:\/\/fatoelado.com\/index.php?rest_route=\/wp\/v2\/users\/3"}],"replies":[{"embeddable":true,"href":"https:\/\/fatoelado.com\/index.php?rest_route=%2Fwp%2Fv2%2Fcomments&post=11373"}],"version-history":[{"count":1,"href":"https:\/\/fatoelado.com\/index.php?rest_route=\/wp\/v2\/posts\/11373\/revisions"}],"predecessor-version":[{"id":11375,"href":"https:\/\/fatoelado.com\/index.php?rest_route=\/wp\/v2\/posts\/11373\/revisions\/11375"}],"wp:featuredmedia":[{"embeddable":true,"href":"https:\/\/fatoelado.com\/index.php?rest_route=\/wp\/v2\/media\/11374"}],"wp:attachment":[{"href":"https:\/\/fatoelado.com\/index.php?rest_route=%2Fwp%2Fv2%2Fmedia&parent=11373"}],"wp:term":[{"taxonomy":"category","embeddable":true,"href":"https:\/\/fatoelado.com\/index.php?rest_route=%2Fwp%2Fv2%2Fcategories&post=11373"},{"taxonomy":"post_tag","embeddable":true,"href":"https:\/\/fatoelado.com\/index.php?rest_route=%2Fwp%2Fv2%2Ftags&post=11373"}],"curies":[{"name":"wp","href":"https:\/\/api.w.org\/{rel}","templated":true}]}}