{"id":11370,"date":"2025-10-20T12:20:22","date_gmt":"2025-10-20T15:20:22","guid":{"rendered":"https:\/\/fatoelado.com\/?p=11370"},"modified":"2025-10-20T12:20:22","modified_gmt":"2025-10-20T15:20:22","slug":"ciro-gomes-deve-ser-candidato-ao-governo-do-ceara-em-2026-pelo-psdb","status":"publish","type":"post","link":"https:\/\/fatoelado.com\/?p=11370","title":{"rendered":"Ciro Gomes deve ser candidato ao governo do Cear\u00e1 em 2026 pelo PSDB"},"content":{"rendered":"<h2 class=\"article-subtitle\" style=\"text-align: center;\">Presidente estadual do PSDB, Ozires Pontes, confirmou filia\u00e7\u00e3o do pol\u00edtico a legenda.<\/h2>\n<p>&nbsp;<\/p>\n<div class=\"article-image-featured\"><img decoding=\"async\" class=\"i-amphtml-fill-content i-amphtml-replaced-content\" src=\"https:\/\/www.meionews.com\/uploads\/imagens\/2025\/10\/20\/ex-governador-do-ceara-ciro-gomes--879e0e05bcd1ca13.jpg\" alt=\"Ex-governador do Cear\u00e1, Ciro Gomes | Reprodu\u00e7\u00e3o\/ Redes sociais\" data-amp-loading=\"lazy\" \/><small>Ex-governador do Cear\u00e1, Ciro Gomes | Foto: Reprodu\u00e7\u00e3o\/ Redes sociais<\/small><\/div>\n<div class=\"g-news\"><\/div>\n<div class=\"article-html\">\n<div class=\"article-html-more\">\n<p>Al\u00e9m da volta ao\u00a0PSDB,\u00a0<strong>Ciro Gomes<\/strong><strong>\u00a0deve ser o candidato do partido ao governo do Cear\u00e1 em 2026<\/strong>, afirmou Ozires Pontes, presidente estadual da sigla no estado. A declara\u00e7\u00e3o foi feita em um v\u00eddeo, publicado na \u00faltima sexta-feira (17) nas redes sociais do pol\u00edtico.<\/p>\n<blockquote><p>&#8220;Em poucos dias ou em poucos meses, o pr\u00f3prio Ciro estar\u00e1 anunciando a candidatura dele ao governo do Estado do Cear\u00e1&#8221;, afirmou Ozires.<\/p><\/blockquote>\n<p>O presidente do PSDB comentou tamb\u00e9m que a articula\u00e7\u00e3o do retorno de Ciro ao partido se deu por meio do ex-senador Tasso Jereissati. Ainda na sexta-feira, Ciro\u00a0<strong>entregou sua carta de desfilia\u00e7\u00e3o do PDT\u00a0<\/strong>ao presidente da legenda,\u00a0Carlos Lupi.<\/p>\n<div><\/div>\n<\/div>\n<p>Fonte: Portal MeioNews.<br \/>\nConfira esta e outras mat\u00e9rias na \u00edntegra pelo link: https:\/\/www.meionews.com\/politica\/ciro-gomes-deve-ser-candidato-ao-governo-do-ceara-em-2026-pelo-psdb-544752<\/p>\n<p><label class=\"read-more\" for=\"article-more-checkbox\"><\/label><\/div>\n","protected":false},"excerpt":{"rendered":"<p>Presidente estadual do PSDB, Ozires Pontes, confirmou filia\u00e7\u00e3o do pol\u00edtico a legenda. &nbsp; Ex-governador do Cear\u00e1, Ciro Gomes | Foto: Reprodu\u00e7\u00e3o\/ Redes sociais Al\u00e9m da volta ao\u00a0PSDB,\u00a0Ciro Gomes\u00a0deve ser o candidato do partido ao governo do Cear\u00e1 em 2026, afirmou Ozires Pontes, presidente estadual da sigla no estado. A declara\u00e7\u00e3o foi feita em um v\u00eddeo, [&hellip;]<\/p>\n","protected":false},"author":3,"featured_media":11371,"comment_status":"open","ping_status":"open","sticky":false,"template":"","format":"standard","meta":{"om_disable_all_campaigns":false,"_monsterinsights_skip_tracking":false,"_monsterinsights_sitenote_active":false,"_monsterinsights_sitenote_note":"","_monsterinsights_sitenote_category":0,"footnotes":""},"categories":[47,30],"tags":[],"class_list":["post-11370","post","type-post","status-publish","format-standard","has-post-thumbnail","hentry","category-nacionais","category-politica"],"jetpack_featured_media_url":"https:\/\/fatoelado.com\/wp-content\/uploads\/2025\/10\/ex-governador-do-ceara-ciro-gomes-879e0e05bcd1ca13.jpg","_links":{"self":[{"href":"https:\/\/fatoelado.com\/index.php?rest_route=\/wp\/v2\/posts\/11370","targetHints":{"allow":["GET"]}}],"collection":[{"href":"https:\/\/fatoelado.com\/index.php?rest_route=\/wp\/v2\/posts"}],"about":[{"href":"https:\/\/fatoelado.com\/index.php?rest_route=\/wp\/v2\/types\/post"}],"author":[{"embeddable":true,"href":"https:\/\/fatoelado.com\/index.php?rest_route=\/wp\/v2\/users\/3"}],"replies":[{"embeddable":true,"href":"https:\/\/fatoelado.com\/index.php?rest_route=%2Fwp%2Fv2%2Fcomments&post=11370"}],"version-history":[{"count":1,"href":"https:\/\/fatoelado.com\/index.php?rest_route=\/wp\/v2\/posts\/11370\/revisions"}],"predecessor-version":[{"id":11372,"href":"https:\/\/fatoelado.com\/index.php?rest_route=\/wp\/v2\/posts\/11370\/revisions\/11372"}],"wp:featuredmedia":[{"embeddable":true,"href":"https:\/\/fatoelado.com\/index.php?rest_route=\/wp\/v2\/media\/11371"}],"wp:attachment":[{"href":"https:\/\/fatoelado.com\/index.php?rest_route=%2Fwp%2Fv2%2Fmedia&parent=11370"}],"wp:term":[{"taxonomy":"category","embeddable":true,"href":"https:\/\/fatoelado.com\/index.php?rest_route=%2Fwp%2Fv2%2Fcategories&post=11370"},{"taxonomy":"post_tag","embeddable":true,"href":"https:\/\/fatoelado.com\/index.php?rest_route=%2Fwp%2Fv2%2Ftags&post=11370"}],"curies":[{"name":"wp","href":"https:\/\/api.w.org\/{rel}","templated":true}]}}