{"id":11335,"date":"2025-10-19T12:09:03","date_gmt":"2025-10-19T15:09:03","guid":{"rendered":"https:\/\/fatoelado.com\/?p=11335"},"modified":"2025-10-19T12:09:03","modified_gmt":"2025-10-19T15:09:03","slug":"festival-terra-querida-reune-grandes-nomes-da-musica-piauiense-na-central-de-artesanato-mestre-dezinho","status":"publish","type":"post","link":"https:\/\/fatoelado.com\/?p=11335","title":{"rendered":"Festival Terra Querida re\u00fane grandes nomes da m\u00fasica piauiense na Central de Artesanato Mestre Dezinho"},"content":{"rendered":"<h2 class=\"elementor-heading-title elementor-size-default\" style=\"text-align: center;\">Programa\u00e7\u00e3o do Dia do Piau\u00ed promovida pelo Governo do Estado conta com o festival Terra Querida, apresentando grandes nomes da m\u00fasica piauiense<\/h2>\n<p>&nbsp;<\/p>\n<p>O Festival Terra Querida, promovido pelo Governo do Estado do Piau\u00ed, por meio da Secretaria da Comunica\u00e7\u00e3o (Secom), reuniu, na noite deste s\u00e1bado (18), grandes artistas e bandas da cena musical piauiense. Com entrada gratuita, o p\u00fablico lotou a Central de Artesanato Mestre Dezinho, no Centro de Teresina, em uma celebra\u00e7\u00e3o marcada por energia, diversidade e orgulho cultural.<\/p>\n<p>A programa\u00e7\u00e3o contou com apresenta\u00e7\u00f5es das bandas Batuque El\u00e9trico, Roque Moreira, Narguil\u00e9 Hidromec\u00e2nico, Alma Roots, Narcoliricista, Taiguara Bruno, Rebecca Teixeira e Adra Lyz, que levaram ao palco uma fus\u00e3o de ritmos e estilos, reafirmando a riqueza da produ\u00e7\u00e3o art\u00edstica local. \u201cA gente precisa revitalizar o Centro com o que a gente tem de melhor em Teresina, que s\u00e3o as bandas locais, disse Karina Souza, que prestigiou o evento.<\/p>\n<figure id=\"attachment_92332\" class=\"wp-caption alignnone\" aria-describedby=\"caption-attachment-92332\"><img loading=\"lazy\" decoding=\"async\" class=\"wp-image-92332 size-full\" src=\"https:\/\/www.pi.gov.br\/wp-content\/uploads\/2025\/10\/WhatsApp-Image-2025-10-18-at-22.04.26.jpeg\" sizes=\"auto, (max-width: 1600px) 100vw, 1600px\" srcset=\"https:\/\/www.pi.gov.br\/wp-content\/uploads\/2025\/10\/WhatsApp-Image-2025-10-18-at-22.04.26.jpeg 1600w, https:\/\/www.pi.gov.br\/wp-content\/uploads\/2025\/10\/WhatsApp-Image-2025-10-18-at-22.04.26-300x193.jpeg 300w, https:\/\/www.pi.gov.br\/wp-content\/uploads\/2025\/10\/WhatsApp-Image-2025-10-18-at-22.04.26-1024x659.jpeg 1024w, https:\/\/www.pi.gov.br\/wp-content\/uploads\/2025\/10\/WhatsApp-Image-2025-10-18-at-22.04.26-768x494.jpeg 768w, https:\/\/www.pi.gov.br\/wp-content\/uploads\/2025\/10\/WhatsApp-Image-2025-10-18-at-22.04.26-1536x989.jpeg 1536w\" alt=\"\" width=\"1600\" height=\"1030\" \/><figcaption id=\"caption-attachment-92332\" class=\"wp-caption-text\">Foto: Jo\u00e3o Allbert<\/figcaption><\/figure>\n<p>O evento celebrou o melhor da m\u00fasica feita no Piau\u00ed, promovendo um sentimento de pertencimento. \u201cTem que apoiar o que \u00e9 nosso, a produ\u00e7\u00e3o e o artista local\u201d, comentou Kel\u00e9 Neto.<\/p>\n<p>A programa\u00e7\u00e3o integra um movimento de valoriza\u00e7\u00e3o da cultura, da mem\u00f3ria e da identidade piauiense. O objetivo \u00e9 celebrar o Dia do Piau\u00ed, comemorado em 19 de outubro, n\u00e3o apenas como um marco hist\u00f3rico, mas tamb\u00e9m como um momento de afirma\u00e7\u00e3o do talento, da criatividade e da for\u00e7a do povo piauiense.<\/p>\n<figure id=\"attachment_92368\" class=\"wp-caption alignnone\" aria-describedby=\"caption-attachment-92368\"><img loading=\"lazy\" decoding=\"async\" class=\"wp-image-92368 size-full\" src=\"https:\/\/www.pi.gov.br\/wp-content\/uploads\/2025\/10\/WhatsApp-Image-2025-10-18-at-22.41.48-2.jpeg\" sizes=\"auto, (max-width: 1600px) 100vw, 1600px\" srcset=\"https:\/\/www.pi.gov.br\/wp-content\/uploads\/2025\/10\/WhatsApp-Image-2025-10-18-at-22.41.48-2.jpeg 1600w, https:\/\/www.pi.gov.br\/wp-content\/uploads\/2025\/10\/WhatsApp-Image-2025-10-18-at-22.41.48-2-300x200.jpeg 300w, https:\/\/www.pi.gov.br\/wp-content\/uploads\/2025\/10\/WhatsApp-Image-2025-10-18-at-22.41.48-2-1024x682.jpeg 1024w, https:\/\/www.pi.gov.br\/wp-content\/uploads\/2025\/10\/WhatsApp-Image-2025-10-18-at-22.41.48-2-768x512.jpeg 768w, https:\/\/www.pi.gov.br\/wp-content\/uploads\/2025\/10\/WhatsApp-Image-2025-10-18-at-22.41.48-2-1536x1023.jpeg 1536w\" alt=\"\" width=\"1600\" height=\"1066\" \/><figcaption id=\"caption-attachment-92368\" class=\"wp-caption-text\">Foto: Jo\u00e3o Allbert<\/figcaption><\/figure>\n<h3><strong>No domingo (19) tem mais festa<\/strong><\/h3>\n<p>A partir das 8h, a Pra\u00e7a Pedro II recebe mais uma edi\u00e7\u00e3o da Feira na Pra\u00e7a, com apresenta\u00e7\u00f5es dos grupos Samba no Coreto e Carta Branca. Pela tarde, a festa continua na Central de Artesanato Mestre Dezinho, a partir das 15h, com os shows do grupo 100% S\u00f3 Pra Sambar e da cantora Soraya Castelo Branco.<\/p>\n<p><img loading=\"lazy\" decoding=\"async\" class=\"alignnone size-full wp-image-92334\" src=\"https:\/\/www.pi.gov.br\/wp-content\/uploads\/2025\/10\/orquestra-sanfonica.jpg\" sizes=\"auto, (max-width: 800px) 100vw, 800px\" srcset=\"https:\/\/www.pi.gov.br\/wp-content\/uploads\/2025\/10\/orquestra-sanfonica.jpg 800w, https:\/\/www.pi.gov.br\/wp-content\/uploads\/2025\/10\/orquestra-sanfonica-300x225.jpg 300w, https:\/\/www.pi.gov.br\/wp-content\/uploads\/2025\/10\/orquestra-sanfonica-768x576.jpg 768w\" alt=\"\" width=\"800\" height=\"600\" \/><\/p>\n<p>O encerramento das comemora\u00e7\u00f5es ocorre, \u00e0s 19h, no Adro da Igreja de S\u00e3o Benedito, com a apresenta\u00e7\u00e3o da Orquestra Sanf\u00f4nica de Teresina e show do sanfoneiro Waldonys, al\u00e9m do especial \u201cFeitos no Piau\u00ed\u201d, que reunir\u00e1 artistas que representam o melhor da m\u00fasica do Piau\u00ed: Quaresma, Vav\u00e1 Ribeiro, Te\u00f3filo, Monise Borges, Luana Campos, Roraima, Lily Ara\u00fajo, F\u00e1bio Crazy, Leo Xenhenem, Narcoliricista e Tipu\u00e1, L\u00e1zaro do Piau\u00ed e Ostiga Jr.<\/p>\n","protected":false},"excerpt":{"rendered":"<p>Programa\u00e7\u00e3o do Dia do Piau\u00ed promovida pelo Governo do Estado conta com o festival Terra Querida, apresentando grandes nomes da m\u00fasica piauiense &nbsp; O Festival Terra Querida, promovido pelo Governo do Estado do Piau\u00ed, por meio da Secretaria da Comunica\u00e7\u00e3o (Secom), reuniu, na noite deste s\u00e1bado (18), grandes artistas e bandas da cena musical piauiense. [&hellip;]<\/p>\n","protected":false},"author":3,"featured_media":11336,"comment_status":"open","ping_status":"open","sticky":false,"template":"","format":"standard","meta":{"om_disable_all_campaigns":false,"_monsterinsights_skip_tracking":false,"_monsterinsights_sitenote_active":false,"_monsterinsights_sitenote_note":"","_monsterinsights_sitenote_category":0,"footnotes":""},"categories":[33],"tags":[],"class_list":["post-11335","post","type-post","status-publish","format-standard","has-post-thumbnail","hentry","category-piaui"],"jetpack_featured_media_url":"https:\/\/fatoelado.com\/wp-content\/uploads\/2025\/10\/orquestra-sanfonica.jpg","_links":{"self":[{"href":"https:\/\/fatoelado.com\/index.php?rest_route=\/wp\/v2\/posts\/11335","targetHints":{"allow":["GET"]}}],"collection":[{"href":"https:\/\/fatoelado.com\/index.php?rest_route=\/wp\/v2\/posts"}],"about":[{"href":"https:\/\/fatoelado.com\/index.php?rest_route=\/wp\/v2\/types\/post"}],"author":[{"embeddable":true,"href":"https:\/\/fatoelado.com\/index.php?rest_route=\/wp\/v2\/users\/3"}],"replies":[{"embeddable":true,"href":"https:\/\/fatoelado.com\/index.php?rest_route=%2Fwp%2Fv2%2Fcomments&post=11335"}],"version-history":[{"count":1,"href":"https:\/\/fatoelado.com\/index.php?rest_route=\/wp\/v2\/posts\/11335\/revisions"}],"predecessor-version":[{"id":11337,"href":"https:\/\/fatoelado.com\/index.php?rest_route=\/wp\/v2\/posts\/11335\/revisions\/11337"}],"wp:featuredmedia":[{"embeddable":true,"href":"https:\/\/fatoelado.com\/index.php?rest_route=\/wp\/v2\/media\/11336"}],"wp:attachment":[{"href":"https:\/\/fatoelado.com\/index.php?rest_route=%2Fwp%2Fv2%2Fmedia&parent=11335"}],"wp:term":[{"taxonomy":"category","embeddable":true,"href":"https:\/\/fatoelado.com\/index.php?rest_route=%2Fwp%2Fv2%2Fcategories&post=11335"},{"taxonomy":"post_tag","embeddable":true,"href":"https:\/\/fatoelado.com\/index.php?rest_route=%2Fwp%2Fv2%2Ftags&post=11335"}],"curies":[{"name":"wp","href":"https:\/\/api.w.org\/{rel}","templated":true}]}}