{"id":11332,"date":"2025-10-19T12:08:03","date_gmt":"2025-10-19T15:08:03","guid":{"rendered":"https:\/\/fatoelado.com\/?p=11332"},"modified":"2025-10-19T12:08:03","modified_gmt":"2025-10-19T15:08:03","slug":"cerimonias-marcam-o-dia-do-piaui-em-parnaiba-e-celebram-adesao-do-estado-a-independencia-do-brasil","status":"publish","type":"post","link":"https:\/\/fatoelado.com\/?p=11332","title":{"rendered":"Cerim\u00f4nias marcam o Dia do Piau\u00ed em Parna\u00edba e celebram ades\u00e3o do Estado \u00e0 Independ\u00eancia do Brasil"},"content":{"rendered":"<h2 class=\"elementor-heading-title elementor-size-default\" style=\"text-align: center;\">Aposi\u00e7\u00e3o de flores, hasteamento das bandeiras e missa solene refor\u00e7am o orgulho e a mem\u00f3ria hist\u00f3rica.<\/h2>\n<p>&nbsp;<\/p>\n<p>O Governo do Estado realizou, na manh\u00e3 deste domingo (19), em Parna\u00edba, as cerim\u00f4nias c\u00edvico-religiosas que marcaram as comemora\u00e7\u00f5es pelo Dia do Piau\u00ed. Os atos de Aposi\u00e7\u00e3o de Corbelha de Flores ao Monumento da Independ\u00eancia e o hasteamento das bandeiras, na Pra\u00e7a da Gra\u00e7a, e o tradicional Te Deum Laudamus em A\u00e7\u00e3o de Gra\u00e7as, na Igreja do Ros\u00e1rio, reuniram autoridades e a popula\u00e7\u00e3o em um momento de rever\u00eancia e orgulho piauiense.<\/p>\n<figure id=\"attachment_92432\" class=\"wp-caption alignnone\" aria-describedby=\"caption-attachment-92432\"><img loading=\"lazy\" decoding=\"async\" class=\"wp-image-92432 size-full\" src=\"https:\/\/www.pi.gov.br\/wp-content\/uploads\/2025\/10\/hasteamento-da-bandeira-2.jpeg\" sizes=\"auto, (max-width: 1368px) 100vw, 1368px\" srcset=\"https:\/\/www.pi.gov.br\/wp-content\/uploads\/2025\/10\/hasteamento-da-bandeira-2.jpeg 1368w, https:\/\/www.pi.gov.br\/wp-content\/uploads\/2025\/10\/hasteamento-da-bandeira-2-300x200.jpeg 300w, https:\/\/www.pi.gov.br\/wp-content\/uploads\/2025\/10\/hasteamento-da-bandeira-2-1024x683.jpeg 1024w, https:\/\/www.pi.gov.br\/wp-content\/uploads\/2025\/10\/hasteamento-da-bandeira-2-768x512.jpeg 768w\" alt=\"\" width=\"1368\" height=\"912\" \/><figcaption id=\"caption-attachment-92432\" class=\"wp-caption-text\">Foto: Gabriel Torres<\/figcaption><\/figure>\n<p>\u201cAqui em Parna\u00edba, h\u00e1 203 anos, homens e mulheres ousaram se rebelar contra o Imp\u00e9rio Portugu\u00eas, que ainda permanecia, mesmo com o 7 de setembro, dominando essa \u00e1rea mais ao norte do Brasil. E foi a coragem de homens e mulheres que tornou o Brasil no formato como a gente tem hoje. \u00c9 uma hist\u00f3ria bel\u00edssima, n\u00e3o apenas para o Piau\u00ed, mas para o Brasil e para o mundo\u201d, declarou o governador Rafael Fonteles.<\/p>\n<div class=\"mceTemp\"><\/div>\n<figure id=\"attachment_92428\" class=\"wp-caption alignnone\" aria-describedby=\"caption-attachment-92428\"><img loading=\"lazy\" decoding=\"async\" class=\"size-full wp-image-92428\" src=\"https:\/\/www.pi.gov.br\/wp-content\/uploads\/2025\/10\/hasteamento-da-bandeira-6.jpeg\" sizes=\"auto, (max-width: 1368px) 100vw, 1368px\" srcset=\"https:\/\/www.pi.gov.br\/wp-content\/uploads\/2025\/10\/hasteamento-da-bandeira-6.jpeg 1368w, https:\/\/www.pi.gov.br\/wp-content\/uploads\/2025\/10\/hasteamento-da-bandeira-6-300x200.jpeg 300w, https:\/\/www.pi.gov.br\/wp-content\/uploads\/2025\/10\/hasteamento-da-bandeira-6-1024x683.jpeg 1024w, https:\/\/www.pi.gov.br\/wp-content\/uploads\/2025\/10\/hasteamento-da-bandeira-6-768x512.jpeg 768w\" alt=\"\" width=\"1368\" height=\"912\" \/><figcaption id=\"caption-attachment-92428\" class=\"wp-caption-text\">Foto: Gabriel Torres<\/figcaption><\/figure>\n<p>As solenidades fazem parte da programa\u00e7\u00e3o oficial do Dia do Piau\u00ed, data em que o estado celebra sua ades\u00e3o \u00e0 Independ\u00eancia do Brasil e reafirma os ideais de liberdade e soberania que moldaram sua hist\u00f3ria.<\/p>\n<figure id=\"attachment_92453\" class=\"wp-caption alignnone\" aria-describedby=\"caption-attachment-92453\"><img loading=\"lazy\" decoding=\"async\" class=\"size-full wp-image-92453\" src=\"https:\/\/www.pi.gov.br\/wp-content\/uploads\/2025\/10\/Te-Deum-Laudamus-em-Acao-de-Gracas-3.jpeg\" sizes=\"auto, (max-width: 1600px) 100vw, 1600px\" srcset=\"https:\/\/www.pi.gov.br\/wp-content\/uploads\/2025\/10\/Te-Deum-Laudamus-em-Acao-de-Gracas-3.jpeg 1600w, https:\/\/www.pi.gov.br\/wp-content\/uploads\/2025\/10\/Te-Deum-Laudamus-em-Acao-de-Gracas-3-300x200.jpeg 300w, https:\/\/www.pi.gov.br\/wp-content\/uploads\/2025\/10\/Te-Deum-Laudamus-em-Acao-de-Gracas-3-1024x682.jpeg 1024w, https:\/\/www.pi.gov.br\/wp-content\/uploads\/2025\/10\/Te-Deum-Laudamus-em-Acao-de-Gracas-3-768x512.jpeg 768w, https:\/\/www.pi.gov.br\/wp-content\/uploads\/2025\/10\/Te-Deum-Laudamus-em-Acao-de-Gracas-3-1536x1023.jpeg 1536w\" alt=\"\" width=\"1600\" height=\"1066\" \/><figcaption id=\"caption-attachment-92453\" class=\"wp-caption-text\">Foto: Gabriel Torres<\/figcaption><\/figure>\n<p>A celebra\u00e7\u00e3o religiosa \u00e9 realizada tradicionalmente na catedral de Nossa Senhora da Gra\u00e7a, que est\u00e1 em reforma. Na oportunidade, o governador visitou a obra, executada pela Secretaria Estadual de Cultura. A reforma inclui o telhado, com a impermeabiliza\u00e7\u00e3o de todo o per\u00edmetro, corre\u00e7\u00f5es no madeiramento do coro, manuten\u00e7\u00f5es locais do forro em lambri de madeira, revis\u00e3o e manuten\u00e7\u00e3o das instala\u00e7\u00f5es el\u00e9tricas e manuten\u00e7\u00f5es nas instala\u00e7\u00f5es hidr\u00e1ulicas. O custo total \u00e9 de R$ 1.451.382,05.<\/p>\n<p>A Igreja do Ros\u00e1rio tamb\u00e9m passar\u00e1 por uma reforma. O objetivo dessas obras \u00e9 zelar pelo patrim\u00f4nio material, refor\u00e7ando sua import\u00e2ncia hist\u00f3rica, religiosa e social.<\/p>\n<figure id=\"attachment_92456\" class=\"wp-caption alignnone\" aria-describedby=\"caption-attachment-92456\"><img loading=\"lazy\" decoding=\"async\" class=\"size-full wp-image-92456\" src=\"https:\/\/www.pi.gov.br\/wp-content\/uploads\/2025\/10\/Te-Deum-Laudamus-em-Acao-de-Gracas-11.jpeg\" sizes=\"auto, (max-width: 1600px) 100vw, 1600px\" srcset=\"https:\/\/www.pi.gov.br\/wp-content\/uploads\/2025\/10\/Te-Deum-Laudamus-em-Acao-de-Gracas-11.jpeg 1600w, https:\/\/www.pi.gov.br\/wp-content\/uploads\/2025\/10\/Te-Deum-Laudamus-em-Acao-de-Gracas-11-300x200.jpeg 300w, https:\/\/www.pi.gov.br\/wp-content\/uploads\/2025\/10\/Te-Deum-Laudamus-em-Acao-de-Gracas-11-1024x682.jpeg 1024w, https:\/\/www.pi.gov.br\/wp-content\/uploads\/2025\/10\/Te-Deum-Laudamus-em-Acao-de-Gracas-11-768x512.jpeg 768w, https:\/\/www.pi.gov.br\/wp-content\/uploads\/2025\/10\/Te-Deum-Laudamus-em-Acao-de-Gracas-11-1536x1023.jpeg 1536w\" alt=\"\" width=\"1600\" height=\"1066\" \/><figcaption id=\"caption-attachment-92456\" class=\"wp-caption-text\">Foto: Gabriel Torres<\/figcaption><\/figure>\n","protected":false},"excerpt":{"rendered":"<p>Aposi\u00e7\u00e3o de flores, hasteamento das bandeiras e missa solene refor\u00e7am o orgulho e a mem\u00f3ria hist\u00f3rica. &nbsp; O Governo do Estado realizou, na manh\u00e3 deste domingo (19), em Parna\u00edba, as cerim\u00f4nias c\u00edvico-religiosas que marcaram as comemora\u00e7\u00f5es pelo Dia do Piau\u00ed. Os atos de Aposi\u00e7\u00e3o de Corbelha de Flores ao Monumento da Independ\u00eancia e o hasteamento [&hellip;]<\/p>\n","protected":false},"author":3,"featured_media":11333,"comment_status":"open","ping_status":"open","sticky":false,"template":"","format":"standard","meta":{"om_disable_all_campaigns":false,"_monsterinsights_skip_tracking":false,"_monsterinsights_sitenote_active":false,"_monsterinsights_sitenote_note":"","_monsterinsights_sitenote_category":0,"footnotes":""},"categories":[33,30],"tags":[],"class_list":["post-11332","post","type-post","status-publish","format-standard","has-post-thumbnail","hentry","category-piaui","category-politica"],"jetpack_featured_media_url":"https:\/\/fatoelado.com\/wp-content\/uploads\/2025\/10\/hasteamento-da-bandeira-2.jpeg","_links":{"self":[{"href":"https:\/\/fatoelado.com\/index.php?rest_route=\/wp\/v2\/posts\/11332","targetHints":{"allow":["GET"]}}],"collection":[{"href":"https:\/\/fatoelado.com\/index.php?rest_route=\/wp\/v2\/posts"}],"about":[{"href":"https:\/\/fatoelado.com\/index.php?rest_route=\/wp\/v2\/types\/post"}],"author":[{"embeddable":true,"href":"https:\/\/fatoelado.com\/index.php?rest_route=\/wp\/v2\/users\/3"}],"replies":[{"embeddable":true,"href":"https:\/\/fatoelado.com\/index.php?rest_route=%2Fwp%2Fv2%2Fcomments&post=11332"}],"version-history":[{"count":1,"href":"https:\/\/fatoelado.com\/index.php?rest_route=\/wp\/v2\/posts\/11332\/revisions"}],"predecessor-version":[{"id":11334,"href":"https:\/\/fatoelado.com\/index.php?rest_route=\/wp\/v2\/posts\/11332\/revisions\/11334"}],"wp:featuredmedia":[{"embeddable":true,"href":"https:\/\/fatoelado.com\/index.php?rest_route=\/wp\/v2\/media\/11333"}],"wp:attachment":[{"href":"https:\/\/fatoelado.com\/index.php?rest_route=%2Fwp%2Fv2%2Fmedia&parent=11332"}],"wp:term":[{"taxonomy":"category","embeddable":true,"href":"https:\/\/fatoelado.com\/index.php?rest_route=%2Fwp%2Fv2%2Fcategories&post=11332"},{"taxonomy":"post_tag","embeddable":true,"href":"https:\/\/fatoelado.com\/index.php?rest_route=%2Fwp%2Fv2%2Ftags&post=11332"}],"curies":[{"name":"wp","href":"https:\/\/api.w.org\/{rel}","templated":true}]}}