{"id":11091,"date":"2025-10-14T12:31:31","date_gmt":"2025-10-14T15:31:31","guid":{"rendered":"https:\/\/fatoelado.com\/?p=11091"},"modified":"2025-10-14T12:31:31","modified_gmt":"2025-10-14T15:31:31","slug":"governo-do-estado-celebra-203o-aniversario-do-piaui-com-programacao-especial-em-teresina-e-parnaiba","status":"publish","type":"post","link":"https:\/\/fatoelado.com\/?p=11091","title":{"rendered":"Governo do Estado celebra 203\u00ba anivers\u00e1rio do Piau\u00ed com programa\u00e7\u00e3o especial em Teresina e Parna\u00edba"},"content":{"rendered":"<div class=\"elementor-element elementor-element-282adc7 elementor-widget elementor-widget-heading\" data-id=\"282adc7\" data-element_type=\"widget\" data-widget_type=\"heading.default\">\n<div class=\"elementor-widget-container\">\n<h2 class=\"elementor-heading-title elementor-size-default\" style=\"text-align: center;\">Neste ano, as comemora\u00e7\u00f5es contam com inaugura\u00e7\u00f5es e shows de artistas locais, al\u00e9m das tradicionais solenidades c\u00edvicas e entrega de medalhas.<\/h2>\n<\/div>\n<\/div>\n<div class=\"elementor-element elementor-element-fe86f93 e-con-full e-flex e-con e-child\" data-id=\"fe86f93\" data-element_type=\"container\">\n<div class=\"elementor-element elementor-element-4781e67 e-con-full e-flex e-con e-child\" data-id=\"4781e67\" data-element_type=\"container\">\n<div id=\"increase-font\" class=\"elementor-element elementor-element-a6d49a7 elementor-widget elementor-widget-button\" data-id=\"a6d49a7\" data-element_type=\"widget\" data-widget_type=\"button.default\">\n<div class=\"elementor-widget-container\">\n<div class=\"elementor-button-wrapper\"><\/div>\n<\/div>\n<\/div>\n<\/div>\n<\/div>\n<div class=\"elementor-element elementor-element-e94e84e elementor-widget elementor-widget-html\" data-id=\"e94e84e\" data-element_type=\"widget\" data-widget_type=\"html.default\">\n<div class=\"elementor-widget-container\"><\/div>\n<\/div>\n<div id=\"div_conteudo\" class=\"elementor-element elementor-element-2b45a66 elementor-widget elementor-widget-theme-post-content\" data-id=\"2b45a66\" data-element_type=\"widget\" data-widget_type=\"theme-post-content.default\">\n<div class=\"elementor-widget-container\">\n<p>O Governo do Estado prepara uma s\u00e9rie de atividades para celebrar o anivers\u00e1rio de 203 anos do Piau\u00ed, valorizando os s\u00edmbolos estaduais e fortalecendo o sentimento de pertencimento entre os piauienses. Neste ano, a novidade \u00e9 a inaugura\u00e7\u00e3o do Pavilh\u00e3o Estadual do Piau\u00ed, com o hasteamento de bandeira em Teresina e Parna\u00edba, al\u00e9m de uma programa\u00e7\u00e3o cultural gratuita, com shows de diversos artistas locais. As cidades tamb\u00e9m receber\u00e3o as tradicionais solenidades c\u00edvicas e cerim\u00f4nia de outorga da Ordem Estadual do M\u00e9rito Renascen\u00e7a do Piau\u00ed.<\/p>\n<p>As comemora\u00e7\u00f5es iniciam nesta quinta-feira (16), em Teresina, com a inaugura\u00e7\u00e3o do Pavilh\u00e3o Estadual do Piau\u00ed, no qual ser\u00e1 hasteada uma bandeira de 8,5 metros, refor\u00e7ando a campanha sobre o orgulho e a identidade cultural do estado. A solenidade ser\u00e1 realizada na Avenida Raul Lopes, na al\u00e7a da Ponte JK, a partir das 7h45.<\/p>\n<p>\u00c0 noite, \u00e0s 19h, ser\u00e1 realizado o Culto em A\u00e7\u00e3o de Gra\u00e7as, no Centro de Conven\u00e7\u00f5es da Assembleia de Deus no Piau\u00ed (Ceadep), no Parque S\u00e3o Jo\u00e3o, regi\u00e3o do bairro Saci, na zona sul de Teresina.<\/p>\n<p>A programa\u00e7\u00e3o segue no s\u00e1bado (18), em Parna\u00edba, com a inaugura\u00e7\u00e3o do Pavilh\u00e3o Estadual do Piau\u00ed, a partir das 7h, na Avenida S\u00e3o Sebasti\u00e3o, onde a bandeira, s\u00edmbolo maior do estado, tamb\u00e9m ser\u00e1 estendida. Ap\u00f3s a solenidade, diversas inaugura\u00e7\u00f5es ser\u00e3o realizadas ao longo do dia. \u00c0 noite, \u00e0s 19h, ser\u00e1 a cerim\u00f4nia de Outorga da Ordem do M\u00e9rito Renascen\u00e7a do Piau\u00ed, no Complexo Porto das Barcas.<\/p>\n<figure id=\"attachment_90896\" class=\"wp-caption alignnone\" aria-describedby=\"caption-attachment-90896\"><img loading=\"lazy\" decoding=\"async\" class=\"size-full wp-image-90896\" src=\"https:\/\/www.pi.gov.br\/wp-content\/uploads\/2025\/10\/Dia_do_Piaui_Parnaiba_2_f6b81fb277.jpg\" sizes=\"auto, (max-width: 1280px) 100vw, 1280px\" srcset=\"https:\/\/www.pi.gov.br\/wp-content\/uploads\/2025\/10\/Dia_do_Piaui_Parnaiba_2_f6b81fb277.jpg 1280w, https:\/\/www.pi.gov.br\/wp-content\/uploads\/2025\/10\/Dia_do_Piaui_Parnaiba_2_f6b81fb277-300x200.jpg 300w, https:\/\/www.pi.gov.br\/wp-content\/uploads\/2025\/10\/Dia_do_Piaui_Parnaiba_2_f6b81fb277-1024x682.jpg 1024w, https:\/\/www.pi.gov.br\/wp-content\/uploads\/2025\/10\/Dia_do_Piaui_Parnaiba_2_f6b81fb277-768x512.jpg 768w\" alt=\"Foto arquivo: Gabriel Paulino\" width=\"1280\" height=\"853\" data-uw-rm-alt-original=\"\" data-uw-rm-alt=\"CT\" \/>Foto arquivo: Gabriel Paulino<\/figure>\n<p>&nbsp;<\/p>\n<p>No domingo (19), ainda em Parna\u00edba, a programa\u00e7\u00e3o inicia \u00e0s 7h45, com a aposi\u00e7\u00e3o da Corbelha de Flores no Monumento da Independ\u00eancia e o hasteamento de bandeiras, na Pra\u00e7a da Gra\u00e7a. \u00c0s 8h, ser\u00e1 o Te Deum Laudamus em A\u00e7\u00e3o de Gra\u00e7as, na Igreja do Ros\u00e1rio, tamb\u00e9m na Pra\u00e7a da Gra\u00e7a.<\/p>\n<p>A programa\u00e7\u00e3o do dia finaliza em Teresina, com missa em A\u00e7\u00e3o de Gra\u00e7as, \u00e0s 17h, na Catedral de Nossa Senhora das Dores, no Centro, e a cerim\u00f4nia de Outorga da Ordem do M\u00e9rito Renascen\u00e7a do Piau\u00ed, \u00e0s 17h45, no Theatro 4 de Setembro, Pra\u00e7a Pedro II.<\/p>\n<p>&nbsp;<\/p>\n<h3><strong>Programa\u00e7\u00e3o cultural<\/strong><\/h3>\n<p>As comemora\u00e7\u00f5es do Dia do Piau\u00ed tamb\u00e9m incluem programa\u00e7\u00e3o cultural gratuita em Teresina, com apresenta\u00e7\u00f5es musicais no fim de semana, ao mesmo tempo em que ocorrem as solenidades tradicionais. No s\u00e1bado (18), o Festival Terra Querida movimenta a Central de Artesanato Mestre Dezinho a partir das 20h, com shows de Batuque El\u00e9trico, Roque Moreira, Narguil\u00e9 Hidromec\u00e2nico, Alma Roots, Narcoliriscista, Taiguara Bruno, Rebecca Teixeira e Adra Lyz.<\/p>\n<p>J\u00e1 no domingo (19), o centro da cidade come\u00e7a a se movimentar a partir das 8h, com a Feira na Pra\u00e7a Pedro II, que contar\u00e1 com shows do Samba no Coreto e Carta Branca. \u00c0s 15h, a festa continua na Central de Artesanato com 100% s\u00f3 Sambar e Soraya Castelo Branco. \u00c0 noite, a partir das 19h, quem toma conta da festa, que ser\u00e1 no Adro da Igreja S\u00e3o Benedito, \u00e9 o show especial \u201cFeitos no Piau\u00ed\u201d, com Quaresma, Vav\u00e1 Ribeiro, Te\u00f3filo, Monise Borges, Luana Campos, Roraima, Lily Ara\u00fajo, F\u00e1bio Crazy, L\u00e9o Xenhenhem, Narcoliriscista, Tipu\u00e1, L\u00e1zaro do Piau\u00ed e Ostiga J\u00fanior.<\/p>\n<\/div>\n<\/div>\n","protected":false},"excerpt":{"rendered":"<p>Neste ano, as comemora\u00e7\u00f5es contam com inaugura\u00e7\u00f5es e shows de artistas locais, al\u00e9m das tradicionais solenidades c\u00edvicas e entrega de medalhas. O Governo do Estado prepara uma s\u00e9rie de atividades para celebrar o anivers\u00e1rio de 203 anos do Piau\u00ed, valorizando os s\u00edmbolos estaduais e fortalecendo o sentimento de pertencimento entre os piauienses. Neste ano, a [&hellip;]<\/p>\n","protected":false},"author":3,"featured_media":11093,"comment_status":"open","ping_status":"open","sticky":false,"template":"","format":"standard","meta":{"om_disable_all_campaigns":false,"_monsterinsights_skip_tracking":false,"_monsterinsights_sitenote_active":false,"_monsterinsights_sitenote_note":"","_monsterinsights_sitenote_category":0,"footnotes":""},"categories":[33],"tags":[],"class_list":["post-11091","post","type-post","status-publish","format-standard","has-post-thumbnail","hentry","category-piaui"],"jetpack_featured_media_url":"https:\/\/fatoelado.com\/wp-content\/uploads\/2025\/10\/Dia_do_Piaui_Parnaiba_2_f6b81fb277.jpg","_links":{"self":[{"href":"https:\/\/fatoelado.com\/index.php?rest_route=\/wp\/v2\/posts\/11091","targetHints":{"allow":["GET"]}}],"collection":[{"href":"https:\/\/fatoelado.com\/index.php?rest_route=\/wp\/v2\/posts"}],"about":[{"href":"https:\/\/fatoelado.com\/index.php?rest_route=\/wp\/v2\/types\/post"}],"author":[{"embeddable":true,"href":"https:\/\/fatoelado.com\/index.php?rest_route=\/wp\/v2\/users\/3"}],"replies":[{"embeddable":true,"href":"https:\/\/fatoelado.com\/index.php?rest_route=%2Fwp%2Fv2%2Fcomments&post=11091"}],"version-history":[{"count":1,"href":"https:\/\/fatoelado.com\/index.php?rest_route=\/wp\/v2\/posts\/11091\/revisions"}],"predecessor-version":[{"id":11094,"href":"https:\/\/fatoelado.com\/index.php?rest_route=\/wp\/v2\/posts\/11091\/revisions\/11094"}],"wp:featuredmedia":[{"embeddable":true,"href":"https:\/\/fatoelado.com\/index.php?rest_route=\/wp\/v2\/media\/11093"}],"wp:attachment":[{"href":"https:\/\/fatoelado.com\/index.php?rest_route=%2Fwp%2Fv2%2Fmedia&parent=11091"}],"wp:term":[{"taxonomy":"category","embeddable":true,"href":"https:\/\/fatoelado.com\/index.php?rest_route=%2Fwp%2Fv2%2Fcategories&post=11091"},{"taxonomy":"post_tag","embeddable":true,"href":"https:\/\/fatoelado.com\/index.php?rest_route=%2Fwp%2Fv2%2Ftags&post=11091"}],"curies":[{"name":"wp","href":"https:\/\/api.w.org\/{rel}","templated":true}]}}