{"id":11088,"date":"2025-10-14T12:30:16","date_gmt":"2025-10-14T15:30:16","guid":{"rendered":"https:\/\/fatoelado.com\/?p=11088"},"modified":"2025-10-14T12:30:16","modified_gmt":"2025-10-14T15:30:16","slug":"governo-inaugura-novo-batalhao-da-policia-militar-no-centro-de-teresina-nesta-quarta-15","status":"publish","type":"post","link":"https:\/\/fatoelado.com\/?p=11088","title":{"rendered":"Governo inaugura novo Batalh\u00e3o da Pol\u00edcia Militar no Centro de Teresina nesta quarta (15)"},"content":{"rendered":"<div class=\"elementor-element elementor-element-282adc7 elementor-widget elementor-widget-heading\" data-id=\"282adc7\" data-element_type=\"widget\" data-widget_type=\"heading.default\">\n<div class=\"elementor-widget-container\">\n<h2 class=\"elementor-heading-title elementor-size-default\" style=\"text-align: center;\">O novo espa\u00e7o oferecer\u00e1 mais funcionalidade e acessibilidade aos agentes e \u00e0 popula\u00e7\u00e3o da capital.<\/h2>\n<\/div>\n<\/div>\n<div class=\"elementor-element elementor-element-fe86f93 e-con-full e-flex e-con e-child\" data-id=\"fe86f93\" data-element_type=\"container\">\n<div class=\"elementor-element elementor-element-4781e67 e-con-full e-flex e-con e-child\" data-id=\"4781e67\" data-element_type=\"container\">\n<div id=\"decrease-font\" class=\"elementor-element elementor-element-b907b64 elementor-widget elementor-widget-button\" data-id=\"b907b64\" data-element_type=\"widget\" data-widget_type=\"button.default\">\n<div class=\"elementor-widget-container\">\n<div class=\"elementor-button-wrapper\"><\/div>\n<\/div>\n<\/div>\n<\/div>\n<\/div>\n<div class=\"elementor-element elementor-element-e94e84e elementor-widget elementor-widget-html\" data-id=\"e94e84e\" data-element_type=\"widget\" data-widget_type=\"html.default\">\n<div class=\"elementor-widget-container\"><\/div>\n<\/div>\n<div id=\"div_conteudo\" class=\"elementor-element elementor-element-2b45a66 elementor-widget elementor-widget-theme-post-content\" data-id=\"2b45a66\" data-element_type=\"widget\" data-widget_type=\"theme-post-content.default\">\n<div class=\"elementor-widget-container\">\n<p>O governador Rafael Fonteles vai inaugurar, nesta quarta-feira (15), a partir das 7h, o novo Batalh\u00e3o da Pol\u00edcia Militar (BPMPI) da \u00c1rea Integrada de Seguran\u00e7a P\u00fablica (AISP) de Teresina \u2013 Centro. Localizado na Rua David Caldas, n\u00ba 277, Centro-Sul, o novo espa\u00e7o oferecer\u00e1 mais funcionalidade e acessibilidade aos agentes e \u00e0 popula\u00e7\u00e3o da capital.<\/p>\n<p>A obra, realizada pela Secretaria de Estado da Seguran\u00e7a P\u00fablica (SSP-PI), contemplou a amplia\u00e7\u00e3o da edifica\u00e7\u00e3o, que contar\u00e1, no t\u00e9rreo, com nova recep\u00e7\u00e3o, Centro de Opera\u00e7\u00f5es da Pol\u00edcia Militar (COPOM), salas da guarda, para oficial de servi\u00e7o e ajud\u00e2ncia, al\u00e9m de reserva de armamento, dep\u00f3sito, cozinha e refeit\u00f3rio. O novo espa\u00e7o tamb\u00e9m disp\u00f5e de alojamentos com banheiros individuais e uma sala multifuncional para treinamentos e reuni\u00f5es.<\/p>\n<p>J\u00e1 no pavimento superior, h\u00e1 um audit\u00f3rio com capacidade para 50 pessoas, banheiros, \u00e1rea de circula\u00e7\u00e3o destinada \u00e0 exposi\u00e7\u00e3o, sargentea\u00e7\u00e3o, ajud\u00e2ncia, Subcomando e Comando. A fachada principal do pr\u00e9dio tamb\u00e9m foi modernizada.<\/p>\n<p data-uw-rm-sr=\"\">Todos os ambientes foram preparados com climatiza\u00e7\u00e3o, mobili\u00e1rio moderno, internet e dispositivos em conformidade com as normas de acessibilidade e seguran\u00e7a contra inc\u00eandios. A obra teve um investimento total de R$ 1,75 milh\u00e3o e reafirma o compromisso do Governo do Piau\u00ed com a moderniza\u00e7\u00e3o da infraestrutura da seguran\u00e7a p\u00fablica e o fortalecimento das institui\u00e7\u00f5es policiais do estado.<\/p>\n<p>&nbsp;<\/p>\n<p><img loading=\"lazy\" decoding=\"async\" class=\"size-full wp-image-90883 aligncenter\" src=\"https:\/\/www.pi.gov.br\/wp-content\/uploads\/2025\/10\/WhatsApp-Image-2025-10-14-at-11.10.10-1-e1760451342291.jpeg\" sizes=\"auto, (max-width: 636px) 100vw, 636px\" srcset=\"https:\/\/www.pi.gov.br\/wp-content\/uploads\/2025\/10\/WhatsApp-Image-2025-10-14-at-11.10.10-1-e1760451342291.jpeg 636w, https:\/\/www.pi.gov.br\/wp-content\/uploads\/2025\/10\/WhatsApp-Image-2025-10-14-at-11.10.10-1-e1760451342291-300x141.jpeg 300w\" alt=\"Todos os ambientes foram preparados com climatiza\u00e7\u00e3o, mobili\u00e1rio moderno, internet e dispositivos em conformidade com as normas de acessibilidade e seguran\u00e7a contra inc\u00eandios. A obra teve um investimento total de R$ 1,75 milh\u00e3o e reafirma o compromisso do Governo do Piau\u00ed com a moderniza\u00e7\u00e3o da infraestrutura da seguran\u00e7a p\u00fablica e o fortalecimento das institui\u00e7\u00f5es policiais do estado.\" width=\"636\" height=\"298\" data-uw-rm-alt-original=\"\" data-uw-rm-alt=\"CT\" \/><\/p>\n<\/div>\n<\/div>\n","protected":false},"excerpt":{"rendered":"<p>O novo espa\u00e7o oferecer\u00e1 mais funcionalidade e acessibilidade aos agentes e \u00e0 popula\u00e7\u00e3o da capital. O governador Rafael Fonteles vai inaugurar, nesta quarta-feira (15), a partir das 7h, o novo Batalh\u00e3o da Pol\u00edcia Militar (BPMPI) da \u00c1rea Integrada de Seguran\u00e7a P\u00fablica (AISP) de Teresina \u2013 Centro. Localizado na Rua David Caldas, n\u00ba 277, Centro-Sul, o [&hellip;]<\/p>\n","protected":false},"author":3,"featured_media":11089,"comment_status":"open","ping_status":"open","sticky":false,"template":"","format":"standard","meta":{"om_disable_all_campaigns":false,"_monsterinsights_skip_tracking":false,"_monsterinsights_sitenote_active":false,"_monsterinsights_sitenote_note":"","_monsterinsights_sitenote_category":0,"footnotes":""},"categories":[33],"tags":[],"class_list":["post-11088","post","type-post","status-publish","format-standard","has-post-thumbnail","hentry","category-piaui"],"jetpack_featured_media_url":"https:\/\/fatoelado.com\/wp-content\/uploads\/2025\/10\/WhatsApp-Image-2025-10-14-at-11.10.10-1-e1760451342291.jpeg","_links":{"self":[{"href":"https:\/\/fatoelado.com\/index.php?rest_route=\/wp\/v2\/posts\/11088","targetHints":{"allow":["GET"]}}],"collection":[{"href":"https:\/\/fatoelado.com\/index.php?rest_route=\/wp\/v2\/posts"}],"about":[{"href":"https:\/\/fatoelado.com\/index.php?rest_route=\/wp\/v2\/types\/post"}],"author":[{"embeddable":true,"href":"https:\/\/fatoelado.com\/index.php?rest_route=\/wp\/v2\/users\/3"}],"replies":[{"embeddable":true,"href":"https:\/\/fatoelado.com\/index.php?rest_route=%2Fwp%2Fv2%2Fcomments&post=11088"}],"version-history":[{"count":1,"href":"https:\/\/fatoelado.com\/index.php?rest_route=\/wp\/v2\/posts\/11088\/revisions"}],"predecessor-version":[{"id":11090,"href":"https:\/\/fatoelado.com\/index.php?rest_route=\/wp\/v2\/posts\/11088\/revisions\/11090"}],"wp:featuredmedia":[{"embeddable":true,"href":"https:\/\/fatoelado.com\/index.php?rest_route=\/wp\/v2\/media\/11089"}],"wp:attachment":[{"href":"https:\/\/fatoelado.com\/index.php?rest_route=%2Fwp%2Fv2%2Fmedia&parent=11088"}],"wp:term":[{"taxonomy":"category","embeddable":true,"href":"https:\/\/fatoelado.com\/index.php?rest_route=%2Fwp%2Fv2%2Fcategories&post=11088"},{"taxonomy":"post_tag","embeddable":true,"href":"https:\/\/fatoelado.com\/index.php?rest_route=%2Fwp%2Fv2%2Ftags&post=11088"}],"curies":[{"name":"wp","href":"https:\/\/api.w.org\/{rel}","templated":true}]}}