{"id":11085,"date":"2025-10-14T12:28:48","date_gmt":"2025-10-14T15:28:48","guid":{"rendered":"https:\/\/fatoelado.com\/?p=11085"},"modified":"2025-10-14T12:28:48","modified_gmt":"2025-10-14T15:28:48","slug":"rede-verde-laranja-vai-integrar-alertas-ambientais-e-de-defesa-civil-no-piaui","status":"publish","type":"post","link":"https:\/\/fatoelado.com\/?p=11085","title":{"rendered":"Rede Verde-Laranja vai integrar alertas ambientais e de defesa civil no Piau\u00ed"},"content":{"rendered":"<div class=\"elementor-element elementor-element-282adc7 elementor-widget elementor-widget-heading\" data-id=\"282adc7\" data-element_type=\"widget\" data-widget_type=\"heading.default\">\n<div class=\"elementor-widget-container\">\n<h2 class=\"elementor-heading-title elementor-size-default\" style=\"text-align: center;\">A nova rede unifica plataformas estaduais e federais de monitoramento \u2014 como dados meteorol\u00f3gicos, hidrol\u00f3gicos e de queimadas.<\/h2>\n<\/div>\n<\/div>\n<div class=\"elementor-element elementor-element-fe86f93 e-con-full e-flex e-con e-child\" data-id=\"fe86f93\" data-element_type=\"container\">\n<div class=\"elementor-element elementor-element-4781e67 e-con-full e-flex e-con e-child\" data-id=\"4781e67\" data-element_type=\"container\">\n<div id=\"decrease-font\" class=\"elementor-element elementor-element-b907b64 elementor-widget elementor-widget-button\" data-id=\"b907b64\" data-element_type=\"widget\" data-widget_type=\"button.default\">\n<div class=\"elementor-widget-container\">\n<div class=\"elementor-button-wrapper\"><\/div>\n<\/div>\n<\/div>\n<\/div>\n<\/div>\n<div id=\"div_conteudo\" class=\"elementor-element elementor-element-2b45a66 elementor-widget elementor-widget-theme-post-content\" data-id=\"2b45a66\" data-element_type=\"widget\" data-widget_type=\"theme-post-content.default\">\n<div class=\"elementor-widget-container\">\n<p>O Governo do Piau\u00ed lan\u00e7a, nesta quarta-feira (15), \u00e0s 8h30, um novo marco na gest\u00e3o de riscos e emerg\u00eancias ambientais, \u00e9 a Rede Verde-Laranja \u2014 uma estrutura integrada para monitoramento, emiss\u00e3o de alertas e resposta r\u00e1pida a desastres. O evento\u00a0ocorre no Centro de Educa\u00e7\u00e3o Ambiental (CEA), onde o protocolo de coopera\u00e7\u00e3o entre a Secretaria de Meio Ambiente e Recursos H\u00eddricos (Semarh) e a Secretaria de Estado da Defesa Civil (Sedec) ser\u00e1 apresentado oficialmente.<\/p>\n<p>A nova rede unifica plataformas estaduais e federais de monitoramento \u2014 como dados meteorol\u00f3gicos, hidrol\u00f3gicos e de queimadas \u2014 sob uma l\u00f3gica de comunica\u00e7\u00e3o \u00fanica e transparente com a popula\u00e7\u00e3o. A ideia \u00e9 que os alertas, antes dispersos, passem a ter uma identidade visual, um mesmo canal e uma linguagem padronizada, transmitindo clareza e confian\u00e7a aos piauienses.<\/p>\n<p>\u201cA Rede Verde-Laranja \u00e9 o fortalecimento de uma governan\u00e7a ambiental integrada. A Semarh, como \u00f3rg\u00e3o t\u00e9cnico, fornece as informa\u00e7\u00f5es estrat\u00e9gicas e os dados de campo para que a Defesa Civil possa acionar protocolos de seguran\u00e7a em tempo real. \u00c9 uma rede que nasce do di\u00e1logo, da ci\u00eancia e da responsabilidade p\u00fablica\u201d, explicou o secret\u00e1rio da Semarh, Feliphe Ara\u00fajo.<\/p>\n<p>&nbsp;<\/p>\n<p><img loading=\"lazy\" decoding=\"async\" class=\"alignnone size-full wp-image-56823\" src=\"https:\/\/www.pi.gov.br\/wp-content\/uploads\/2025\/06\/feliphe344-1.jpg\" sizes=\"auto, (max-width: 1993px) 100vw, 1993px\" srcset=\"https:\/\/www.pi.gov.br\/wp-content\/uploads\/2025\/06\/feliphe344-1.jpg 1993w, https:\/\/www.pi.gov.br\/wp-content\/uploads\/2025\/06\/feliphe344-1-300x169.jpg 300w, https:\/\/www.pi.gov.br\/wp-content\/uploads\/2025\/06\/feliphe344-1-1024x576.jpg 1024w, https:\/\/www.pi.gov.br\/wp-content\/uploads\/2025\/06\/feliphe344-1-768x432.jpg 768w, https:\/\/www.pi.gov.br\/wp-content\/uploads\/2025\/06\/feliphe344-1-1536x864.jpg 1536w\" alt=\"\" width=\"1993\" height=\"1121\" data-uw-rm-alt-original=\"\" data-uw-rm-alt=\"QU\" \/><\/p>\n<p>&nbsp;<\/p>\n<p>O protocolo entre as duas secretarias estabelece um fluxo cont\u00ednuo de troca de informa\u00e7\u00f5es, com a Semarh atuando como polo t\u00e9cnico e a Sedec como agente operacional e de resposta. O documento formaliza uma rela\u00e7\u00e3o que j\u00e1 vinha sendo constru\u00edda na pr\u00e1tica, agora consolidada em pol\u00edticas e procedimentos claros para situa\u00e7\u00f5es de risco.<\/p>\n<p>\u201cCom a Rede Verde-Laranja, damos um passo decisivo para transformar dados em a\u00e7\u00e3o. Vamos atuar de forma conjunta, garantindo que cada alerta seja ao mesmo tempo um chamado \u00e0 preven\u00e7\u00e3o e uma ferramenta de prote\u00e7\u00e3o\u201d, destacou o diretor de Mitiga\u00e7\u00e3o da Sedec, Werton Costa.<\/p>\n<p>&nbsp;<\/p>\n<p><img loading=\"lazy\" decoding=\"async\" class=\"alignnone size-full wp-image-42956\" src=\"https:\/\/www.pi.gov.br\/wp-content\/uploads\/2025\/04\/Plano-Defesa-Civil-7.jpeg\" sizes=\"auto, (max-width: 1280px) 100vw, 1280px\" srcset=\"https:\/\/www.pi.gov.br\/wp-content\/uploads\/2025\/04\/Plano-Defesa-Civil-7.jpeg 1280w, https:\/\/www.pi.gov.br\/wp-content\/uploads\/2025\/04\/Plano-Defesa-Civil-7-300x200.jpeg 300w, https:\/\/www.pi.gov.br\/wp-content\/uploads\/2025\/04\/Plano-Defesa-Civil-7-1024x682.jpeg 1024w, https:\/\/www.pi.gov.br\/wp-content\/uploads\/2025\/04\/Plano-Defesa-Civil-7-768x512.jpeg 768w\" alt=\"\" width=\"1280\" height=\"853\" data-uw-rm-alt-original=\"\" data-uw-rm-alt=\"QU\" \/><\/p>\n<p>&nbsp;<\/p>\n<p>Durante o evento tamb\u00e9m ser\u00e1 anunciada a prorroga\u00e7\u00e3o, por mais 30 dias, da portaria que pro\u00edbe queimadas no Piau\u00ed, refor\u00e7ando o compromisso do governo com o combate aos inc\u00eandios florestais. Outro ponto importante ser\u00e1 a apresenta\u00e7\u00e3o da nova equipe t\u00e9cnica da Sala de Monitoramento da Semarh, que ganha refor\u00e7o de especialistas em hidrologia, meteorologia e geoprocessamento para operar os sistemas da Rede Verde-Laranja.<\/p>\n<p>&nbsp;<\/p>\n<p><img loading=\"lazy\" decoding=\"async\" class=\"size-full wp-image-90826 aligncenter\" src=\"https:\/\/www.pi.gov.br\/wp-content\/uploads\/2025\/10\/sede-semarh.jpeg\" sizes=\"auto, (max-width: 600px) 100vw, 600px\" srcset=\"https:\/\/www.pi.gov.br\/wp-content\/uploads\/2025\/10\/sede-semarh.jpeg 600w, https:\/\/www.pi.gov.br\/wp-content\/uploads\/2025\/10\/sede-semarh-300x225.jpeg 300w\" alt=\"\" width=\"600\" height=\"450\" data-uw-rm-alt-original=\"\" data-uw-rm-alt=\"QU\" \/><\/p>\n<p>&nbsp;<\/p>\n<\/div>\n<\/div>\n","protected":false},"excerpt":{"rendered":"<p>A nova rede unifica plataformas estaduais e federais de monitoramento \u2014 como dados meteorol\u00f3gicos, hidrol\u00f3gicos e de queimadas. O Governo do Piau\u00ed lan\u00e7a, nesta quarta-feira (15), \u00e0s 8h30, um novo marco na gest\u00e3o de riscos e emerg\u00eancias ambientais, \u00e9 a Rede Verde-Laranja \u2014 uma estrutura integrada para monitoramento, emiss\u00e3o de alertas e resposta r\u00e1pida a [&hellip;]<\/p>\n","protected":false},"author":3,"featured_media":11086,"comment_status":"open","ping_status":"open","sticky":false,"template":"","format":"standard","meta":{"om_disable_all_campaigns":false,"_monsterinsights_skip_tracking":false,"_monsterinsights_sitenote_active":false,"_monsterinsights_sitenote_note":"","_monsterinsights_sitenote_category":0,"footnotes":""},"categories":[1472,33],"tags":[],"class_list":["post-11085","post","type-post","status-publish","format-standard","has-post-thumbnail","hentry","category-meio-ambiente","category-piaui"],"jetpack_featured_media_url":"https:\/\/fatoelado.com\/wp-content\/uploads\/2025\/10\/sede-semarh.jpeg","_links":{"self":[{"href":"https:\/\/fatoelado.com\/index.php?rest_route=\/wp\/v2\/posts\/11085","targetHints":{"allow":["GET"]}}],"collection":[{"href":"https:\/\/fatoelado.com\/index.php?rest_route=\/wp\/v2\/posts"}],"about":[{"href":"https:\/\/fatoelado.com\/index.php?rest_route=\/wp\/v2\/types\/post"}],"author":[{"embeddable":true,"href":"https:\/\/fatoelado.com\/index.php?rest_route=\/wp\/v2\/users\/3"}],"replies":[{"embeddable":true,"href":"https:\/\/fatoelado.com\/index.php?rest_route=%2Fwp%2Fv2%2Fcomments&post=11085"}],"version-history":[{"count":1,"href":"https:\/\/fatoelado.com\/index.php?rest_route=\/wp\/v2\/posts\/11085\/revisions"}],"predecessor-version":[{"id":11087,"href":"https:\/\/fatoelado.com\/index.php?rest_route=\/wp\/v2\/posts\/11085\/revisions\/11087"}],"wp:featuredmedia":[{"embeddable":true,"href":"https:\/\/fatoelado.com\/index.php?rest_route=\/wp\/v2\/media\/11086"}],"wp:attachment":[{"href":"https:\/\/fatoelado.com\/index.php?rest_route=%2Fwp%2Fv2%2Fmedia&parent=11085"}],"wp:term":[{"taxonomy":"category","embeddable":true,"href":"https:\/\/fatoelado.com\/index.php?rest_route=%2Fwp%2Fv2%2Fcategories&post=11085"},{"taxonomy":"post_tag","embeddable":true,"href":"https:\/\/fatoelado.com\/index.php?rest_route=%2Fwp%2Fv2%2Ftags&post=11085"}],"curies":[{"name":"wp","href":"https:\/\/api.w.org\/{rel}","templated":true}]}}