{"id":11082,"date":"2025-10-14T12:27:41","date_gmt":"2025-10-14T15:27:41","guid":{"rendered":"https:\/\/fatoelado.com\/?p=11082"},"modified":"2025-10-14T12:27:41","modified_gmt":"2025-10-14T15:27:41","slug":"governo-do-piaui-ja-beneficiou-mais-de-40-mil-pessoas-com-a-entrega-de-titulos-de-terras","status":"publish","type":"post","link":"https:\/\/fatoelado.com\/?p=11082","title":{"rendered":"Governo do Piau\u00ed j\u00e1 beneficiou mais de 40 mil pessoas com a entrega de t\u00edtulos de terras"},"content":{"rendered":"<div class=\"elementor-element elementor-element-282adc7 elementor-widget elementor-widget-heading\" data-id=\"282adc7\" data-element_type=\"widget\" data-widget_type=\"heading.default\">\n<div class=\"elementor-widget-container\">\n<h2 class=\"elementor-heading-title elementor-size-default\" style=\"text-align: center;\">Entre os principais beneficiados com essa pol\u00edtica est\u00e3o as comunidades tradicionais. Somente na atual gest\u00e3o, foram entregues 35 novos t\u00edtulos coletivos.<\/h2>\n<\/div>\n<\/div>\n<div class=\"elementor-element elementor-element-e94e84e elementor-widget elementor-widget-html\" data-id=\"e94e84e\" data-element_type=\"widget\" data-widget_type=\"html.default\">\n<div class=\"elementor-widget-container\"><\/div>\n<\/div>\n<div id=\"div_conteudo\" class=\"elementor-element elementor-element-2b45a66 elementor-widget elementor-widget-theme-post-content\" data-id=\"2b45a66\" data-element_type=\"widget\" data-widget_type=\"theme-post-content.default\">\n<div class=\"elementor-widget-container\">\n<p>Na semana em que se celebra o Dia do Piau\u00ed, o Governo do Estado destaca uma pol\u00edtica p\u00fablica que j\u00e1 beneficiou mais de 40 mil pessoas por meio da entrega de t\u00edtulos de terras, tanto individuais quanto coletivos. Entre os principais beneficiados com essa pol\u00edtica est\u00e3o as comunidades tradicionais. Somente na atual gest\u00e3o, foram entregues 35 novos t\u00edtulos coletivos, elevando o total para 50 t\u00edtulos, com a\u00e7\u00f5es em 173 munic\u00edpios, 4 milh\u00f5es de hectares de terras devolutas arrecadadas e mais de 840 mil hectares regularizados em todo o estado.<\/p>\n<p>Executada pelo Instituto de Terras do Piau\u00ed (Interpi), a pol\u00edtica de regulariza\u00e7\u00e3o garante seguran\u00e7a jur\u00eddica, valoriza\u00e7\u00e3o cultural, sustentabilidade econ\u00f4mica e acesso ampliado a pol\u00edticas p\u00fablicas para povos como quilombolas, ribeirinhos, quebradeiras de coco e ind\u00edgenas.<\/p>\n<p>&nbsp;<\/p>\n<figure id=\"attachment_90704\" class=\"wp-caption alignnone\" aria-describedby=\"caption-attachment-90704\"><img loading=\"lazy\" decoding=\"async\" class=\"wp-image-90704 size-full\" src=\"https:\/\/www.pi.gov.br\/wp-content\/uploads\/2025\/10\/terras.jpeg\" sizes=\"auto, (max-width: 2560px) 100vw, 2560px\" srcset=\"https:\/\/www.pi.gov.br\/wp-content\/uploads\/2025\/10\/terras.jpeg 2560w, https:\/\/www.pi.gov.br\/wp-content\/uploads\/2025\/10\/terras-300x200.jpeg 300w, https:\/\/www.pi.gov.br\/wp-content\/uploads\/2025\/10\/terras-1024x683.jpeg 1024w, https:\/\/www.pi.gov.br\/wp-content\/uploads\/2025\/10\/terras-768x512.jpeg 768w, https:\/\/www.pi.gov.br\/wp-content\/uploads\/2025\/10\/terras-1536x1024.jpeg 1536w, https:\/\/www.pi.gov.br\/wp-content\/uploads\/2025\/10\/terras-2048x1366.jpeg 2048w\" alt=\"Foto: Gabriel Paulino\" width=\"2560\" height=\"1707\" data-uw-rm-alt-original=\"\" data-uw-rm-alt=\"CT\" \/><figcaption id=\"caption-attachment-90704\" class=\"wp-caption-text\"><em>Foto: Gabriel Paulino<\/p>\n<p><\/em><\/figcaption><\/figure>\n<p>Desde o in\u00edcio da gest\u00e3o do governador Rafael Fonteles, o Piau\u00ed se consolidou como refer\u00eancia nacional nessa pol\u00edtica p\u00fablica. \u201cOs t\u00edtulos coletivos representam o reconhecimento do Estado \u00e0 hist\u00f3ria, \u00e0 cultura e ao modo de vida de povos que h\u00e1 s\u00e9culos preservam o territ\u00f3rio e contribuem para o desenvolvimento sustent\u00e1vel do Piau\u00ed\u201d, destaca o diretor-geral do Interpi, Rodrigo Cavalcante.<\/p>\n<p>A regulariza\u00e7\u00e3o fundi\u00e1ria das comunidades tradicionais vai al\u00e9m do aspecto jur\u00eddico: \u00e9 uma a\u00e7\u00e3o de repara\u00e7\u00e3o hist\u00f3rica e fortalecimento social e econ\u00f4mico. O trabalho envolve estudos antropol\u00f3gicos, hist\u00f3ricos e culturais que identificam e reconhecem \u00e1reas habitadas por grupos tradicionais, garantindo a essas popula\u00e7\u00f5es o direito \u00e0 terra e melhores condi\u00e7\u00f5es de vida.<\/p>\n<p>&nbsp;<\/p>\n<figure id=\"attachment_87925\" class=\"wp-caption alignnone\" aria-describedby=\"caption-attachment-87925\"><img loading=\"lazy\" decoding=\"async\" class=\"wp-image-87925 size-full\" src=\"https:\/\/www.pi.gov.br\/wp-content\/uploads\/2025\/10\/titulos-de-terra.jpeg\" sizes=\"auto, (max-width: 1280px) 100vw, 1280px\" srcset=\"https:\/\/www.pi.gov.br\/wp-content\/uploads\/2025\/10\/titulos-de-terra.jpeg 1280w, https:\/\/www.pi.gov.br\/wp-content\/uploads\/2025\/10\/titulos-de-terra-300x200.jpeg 300w, https:\/\/www.pi.gov.br\/wp-content\/uploads\/2025\/10\/titulos-de-terra-1024x682.jpeg 1024w, https:\/\/www.pi.gov.br\/wp-content\/uploads\/2025\/10\/titulos-de-terra-768x512.jpeg 768w\" alt=\"Foto: Gabriel Paulino\" width=\"1280\" height=\"853\" data-uw-rm-alt-original=\"\" data-uw-rm-alt=\"CT\" \/><figcaption id=\"caption-attachment-87925\" class=\"wp-caption-text\"><em>Foto: Gabriel Paulino<\/p>\n<p><\/em><\/figcaption><\/figure>\n<p>Um t\u00edtulo coletivo de terra pode beneficiar diversas fam\u00edlias, pois cada t\u00edtulo \u00e9 entregue a uma comunidade e pode ser compartilhado por todos os moradores. Com o t\u00edtulo coletivo em m\u00e3os, as comunidades ganham acesso a cr\u00e9dito, pol\u00edticas p\u00fablicas e oportunidades de desenvolvimento sustent\u00e1vel, assegurando a continuidade de suas tradi\u00e7\u00f5es e fortalecendo suas economias locais.<\/p>\n<p><strong>Tecnologia e transpar\u00eancia a servi\u00e7o da cidadania<\/strong><\/p>\n<p>O avan\u00e7o dessa pol\u00edtica tamb\u00e9m se deve \u00e0 moderniza\u00e7\u00e3o administrativa e tecnol\u00f3gica do Interpi. O peticionamento eletr\u00f4nico, via Sistema Regina, tornou o processo mais \u00e1gil e eficiente, reduzindo filas, custos e prazos, com protocolo imediato, rastreabilidade e comunica\u00e7\u00e3o digital.<\/p>\n<p>&nbsp;<\/p>\n<figure id=\"attachment_88366\" class=\"wp-caption alignnone\" aria-describedby=\"caption-attachment-88366\"><img loading=\"lazy\" decoding=\"async\" class=\"wp-image-88366 size-full\" src=\"https:\/\/www.pi.gov.br\/wp-content\/uploads\/2025\/10\/Entrega-de-registros-de-imoveis-em-Oeiras-pelo-Casa-Legal-01.jpeg\" sizes=\"auto, (max-width: 1280px) 100vw, 1280px\" srcset=\"https:\/\/www.pi.gov.br\/wp-content\/uploads\/2025\/10\/Entrega-de-registros-de-imoveis-em-Oeiras-pelo-Casa-Legal-01.jpeg 1280w, https:\/\/www.pi.gov.br\/wp-content\/uploads\/2025\/10\/Entrega-de-registros-de-imoveis-em-Oeiras-pelo-Casa-Legal-01-300x200.jpeg 300w, https:\/\/www.pi.gov.br\/wp-content\/uploads\/2025\/10\/Entrega-de-registros-de-imoveis-em-Oeiras-pelo-Casa-Legal-01-1024x682.jpeg 1024w, https:\/\/www.pi.gov.br\/wp-content\/uploads\/2025\/10\/Entrega-de-registros-de-imoveis-em-Oeiras-pelo-Casa-Legal-01-768x512.jpeg 768w\" alt=\"Foto: Gabriel Torres\" width=\"1280\" height=\"853\" data-uw-rm-alt-original=\"\" data-uw-rm-alt=\"CT\" \/><figcaption id=\"caption-attachment-88366\" class=\"wp-caption-text\"><em>Foto: Gabriel Torres<\/p>\n<p><\/em><\/figcaption><\/figure>\n<p>As plataformas Terras Piau\u00ed e Territ\u00f3rios Piau\u00ed disponibilizam mapas detalhados e atualizados das \u00e1reas tituladas, reunindo informa\u00e7\u00f5es geogr\u00e1ficas e fundi\u00e1rias que fortalecem a transpar\u00eancia e o controle social.<\/p>\n<p>Outra inova\u00e7\u00e3o \u00e9 a assistente virtual Clarinha, uma intelig\u00eancia artificial que orienta os cidad\u00e3os, tira d\u00favidas e auxilia na abertura e acompanhamento de processos. O Sistema de Informa\u00e7\u00f5es Geoespaciais complementa o trabalho com pareceres t\u00e9cnicos de alta precis\u00e3o, garantindo seguran\u00e7a na gest\u00e3o territorial.<\/p>\n<p>Com todos esses avan\u00e7os, o Governo do Estado promove celeridade processual, melhor planejamento territorial e maior seguran\u00e7a jur\u00eddica para fam\u00edlias e comunidades, que agora podem acessar informa\u00e7\u00f5es e acompanhar etapas de regulariza\u00e7\u00e3o em um s\u00f3 lugar, pelo portal Gov.pi.<\/p>\n<p>&nbsp;<\/p>\n<figure id=\"attachment_88378\" class=\"wp-caption alignnone\" aria-describedby=\"caption-attachment-88378\"><img loading=\"lazy\" decoding=\"async\" class=\"wp-image-88378 size-full\" src=\"https:\/\/www.pi.gov.br\/wp-content\/uploads\/2025\/10\/Titulos-de-terra-1.jpeg\" sizes=\"auto, (max-width: 1280px) 100vw, 1280px\" srcset=\"https:\/\/www.pi.gov.br\/wp-content\/uploads\/2025\/10\/Titulos-de-terra-1.jpeg 1280w, https:\/\/www.pi.gov.br\/wp-content\/uploads\/2025\/10\/Titulos-de-terra-1-300x200.jpeg 300w, https:\/\/www.pi.gov.br\/wp-content\/uploads\/2025\/10\/Titulos-de-terra-1-1024x682.jpeg 1024w, https:\/\/www.pi.gov.br\/wp-content\/uploads\/2025\/10\/Titulos-de-terra-1-768x512.jpeg 768w\" alt=\"Foto: Gabriel Torres\" width=\"1280\" height=\"853\" data-uw-rm-alt-original=\"\" data-uw-rm-alt=\"CT\" \/><figcaption id=\"caption-attachment-88378\" class=\"wp-caption-text\"><em>Foto: Gabriel Torres<\/em><\/figcaption><\/figure>\n<\/div>\n<\/div>\n","protected":false},"excerpt":{"rendered":"<p>Entre os principais beneficiados com essa pol\u00edtica est\u00e3o as comunidades tradicionais. Somente na atual gest\u00e3o, foram entregues 35 novos t\u00edtulos coletivos. Na semana em que se celebra o Dia do Piau\u00ed, o Governo do Estado destaca uma pol\u00edtica p\u00fablica que j\u00e1 beneficiou mais de 40 mil pessoas por meio da entrega de t\u00edtulos de terras, [&hellip;]<\/p>\n","protected":false},"author":3,"featured_media":11083,"comment_status":"open","ping_status":"open","sticky":false,"template":"","format":"standard","meta":{"om_disable_all_campaigns":false,"_monsterinsights_skip_tracking":false,"_monsterinsights_sitenote_active":false,"_monsterinsights_sitenote_note":"","_monsterinsights_sitenote_category":0,"footnotes":""},"categories":[33],"tags":[],"class_list":["post-11082","post","type-post","status-publish","format-standard","has-post-thumbnail","hentry","category-piaui"],"jetpack_featured_media_url":"https:\/\/fatoelado.com\/wp-content\/uploads\/2025\/10\/terras-2048x1366-1.jpeg","_links":{"self":[{"href":"https:\/\/fatoelado.com\/index.php?rest_route=\/wp\/v2\/posts\/11082","targetHints":{"allow":["GET"]}}],"collection":[{"href":"https:\/\/fatoelado.com\/index.php?rest_route=\/wp\/v2\/posts"}],"about":[{"href":"https:\/\/fatoelado.com\/index.php?rest_route=\/wp\/v2\/types\/post"}],"author":[{"embeddable":true,"href":"https:\/\/fatoelado.com\/index.php?rest_route=\/wp\/v2\/users\/3"}],"replies":[{"embeddable":true,"href":"https:\/\/fatoelado.com\/index.php?rest_route=%2Fwp%2Fv2%2Fcomments&post=11082"}],"version-history":[{"count":1,"href":"https:\/\/fatoelado.com\/index.php?rest_route=\/wp\/v2\/posts\/11082\/revisions"}],"predecessor-version":[{"id":11084,"href":"https:\/\/fatoelado.com\/index.php?rest_route=\/wp\/v2\/posts\/11082\/revisions\/11084"}],"wp:featuredmedia":[{"embeddable":true,"href":"https:\/\/fatoelado.com\/index.php?rest_route=\/wp\/v2\/media\/11083"}],"wp:attachment":[{"href":"https:\/\/fatoelado.com\/index.php?rest_route=%2Fwp%2Fv2%2Fmedia&parent=11082"}],"wp:term":[{"taxonomy":"category","embeddable":true,"href":"https:\/\/fatoelado.com\/index.php?rest_route=%2Fwp%2Fv2%2Fcategories&post=11082"},{"taxonomy":"post_tag","embeddable":true,"href":"https:\/\/fatoelado.com\/index.php?rest_route=%2Fwp%2Fv2%2Ftags&post=11082"}],"curies":[{"name":"wp","href":"https:\/\/api.w.org\/{rel}","templated":true}]}}