{"id":11078,"date":"2025-10-14T12:26:29","date_gmt":"2025-10-14T15:26:29","guid":{"rendered":"https:\/\/fatoelado.com\/?p=11078"},"modified":"2025-10-14T12:26:29","modified_gmt":"2025-10-14T15:26:29","slug":"piaui-institui-lei-que-cria-banco-de-empregos-para-idosos","status":"publish","type":"post","link":"https:\/\/fatoelado.com\/?p=11078","title":{"rendered":"Piau\u00ed institui lei que cria banco de empregos para idosos"},"content":{"rendered":"<div class=\"elementor-element elementor-element-282adc7 elementor-widget elementor-widget-heading\" data-id=\"282adc7\" data-element_type=\"widget\" data-widget_type=\"heading.default\">\n<div class=\"elementor-widget-container\">\n<h2 class=\"elementor-heading-title elementor-size-default\" style=\"text-align: center;\">Decreto fortalece pol\u00edticas de inclus\u00e3o produtiva.<\/h2>\n<\/div>\n<\/div>\n<div class=\"elementor-element elementor-element-e94e84e elementor-widget elementor-widget-html\" data-id=\"e94e84e\" data-element_type=\"widget\" data-widget_type=\"html.default\">\n<div class=\"elementor-widget-container\"><\/div>\n<\/div>\n<div id=\"div_conteudo\" class=\"elementor-element elementor-element-2b45a66 elementor-widget elementor-widget-theme-post-content\" data-id=\"2b45a66\" data-element_type=\"widget\" data-widget_type=\"theme-post-content.default\">\n<div class=\"elementor-widget-container\">\n<p>O governador Rafael Fonteles sancionou a Lei n\u00ba 8.839, que institui o Programa Banco de Empregos para Idosos no estado. O decreto foi publicado no Di\u00e1rio Oficial do Estado, divulgado na segunda-feira (13), e representa um marco na pol\u00edtica de inclus\u00e3o produtiva da popula\u00e7\u00e3o com 60 anos ou mais. A iniciativa tem como objetivo ampliar as oportunidades de trabalho formal e informal para pessoas idosas, promovendo autonomia financeira, valoriza\u00e7\u00e3o da experi\u00eancia profissional e combate ao preconceito et\u00e1rio.<\/p>\n<p>O programa ser\u00e1 coordenado pela Secretaria de Estado do Trabalho e Emprego (Setre), com apoio da Secretaria de Assist\u00eancia Social, Fam\u00edlia e Combate \u00e0 Fome (Sasc), e prev\u00ea a\u00e7\u00f5es integradas para fomentar a empregabilidade da popula\u00e7\u00e3o idosa. Entre as diretrizes est\u00e3o o incentivo \u00e0 contrata\u00e7\u00e3o por empresas p\u00fablicas e privadas, a intermedia\u00e7\u00e3o entre candidatos e vagas dispon\u00edveis, a oferta de cursos de qualifica\u00e7\u00e3o e requalifica\u00e7\u00e3o, al\u00e9m do est\u00edmulo ao empreendedorismo individual e cooperativo.<\/p>\n<p>O Banco de Empregos para Idosos ser\u00e1 estruturado como uma plataforma p\u00fablica e digital, gratuita e acess\u00edvel, que permitir\u00e1 o cadastro de curr\u00edculos, divulga\u00e7\u00e3o de vagas com especifica\u00e7\u00f5es detalhadas, inscri\u00e7\u00e3o em cursos e cruzamento inteligente de perfis com oportunidades. A plataforma poder\u00e1 ser integrada ao Sistema Nacional de Emprego (Sine) e outras ferramentas p\u00fablicas, respeitando as condi\u00e7\u00f5es f\u00edsicas, ps\u00edquicas e intelectuais dos trabalhadores idosos.<\/p>\n<p>Para viabilizar a implementa\u00e7\u00e3o, o Governo do Estado definiu uma s\u00e9rie de a\u00e7\u00f5es imediatas. A regulamenta\u00e7\u00e3o do programa ser\u00e1 elaborada com apoio jur\u00eddico, enquanto a ATI ser\u00e1 acionada para desenvolver a plataforma digital. A Setre, em articula\u00e7\u00e3o com o Sine e a Sasc, promover\u00e1 a mobiliza\u00e7\u00e3o empresarial, destacando os benef\u00edcios da contrata\u00e7\u00e3o de profissionais acima de 60 anos, inclusive com possibilidade de incentivos fiscais para empresas e trabalhadores aut\u00f4nomos.<\/p>\n<p>&nbsp;<\/p>\n<figure id=\"attachment_90923\" class=\"wp-caption alignnone\" aria-describedby=\"caption-attachment-90923\"><img loading=\"lazy\" decoding=\"async\" class=\"size-full wp-image-90923\" src=\"https:\/\/www.pi.gov.br\/wp-content\/uploads\/2025\/10\/capacitia-curso.jpg\" sizes=\"auto, (max-width: 895px) 100vw, 895px\" srcset=\"https:\/\/www.pi.gov.br\/wp-content\/uploads\/2025\/10\/capacitia-curso.jpg 895w, https:\/\/www.pi.gov.br\/wp-content\/uploads\/2025\/10\/capacitia-curso-300x227.jpg 300w, https:\/\/www.pi.gov.br\/wp-content\/uploads\/2025\/10\/capacitia-curso-768x580.jpg 768w\" alt=\"Governo oferta cursos CapacitIA-Autonomia Digital para inclus\u00e3o de idosos (Foto: Ascom SIA)\" width=\"895\" height=\"676\" data-uw-rm-alt-original=\"\" data-uw-rm-alt=\"CT\" \/><figcaption id=\"caption-attachment-90923\" class=\"wp-caption-text\">Governo oferta cursos CapacitIA-Autonomia Digital para inclus\u00e3o de idosos (Foto: Ascom SIA)<\/p>\n<\/figcaption><\/figure>\n<p>Na \u00e1rea de capacita\u00e7\u00e3o, o Governo do Estado j\u00e1 iniciou a oferta do curso CapacitIA-Autonomia Digital, voltado para a inclus\u00e3o tecnol\u00f3gica de idosos. A forma\u00e7\u00e3o est\u00e1 sendo realizada no Espa\u00e7o Cidadania Digital, com quatro turmas e 200 vagas dispon\u00edveis. Outras a\u00e7\u00f5es de qualifica\u00e7\u00e3o ser\u00e3o articuladas pela Setre e Sasc para atender \u00e0s demandas do mercado e ao perfil dos participantes.<\/p>\n<p>Por fim, ser\u00e1 implantado um sistema de monitoramento e avalia\u00e7\u00e3o para acompanhar os resultados, medir o impacto das a\u00e7\u00f5es e orientar o aprimoramento cont\u00ednuo das pol\u00edticas p\u00fablicas voltadas \u00e0 popula\u00e7\u00e3o idosa. O projeto \u00e9 de autoria do deputado Gessivaldo Isa\u00edas.<\/p>\n<\/div>\n<\/div>\n","protected":false},"excerpt":{"rendered":"<p>Decreto fortalece pol\u00edticas de inclus\u00e3o produtiva. O governador Rafael Fonteles sancionou a Lei n\u00ba 8.839, que institui o Programa Banco de Empregos para Idosos no estado. O decreto foi publicado no Di\u00e1rio Oficial do Estado, divulgado na segunda-feira (13), e representa um marco na pol\u00edtica de inclus\u00e3o produtiva da popula\u00e7\u00e3o com 60 anos ou mais. [&hellip;]<\/p>\n","protected":false},"author":3,"featured_media":11080,"comment_status":"open","ping_status":"open","sticky":false,"template":"","format":"standard","meta":{"om_disable_all_campaigns":false,"_monsterinsights_skip_tracking":false,"_monsterinsights_sitenote_active":false,"_monsterinsights_sitenote_note":"","_monsterinsights_sitenote_category":0,"footnotes":""},"categories":[33,30],"tags":[],"class_list":["post-11078","post","type-post","status-publish","format-standard","has-post-thumbnail","hentry","category-piaui","category-politica"],"jetpack_featured_media_url":"https:\/\/fatoelado.com\/wp-content\/uploads\/2025\/10\/capacitia-curso.jpg","_links":{"self":[{"href":"https:\/\/fatoelado.com\/index.php?rest_route=\/wp\/v2\/posts\/11078","targetHints":{"allow":["GET"]}}],"collection":[{"href":"https:\/\/fatoelado.com\/index.php?rest_route=\/wp\/v2\/posts"}],"about":[{"href":"https:\/\/fatoelado.com\/index.php?rest_route=\/wp\/v2\/types\/post"}],"author":[{"embeddable":true,"href":"https:\/\/fatoelado.com\/index.php?rest_route=\/wp\/v2\/users\/3"}],"replies":[{"embeddable":true,"href":"https:\/\/fatoelado.com\/index.php?rest_route=%2Fwp%2Fv2%2Fcomments&post=11078"}],"version-history":[{"count":1,"href":"https:\/\/fatoelado.com\/index.php?rest_route=\/wp\/v2\/posts\/11078\/revisions"}],"predecessor-version":[{"id":11081,"href":"https:\/\/fatoelado.com\/index.php?rest_route=\/wp\/v2\/posts\/11078\/revisions\/11081"}],"wp:featuredmedia":[{"embeddable":true,"href":"https:\/\/fatoelado.com\/index.php?rest_route=\/wp\/v2\/media\/11080"}],"wp:attachment":[{"href":"https:\/\/fatoelado.com\/index.php?rest_route=%2Fwp%2Fv2%2Fmedia&parent=11078"}],"wp:term":[{"taxonomy":"category","embeddable":true,"href":"https:\/\/fatoelado.com\/index.php?rest_route=%2Fwp%2Fv2%2Fcategories&post=11078"},{"taxonomy":"post_tag","embeddable":true,"href":"https:\/\/fatoelado.com\/index.php?rest_route=%2Fwp%2Fv2%2Ftags&post=11078"}],"curies":[{"name":"wp","href":"https:\/\/api.w.org\/{rel}","templated":true}]}}