{"id":11069,"date":"2025-10-14T12:22:21","date_gmt":"2025-10-14T15:22:21","guid":{"rendered":"https:\/\/fatoelado.com\/?p=11069"},"modified":"2025-10-14T12:22:21","modified_gmt":"2025-10-14T15:22:21","slug":"apagao-na-madrugada-atinge-ao-menos-10-estados-em-todas-as-regioes-do-brasil","status":"publish","type":"post","link":"https:\/\/fatoelado.com\/?p=11069","title":{"rendered":"Apag\u00e3o na madrugada atinge ao menos 10 estados em todas as regi\u00f5es do Brasil"},"content":{"rendered":"<h2 class=\"article-subtitle\" style=\"text-align: center;\">Falta de luz durou de 8 minutos a 1 hora. Governo federal diz que inc\u00eandio em uma subesta\u00e7\u00e3o no Paran\u00e1 causou a falha<\/h2>\n<div class=\"article-image-featured\"><img decoding=\"async\" class=\"i-amphtml-fill-content i-amphtml-replaced-content\" src=\"https:\/\/www.meionews.com\/uploads\/imagens\/2025\/10\/14\/usuario-do-x-faz-registro-do-apagao-em-olinda-no-pernambuco--b5559d8153ef7a85.jpg\" alt=\"Usu\u00e1rio do X faz registro do apag\u00e3o em Olinda, no Pernambuco | Reprodu\u00e7\u00e3o\/X\" data-amp-loading=\"lazy\" \/><small><\/small><\/div>\n<div class=\"article-html\">\n<div class=\"article-html-more\">\n<p>Um\u00a0<strong>apag\u00e3o durante a madrugada desta ter\u00e7a-feira (14) afetou o Distrito Federal e os estados<\/strong>\u00a0de S\u00e3o Paulo, Rio de Janeiro, Pernambuco, Bahia, Amazonas, Minas Gerais, Santa Catarina, Goi\u00e1s, Rio Grande do Norte e Maranh\u00e3o.<\/p>\n<p>Segundo o governo federal<strong>, a falha foi causada por um inc\u00eandio em uma subesta\u00e7\u00e3o no Paran\u00e1.<\/strong>\u00a0Mais cedo, as companhias de energia que atuam no pa\u00eds citaram uma interfer\u00eancia no Sistema Interligado Nacional (SIN). Ainda n\u00e3o se sabe o que causou o inc\u00eandio.<\/p>\n<p><strong>A falta de luz durou entre 8 minutos e 1 hora.\u00a0<\/strong>Segundo nota do Minist\u00e9rio de Minas e Energia, a energia j\u00e1 foi restabelecida.<\/p>\n<blockquote><p>&#8220;Quase todo o Brasil \u00e9 coberto pelo SIN, respons\u00e1vel pela transmiss\u00e3o de energia entre as regi\u00f5es do pa\u00eds. S\u00e3o usinas, subesta\u00e7\u00f5es e redes de distribui\u00e7\u00e3o que formam um \u00fanico sistema de linhas de transmiss\u00e3o. Funciona sob coordena\u00e7\u00e3o do Operador Nacional do Sistema El\u00e9trico (ONS).&#8221;<\/p><\/blockquote>\n<p>A Equatorial\u00a0<strong>Maranh\u00e3o<\/strong>, respons\u00e1vel pelo fornecimento no estado, afirmou que a energia foi restabelecida \u00e0 1h30. A empresa ainda n\u00e3o confirmou o n\u00famero de pessoas afetadas.<\/p>\n<p>J\u00e1 no Amazonas, a empresa Amazonas Energia informou que a falha afetou as cidades de\u00a0<strong>Manaus, Parintins e Itacoatiara<\/strong>. A interrup\u00e7\u00e3o durou cerca de 1 hora e foi reestabelecida \u00e0s 00h25, segundo a companhia.<\/p>\n<p><em>O \u00faltimo apag\u00e3o nacional ocorreu em 2023, quando cerca de 29 milh\u00f5es de brasileiros foram afetados. A falha na distribui\u00e7\u00e3o de energia, causada por uma sobrecarga no sistema, afetou 25 estados e o DF, com exce\u00e7\u00e3o de Roraima, que possu\u00eda um sistema de transmiss\u00e3o de energia n\u00e3o integrado ao do restante do pa\u00eds.<\/em><\/p>\n<div class=\"article-share_buttons2 article-share\">\n<p>&nbsp;<\/p>\n<h5>Fonte: Portal MeioNews.<br \/>\nConfira esta e outras mat\u00e9rias na \u00edntegra pelo link:https:\/\/www.meionews.com\/noticias\/apagao-na-madrugada-atinge-ao-menos-10-estados-em-todas-as-regioes-do-brasil-544304<\/h5>\n<\/div>\n<\/div>\n<\/div>\n","protected":false},"excerpt":{"rendered":"<p>Falta de luz durou de 8 minutos a 1 hora. Governo federal diz que inc\u00eandio em uma subesta\u00e7\u00e3o no Paran\u00e1 causou a falha Um\u00a0apag\u00e3o durante a madrugada desta ter\u00e7a-feira (14) afetou o Distrito Federal e os estados\u00a0de S\u00e3o Paulo, Rio de Janeiro, Pernambuco, Bahia, Amazonas, Minas Gerais, Santa Catarina, Goi\u00e1s, Rio Grande do Norte e [&hellip;]<\/p>\n","protected":false},"author":3,"featured_media":11070,"comment_status":"open","ping_status":"open","sticky":false,"template":"","format":"standard","meta":{"om_disable_all_campaigns":false,"_monsterinsights_skip_tracking":false,"_monsterinsights_sitenote_active":false,"_monsterinsights_sitenote_note":"","_monsterinsights_sitenote_category":0,"footnotes":""},"categories":[47],"tags":[],"class_list":["post-11069","post","type-post","status-publish","format-standard","has-post-thumbnail","hentry","category-nacionais"],"jetpack_featured_media_url":"https:\/\/fatoelado.com\/wp-content\/uploads\/2025\/10\/usuario-do-x-faz-registro-do-apagao-em-olinda-no-pernambuco-b5559d8153ef7a85.jpg","_links":{"self":[{"href":"https:\/\/fatoelado.com\/index.php?rest_route=\/wp\/v2\/posts\/11069","targetHints":{"allow":["GET"]}}],"collection":[{"href":"https:\/\/fatoelado.com\/index.php?rest_route=\/wp\/v2\/posts"}],"about":[{"href":"https:\/\/fatoelado.com\/index.php?rest_route=\/wp\/v2\/types\/post"}],"author":[{"embeddable":true,"href":"https:\/\/fatoelado.com\/index.php?rest_route=\/wp\/v2\/users\/3"}],"replies":[{"embeddable":true,"href":"https:\/\/fatoelado.com\/index.php?rest_route=%2Fwp%2Fv2%2Fcomments&post=11069"}],"version-history":[{"count":1,"href":"https:\/\/fatoelado.com\/index.php?rest_route=\/wp\/v2\/posts\/11069\/revisions"}],"predecessor-version":[{"id":11071,"href":"https:\/\/fatoelado.com\/index.php?rest_route=\/wp\/v2\/posts\/11069\/revisions\/11071"}],"wp:featuredmedia":[{"embeddable":true,"href":"https:\/\/fatoelado.com\/index.php?rest_route=\/wp\/v2\/media\/11070"}],"wp:attachment":[{"href":"https:\/\/fatoelado.com\/index.php?rest_route=%2Fwp%2Fv2%2Fmedia&parent=11069"}],"wp:term":[{"taxonomy":"category","embeddable":true,"href":"https:\/\/fatoelado.com\/index.php?rest_route=%2Fwp%2Fv2%2Fcategories&post=11069"},{"taxonomy":"post_tag","embeddable":true,"href":"https:\/\/fatoelado.com\/index.php?rest_route=%2Fwp%2Fv2%2Ftags&post=11069"}],"curies":[{"name":"wp","href":"https:\/\/api.w.org\/{rel}","templated":true}]}}