{"id":11066,"date":"2025-10-14T12:19:28","date_gmt":"2025-10-14T15:19:28","guid":{"rendered":"https:\/\/fatoelado.com\/?p=11066"},"modified":"2025-10-14T12:19:28","modified_gmt":"2025-10-14T15:19:28","slug":"vaga-de-barroso-no-stf-reaviva-pressao-sobre-lula","status":"publish","type":"post","link":"https:\/\/fatoelado.com\/?p=11066","title":{"rendered":"Vaga de Barroso no STF reaviva press\u00e3o sobre Lula"},"content":{"rendered":"<p><img decoding=\"async\" src=\"https:\/\/cidadeverde.com\/assets\/uploads\/colecoes\/2\/2025\/10\/LULA.jpg\" alt=\"\" \/><\/p>\n<p>O an\u00fancio da aposentadoria antecipada de Lu\u00eds Roberto Barroso renovou a press\u00e3o de entidades pela nomea\u00e7\u00e3o de uma mulher ao STF (Supremo Tribunal Federal), al\u00e9m da cobran\u00e7a para que o presidente Lula (PT) considere diversidade racial na escolha do sucessor do ministro.<\/p>\n<p>\u00d3rg\u00e3o de c\u00fapula do Judici\u00e1rio brasileiro, o tribunal conta atualmente com apenas uma ministra na composi\u00e7\u00e3o, C\u00e1rmen L\u00facia. S\u00f3 outras duas mulheres integraram a corte nos seus 134 anos de hist\u00f3ria: Rosa Weber e Ellen Gracie. As tr\u00eas s\u00e3o brancas.<\/p>\n<p>Lula j\u00e1 teve a oportunidade de nomear 10 ministros ao longo de tr\u00eas mandatos, entre eles somente uma mulher, C\u00e1rmen. Ele agora far\u00e1 a 11\u00aa indica\u00e7\u00e3o, e a expectativa \u00e9 que seja de novo de um homem.<\/p>\n<p>Como mostrou a Folha de S.Paulo, os principais cotados para a vaga de Barroso s\u00e3o o ministro TCU (Tribunal de Contas da Uni\u00e3o) Bruno Dantas, o advogado-geral da Uni\u00e3o, Jorge Messias, favorito ao cargo, e o senador Rodrigo Pacheco (PSD-MG).<\/p>\n<p>&#8220;Temos a not\u00edcia da sa\u00edda de um ministro do Supremo, e \u00e9 absolutamente naturalizado que, na sequ\u00eancia, apare\u00e7am listas compostas exclusivamente por homens&#8221;, diz Luciana Zaffalon, diretora-executiva da plataforma Justa. &#8220;\u00c9 fundamental parar de naturalizar.&#8221;<\/p>\n<p>Ao lado das entidades Themis e F\u00f3rum Justi\u00e7a, a Justa assina uma nota na qual defende a indica\u00e7\u00e3o de uma mulher para o STF e apresenta uma lista com nomes de pessoas do universo jur\u00eddico que poderiam ser consideradas para a vaga.<\/p>\n<p>&#8220;N\u00e3o \u00e9 poss\u00edvel que tenhamos um tribunal composto de maneira constrangedoramente masculina e branca. N\u00e3o \u00e9 democr\u00e1tica uma representa\u00e7\u00e3o t\u00e3o desigual da sociedade em um dos seus Poderes, seja ele Legislativo, Executivo ou Judici\u00e1rio&#8221;, afirma Zaffalon.<\/p>\n<p>A dirigente diz que, mesmo sob uma \u00f3tica eleitoral, \u00e9 preciso ter em vista o peso dos votos das mulheres. Um dos argumentos aventados a favor de Messias \u00e9 o fato de ser evang\u00e9lico. A indica\u00e7\u00e3o do ministro pode servir de aceno ao segmento de olho nas elei\u00e7\u00f5es de 2026. &#8220;A quem Lula relegar\u00e1 a disputa das mulheres na pr\u00f3xima elei\u00e7\u00e3o? Ele est\u00e1 abrindo m\u00e3o desse p\u00fablico?&#8221;, questiona.<\/p>\n<p>O m\u00e1ximo que o STF j\u00e1 experimentou foi ter simultaneamente duas mulheres no quadro de ministros. Em 2023, a ministra Rosa Weber, que dividia a bancada com C\u00e1rmen L\u00facia, aposentou-se. A ga\u00facha foi \u00faltima do g\u00eanero a ser indicada ao tribunal.<\/p>\n<p>No lugar dela, Lula indicou naquele mesmo ano o ministro Fl\u00e1vio Dino, empossado em 2024. Al\u00e9m dele e de C\u00e1rmen, o petista escolheu para a corte, ao longo dos seus tr\u00eas mandatos, Cristiano Zanin, Dias Toffoli, Menezes Direito, Ricardo Lewandowski, Eros Grau, Joaquim Barbosa, Ayres Britto e Cezar Peluso.<\/p>\n<p>Nesta segunda-feira (13), Lula afirmou n\u00e3o querer um amigo para ocupar a vaga de Barroso no Supremo e disse que o crit\u00e9rio a ser avaliado ser\u00e1 a capacidade de cumprir a Constitui\u00e7\u00e3o -independentemente de ser homem, mulher, branco ou negro.<\/p>\n<p>&#8220;Eu quero uma pessoa, n\u00e3o sei se mulher ou homem, n\u00e3o sei se preto ou branco, eu quero uma pessoa que seja antes de tudo uma pessoa gabaritada para ser ministro da Suprema Corte&#8221;, declarou Lula.<\/p>\n<p>Coordenadora pol\u00edtica do movimento Mulheres Negras Decidem, Tainah Pereira diz que indica\u00e7\u00e3o de uma ministra poderia mudar o perfil das decis\u00f5es na corte, em especial em temas relacionados a equipara\u00e7\u00e3o salarial e direitos sexuais reprodutivos.<\/p>\n<p>Segundo ela, existe, no entanto, um desafio de transpor o crit\u00e9rio pessoal de indica\u00e7\u00e3o presidencial que deu o tom no terceiro mandato do petista, como ele pr\u00f3prio j\u00e1 deixou claro, assim como ocorreu no governo do ex-presidente Jair Bolsonaro (PL).<\/p>\n<p>&#8220;O presidente Lula n\u00e3o abre m\u00e3o de ser ele quem toma essa decis\u00e3o, sobretudo depois de tudo o que j\u00e1 aconteceu com ele e todas as cr\u00edticas que recebeu pelas escolhas passadas [para o STF]&#8221;, diz.<\/p>\n<p>Indicado por Lula, Toffoli negou autoriza\u00e7\u00e3o para ele comparecer ao vel\u00f3rio do irm\u00e3o, Genival In\u00e1cio da Silva, o Vav\u00e1, quando estava preso em Curitiba em 2019. Da mesma forma, Joaquim Barbosa se tornou algoz do PT, com votos duros no julgamento do mensal\u00e3o.<\/p>\n<p>&#8220;A cr\u00edtica direta ao presidente \u00e9 que, em tantos anos de vida p\u00fablica, ele n\u00e3o construiu esse c\u00edrculo de confian\u00e7a de forma mais diversa&#8221;, afirma Pereira, lembrando que, em 2023, Lula recebeu a faixa presidencial de um grupo que deveria representar a diversidade do povo brasileiro.<\/p>\n<p>O diagn\u00f3stico \u00e9 que a falta de mulheres negras em espa\u00e7os de poder cria um obst\u00e1culo para a nomea\u00e7\u00e3o de pessoas com esse perfil se for privilegiado o crit\u00e9rio pessoal e de confian\u00e7a.<\/p>\n<p>Pereira diz que n\u00e3o se surpreender\u00e1 se Lula indicar mais um homem para o tribunal, mas ficar\u00e1 decepcionada. &#8220;Nas decis\u00f5es que cabem a ele, exclusivamente, ele n\u00e3o tem sido condizente com a pr\u00f3pria ret\u00f3rica.&#8221;<\/p>\n<p>&nbsp;<\/p>\n<h5>Fonte: Portal CidadeVerde.<br \/>\nConfira esta e outras mat\u00e9rias na \u00edntegra pelo link: https:\/\/cidadeverde.com\/noticias\/443631\/vaga-de-barroso-no-stf-reaviva-pressao-sobre-lula<\/h5>\n","protected":false},"excerpt":{"rendered":"<p>O an\u00fancio da aposentadoria antecipada de Lu\u00eds Roberto Barroso renovou a press\u00e3o de entidades pela nomea\u00e7\u00e3o de uma mulher ao STF (Supremo Tribunal Federal), al\u00e9m da cobran\u00e7a para que o presidente Lula (PT) considere diversidade racial na escolha do sucessor do ministro. \u00d3rg\u00e3o de c\u00fapula do Judici\u00e1rio brasileiro, o tribunal conta atualmente com apenas uma [&hellip;]<\/p>\n","protected":false},"author":3,"featured_media":11067,"comment_status":"open","ping_status":"open","sticky":false,"template":"","format":"standard","meta":{"om_disable_all_campaigns":false,"_monsterinsights_skip_tracking":false,"_monsterinsights_sitenote_active":false,"_monsterinsights_sitenote_note":"","_monsterinsights_sitenote_category":0,"footnotes":""},"categories":[47,30],"tags":[],"class_list":["post-11066","post","type-post","status-publish","format-standard","has-post-thumbnail","hentry","category-nacionais","category-politica"],"jetpack_featured_media_url":"https:\/\/fatoelado.com\/wp-content\/uploads\/2025\/10\/LULA-1.jpg","_links":{"self":[{"href":"https:\/\/fatoelado.com\/index.php?rest_route=\/wp\/v2\/posts\/11066","targetHints":{"allow":["GET"]}}],"collection":[{"href":"https:\/\/fatoelado.com\/index.php?rest_route=\/wp\/v2\/posts"}],"about":[{"href":"https:\/\/fatoelado.com\/index.php?rest_route=\/wp\/v2\/types\/post"}],"author":[{"embeddable":true,"href":"https:\/\/fatoelado.com\/index.php?rest_route=\/wp\/v2\/users\/3"}],"replies":[{"embeddable":true,"href":"https:\/\/fatoelado.com\/index.php?rest_route=%2Fwp%2Fv2%2Fcomments&post=11066"}],"version-history":[{"count":1,"href":"https:\/\/fatoelado.com\/index.php?rest_route=\/wp\/v2\/posts\/11066\/revisions"}],"predecessor-version":[{"id":11068,"href":"https:\/\/fatoelado.com\/index.php?rest_route=\/wp\/v2\/posts\/11066\/revisions\/11068"}],"wp:featuredmedia":[{"embeddable":true,"href":"https:\/\/fatoelado.com\/index.php?rest_route=\/wp\/v2\/media\/11067"}],"wp:attachment":[{"href":"https:\/\/fatoelado.com\/index.php?rest_route=%2Fwp%2Fv2%2Fmedia&parent=11066"}],"wp:term":[{"taxonomy":"category","embeddable":true,"href":"https:\/\/fatoelado.com\/index.php?rest_route=%2Fwp%2Fv2%2Fcategories&post=11066"},{"taxonomy":"post_tag","embeddable":true,"href":"https:\/\/fatoelado.com\/index.php?rest_route=%2Fwp%2Fv2%2Ftags&post=11066"}],"curies":[{"name":"wp","href":"https:\/\/api.w.org\/{rel}","templated":true}]}}