{"id":10802,"date":"2025-10-09T16:38:29","date_gmt":"2025-10-09T19:38:29","guid":{"rendered":"https:\/\/fatoelado.com\/?p=10802"},"modified":"2025-10-09T16:38:29","modified_gmt":"2025-10-09T19:38:29","slug":"com-a-presenca-de-ze-gotinha-fms-promove-dia-de-vacinacao-para-criancas","status":"publish","type":"post","link":"https:\/\/fatoelado.com\/?p=10802","title":{"rendered":"Com a presen\u00e7a de Z\u00e9 Gotinha, FMS promove dia de vacina\u00e7\u00e3o para crian\u00e7as"},"content":{"rendered":"<p><img decoding=\"async\" src=\"https:\/\/cidadeverde.com\/assets\/uploads\/colecoes\/2\/2025\/10\/ze-gotinha.jpg\" alt=\"\" \/><\/p>\n<p>A Funda\u00e7\u00e3o Municipal de Sa\u00fade (FMS) promove neste domingo (12) o Imuniza Teresina, uma a\u00e7\u00e3o voltada para ampliar a vacina\u00e7\u00e3o de crian\u00e7as na capital. O posto de vacina\u00e7\u00e3o localizado no Teresina Shopping, zona Leste da capital, ter\u00e1 hor\u00e1rio estendido, funcionando das 10h \u00e0s 20h.<\/p>\n<p>A mobiliza\u00e7\u00e3o acompanha a campanha nacional de multivacina\u00e7\u00e3o, com o objetivo de incentivar mais pessoas a completarem o esquema vacinal. Segundo a coordenadora de Imuniza\u00e7\u00e3o da FMS, Emanuelle Dias, o evento contar\u00e1 com atividades l\u00fadicas para estimular a participa\u00e7\u00e3o das crian\u00e7as.<\/p>\n<p>\u201cVamos aproveitar esse momento e receber todas as crian\u00e7as, levando n\u00e3o s\u00f3 a vacina, mas tamb\u00e9m atividades para que elas possam se distrair. Vamos estar com uma equipe de pintura de rosto infantil, alguns animadores e a presen\u00e7a do Z\u00e9 Gotinha, que anima as crian\u00e7as\u201d, explica.<\/p>\n<p>Em Teresina, os menores \u00edndices de imuniza\u00e7\u00e3o s\u00e3o contra poliomielite e tr\u00edplice viral, vacina que protege contra sarampo, caxumba e rub\u00e9ola. O Minist\u00e9rio da Sa\u00fade tamb\u00e9m tem refor\u00e7ado o alerta para a vacina\u00e7\u00e3o contra o sarampo.<\/p>\n<p>\u201cTodos aqueles que n\u00e3o tenham o registro de uma dose da vacina no seu cart\u00e3o precisam buscar nossos postos para atualiza\u00e7\u00e3o. At\u00e9 os 29 anos, o esquema \u00e9 de duas doses; a partir dos 30, \u00e9 de dose \u00fanica. Ent\u00e3o, o pai que levar a crian\u00e7a, o tio que levar a crian\u00e7a, j\u00e1 leva o seu cart\u00e3o de vacina e faz a verifica\u00e7\u00e3o. Para os adolescentes, \u00e9 importante refor\u00e7ar a vacina\u00e7\u00e3o contra a dengue, que a gente vem sempre falando, dispon\u00edvel para crian\u00e7as de 10 a 14 anos, e tamb\u00e9m a vacina contra o HPV, que \u00e9 disponibilizada para o p\u00fablico de 9 a 14 anos, meninos e meninas. At\u00e9 dezembro, o Minist\u00e9rio fez uma amplia\u00e7\u00e3o, contemplando jovens de 15 a 19 anos com essa vacina\u201d, recomenda a coordenadora.<\/p>\n<p>Mesmo com o evento voltado para o p\u00fablico infantil, a vacina\u00e7\u00e3o tamb\u00e9m abrange adolescentes e adultos. A recomenda\u00e7\u00e3o \u00e9 que, mesmo sem o cart\u00e3o de vacina\u00e7\u00e3o, a pessoa compare\u00e7a aos postos portando CPF ou cart\u00e3o do SUS.<\/p>\n<p>\u201cO ideal \u00e9 que procure o cart\u00e3o de vacina, mas se n\u00e3o localizar para levar no dia, v\u00e1 com os documentos, que a gente faz a verifica\u00e7\u00e3o nos nossos sistemas e, caso a gente n\u00e3o encontre, iniciamos os esquemas vacinais conforme a recomenda\u00e7\u00e3o para cada faixa et\u00e1ria. E aqueles que a gente localizar, a gente vai dar continuidade a esse esquema vacinal\u201d, explica.<\/p>\n<p>&nbsp;<\/p>\n<h5>Fonte: Portal CidadeVerde.<br \/>\nConfira esta e outras mat\u00e9rias na \u00edntegra pelo link: https:\/\/cidadeverde.com\/noticias\/443336\/com-a-presenca-de-ze-gotinha-fms-promove-dia-de-vacinacao-para-criancas<\/h5>\n","protected":false},"excerpt":{"rendered":"<p>A Funda\u00e7\u00e3o Municipal de Sa\u00fade (FMS) promove neste domingo (12) o Imuniza Teresina, uma a\u00e7\u00e3o voltada para ampliar a vacina\u00e7\u00e3o de crian\u00e7as na capital. O posto de vacina\u00e7\u00e3o localizado no Teresina Shopping, zona Leste da capital, ter\u00e1 hor\u00e1rio estendido, funcionando das 10h \u00e0s 20h. A mobiliza\u00e7\u00e3o acompanha a campanha nacional de multivacina\u00e7\u00e3o, com o objetivo [&hellip;]<\/p>\n","protected":false},"author":3,"featured_media":10803,"comment_status":"open","ping_status":"open","sticky":false,"template":"","format":"standard","meta":{"om_disable_all_campaigns":false,"_monsterinsights_skip_tracking":false,"_monsterinsights_sitenote_active":false,"_monsterinsights_sitenote_note":"","_monsterinsights_sitenote_category":0,"footnotes":""},"categories":[33,42],"tags":[],"class_list":["post-10802","post","type-post","status-publish","format-standard","has-post-thumbnail","hentry","category-piaui","category-saude"],"jetpack_featured_media_url":"https:\/\/fatoelado.com\/wp-content\/uploads\/2025\/10\/ze-gotinha.jpg","_links":{"self":[{"href":"https:\/\/fatoelado.com\/index.php?rest_route=\/wp\/v2\/posts\/10802","targetHints":{"allow":["GET"]}}],"collection":[{"href":"https:\/\/fatoelado.com\/index.php?rest_route=\/wp\/v2\/posts"}],"about":[{"href":"https:\/\/fatoelado.com\/index.php?rest_route=\/wp\/v2\/types\/post"}],"author":[{"embeddable":true,"href":"https:\/\/fatoelado.com\/index.php?rest_route=\/wp\/v2\/users\/3"}],"replies":[{"embeddable":true,"href":"https:\/\/fatoelado.com\/index.php?rest_route=%2Fwp%2Fv2%2Fcomments&post=10802"}],"version-history":[{"count":1,"href":"https:\/\/fatoelado.com\/index.php?rest_route=\/wp\/v2\/posts\/10802\/revisions"}],"predecessor-version":[{"id":10804,"href":"https:\/\/fatoelado.com\/index.php?rest_route=\/wp\/v2\/posts\/10802\/revisions\/10804"}],"wp:featuredmedia":[{"embeddable":true,"href":"https:\/\/fatoelado.com\/index.php?rest_route=\/wp\/v2\/media\/10803"}],"wp:attachment":[{"href":"https:\/\/fatoelado.com\/index.php?rest_route=%2Fwp%2Fv2%2Fmedia&parent=10802"}],"wp:term":[{"taxonomy":"category","embeddable":true,"href":"https:\/\/fatoelado.com\/index.php?rest_route=%2Fwp%2Fv2%2Fcategories&post=10802"},{"taxonomy":"post_tag","embeddable":true,"href":"https:\/\/fatoelado.com\/index.php?rest_route=%2Fwp%2Fv2%2Ftags&post=10802"}],"curies":[{"name":"wp","href":"https:\/\/api.w.org\/{rel}","templated":true}]}}