{"id":10792,"date":"2025-10-08T12:38:40","date_gmt":"2025-10-08T15:38:40","guid":{"rendered":"https:\/\/fatoelado.com\/?p=10792"},"modified":"2025-10-08T12:38:40","modified_gmt":"2025-10-08T15:38:40","slug":"aprovacao-ao-governo-lula-volta-a-empatar-com-desaprovacao-pela-1a-vez-desde-janeiro","status":"publish","type":"post","link":"https:\/\/fatoelado.com\/?p=10792","title":{"rendered":"Aprova\u00e7\u00e3o ao governo Lula volta a empatar com desaprova\u00e7\u00e3o pela 1\u00aa vez desde janeiro"},"content":{"rendered":"<h2 class=\"content-head__subtitle\" style=\"text-align: center;\">Levantamento mostra que 49% desaprovam a gest\u00e3o petista, enquanto 48%, aprovam. Margem de erro \u00e9 de dois pontos para mais ou menos.<\/h2>\n<div id=\"chunk-1kgn8\">\n<div class=\"mc-column content-text active-extra-styles \" data-block-type=\"unstyled\" data-block-weight=\"35\" data-block-id=\"3\">\n<p class=\" content-text__container \" data-track-category=\"Link no Texto\" data-track-links=\"\" data-mrf-recirculation=\"Mat\u00e9ria - Links no Texto\">Pesquisa Quaest divulgada nesta quarta-feira (8) mostra que a aprova\u00e7\u00e3o ao governo Lula voltou a empatar, dentro da margem de erro, com a desaprova\u00e7\u00e3o: 49% dos brasileiros desaprovam a gest\u00e3o petista, enquanto 48%, aprovam.<\/p>\n<\/div>\n<\/div>\n<div class=\"wall protected-content\">\n<div id=\"chunk-1jc8j\">\n<div class=\"mc-column content-text active-extra-styles \" data-block-type=\"unstyled\" data-block-weight=\"50\" data-block-id=\"5\">\n<p class=\" content-text__container \" data-track-category=\"Link no Texto\" data-track-links=\"\" data-mrf-recirculation=\"Mat\u00e9ria - Links no Texto\">Esta \u00e9 a primeira vez, desde janeiro, que h\u00e1 empate entre os dois indicadores. No in\u00edcio do ano, 49% desaprovavam Lula, j\u00e1 a aprova\u00e7\u00e3o era de 47%. A diferen\u00e7a de um ponto \u00e9 a menor desde dezembro de 2024, quando a aprova\u00e7\u00e3o era maior que a desaprova\u00e7\u00e3o (52% a 47%).<\/p>\n<\/div>\n<\/div>\n<div id=\"chunk-7034a\">\n<div class=\"mc-column content-text active-extra-styles \" data-block-type=\"unstyled\" data-block-weight=\"29\" data-block-id=\"7\">\n<p class=\" content-text__container \" data-track-category=\"Link no Texto\" data-track-links=\"\" data-mrf-recirculation=\"Mat\u00e9ria - Links no Texto\">Entre fevereiro e setembro, os indicadores mostravam maior desaprova\u00e7\u00e3o. O pico de diferen\u00e7a ocorreu em maio deste ano, quando\u00a0<span class=\"highlight highlighted\">17 pontos separavam a avalia\u00e7\u00e3o negativa (57%) da positiva (40%)<\/span>.<\/p>\n<\/div>\n<\/div>\n<div id=\"chunk-569j9\">\n<div class=\"mc-column content-text active-extra-styles \" data-block-type=\"unstyled\" data-block-weight=\"4\" data-block-id=\"9\">\n<p class=\" content-text__container \" data-track-category=\"Link no Texto\" data-track-links=\"\" data-mrf-recirculation=\"Mat\u00e9ria - Links no Texto\"><strong>Veja os n\u00fameros:<\/strong><\/p>\n<\/div>\n<\/div>\n<div id=\"chunk-bp3q9\">\n<div class=\"mc-column content-text active-extra-styles\" data-block-type=\"raw\" data-block-weight=\"18\" data-block-id=\"10\">\n<ul class=\"content-unordered-list\">\n<li><strong>Aprova:<\/strong>\u00a048% (eram 46% na pesquisa de setembro);<\/li>\n<li><strong>Desaprova:<\/strong>\u00a049% (eram 51%);<\/li>\n<li><strong>N\u00e3o sabem\/n\u00e3o responderam:<\/strong>\u00a03% (eram 3%).<\/li>\n<\/ul>\n<p>&nbsp;<\/p>\n<\/div>\n<\/div>\n<div id=\"chunk-fmj6l\">\n<div class=\"mc-column content-text active-extra-styles \" data-block-type=\"unstyled\" data-block-weight=\"44\" data-block-id=\"11\">\n<p class=\" content-text__container \" data-track-category=\"Link no Texto\" data-track-links=\"\" data-mrf-recirculation=\"Mat\u00e9ria - Links no Texto\">A pesquisa foi encomendada pela Genial Investimentos e ouviu 2.004 pessoas com 16 anos ou mais entre os dias 2 e 5 de outubro. A margem de erro \u00e9 de 2 pontos para mais ou para menos. O n\u00edvel de confian\u00e7a \u00e9 de 95%.<\/p>\n<\/div>\n<\/div>\n<div id=\"chunk-d9178\">\n<div class=\"mc-column content-text active-extra-styles \" data-block-type=\"unstyled\" data-block-weight=\"5\" data-block-id=\"12\">\n<p class=\" content-text__container \" data-track-category=\"Link no Texto\" data-track-links=\"\" data-mrf-recirculation=\"Mat\u00e9ria - Links no Texto\"><strong>O levantamento aponta que:<\/strong><\/p>\n<\/div>\n<\/div>\n<div id=\"chunk-9kirf\">\n<div class=\"mc-column content-text active-extra-styles\" data-block-type=\"raw\" data-block-weight=\"146\" data-block-id=\"13\">\n<ul class=\"content-unordered-list\">\n<li><strong>Mulheres<\/strong>\u00a0voltaram a\u00a0<span class=\"highlight highlighted\">aprovar mais<\/span>\u00a0Lula do que desaprovar:\u00a0<strong>52%<\/strong>\u00a0a\u00a0<strong>45%<\/strong>, indicadores que estavam empatados em 48% no levantamento anterior;<\/li>\n<li>Os\u00a0<strong>cat\u00f3licos<\/strong>\u00a0voltaram a\u00a0<span class=\"highlight highlighted\">aprovar mais<\/span>\u00a0o governo petista, ap\u00f3s empate registrado em setembro:\u00a0<strong>54%<\/strong>\u00a0aprovam, e\u00a0<strong>44%<\/strong>, desaprovam. A margem \u00e9 de 3 pontos para mais ou menos;<\/li>\n<li>Os\u00a0<strong>mais ricos<\/strong>\u00a0(renda familiar de 5 sal\u00e1rios m\u00ednimos ou mais) apresentam\u00a0<span class=\"highlight highlighted\">empate entre os indicadores<\/span>: 52% desaprovam e 45%, aprovam. O p\u00fablico mais desaprovava o governo at\u00e9 setembro. A margem de erro \u00e9 de 4 pontos;<\/li>\n<li>H\u00e1\u00a0<span class=\"highlight highlighted\">empate<\/span>\u00a0entre o p\u00fablico de\u00a0<strong>35 a 59 anos<\/strong>, mas com aprova\u00e7\u00e3o e reprova\u00e7\u00e3o\u00a0<strong>invertendo posi\u00e7\u00f5es<\/strong>: enquanto 51% desaprovaram e 46% aprovavam em setembro, agora 51% aprovam e 46%, desaprovam;<\/li>\n<li>Voltou a ter\u00a0<span class=\"highlight highlighted\">empate<\/span>\u00a0entre o p\u00fablico de\u00a0<strong>60 anos ou mais<\/strong>, com 50% aprovando e 46%, desaprovando. Havia maior aprova\u00e7\u00e3o a Lula (53% a 45%) em setembro.<\/li>\n<\/ul>\n<\/div>\n<\/div>\n<div id=\"chunk-9ejof\">\n<div class=\"content-ads content-ads--reveal\" data-block-type=\"ads\" data-block-id=\"14\"><\/div>\n<\/div>\n<div id=\"chunk-47iot\">\n<div class=\"row medium-uncollapsed content-media content-photo\" data-block-type=\"backstage-photo\" data-block-id=\"15\">\n<div class=\" mc-column  content-media__container\">\n<div class=\"content-media-container glb-skeleton-box\">\n<figure class=\"content-media-figure\"><img decoding=\"async\" class=\"i-amphtml-fill-content i-amphtml-replaced-content\" src=\"https:\/\/s2-g1.glbimg.com\/VjpbsEdmKGCI1CFMSZfoxldt3cM=\/0x0:3600x2043\/984x0\/smart\/filters:strip_icc()\/i.s3.glbimg.com\/v1\/AUTH_59edd422c0c84a879bd37670ae4f538a\/internal_photos\/bs\/2025\/x\/W\/9kST0KTjyqTsuWSZtzbA\/54838604508-ca659a7883-4k.jpg\" sizes=\"(max-width: 1280px) 648px, 100vw\" srcset=\"https:\/\/s2-g1.glbimg.com\/iQkUK6ISMQW3WoPgmovYABTkxVY=\/0x0:3600x2043\/1000x0\/smart\/filters:strip_icc()\/i.s3.glbimg.com\/v1\/AUTH_59edd422c0c84a879bd37670ae4f538a\/internal_photos\/bs\/2025\/x\/W\/9kST0KTjyqTsuWSZtzbA\/54838604508-ca659a7883-4k.jpg 1000w, https:\/\/s2-g1.glbimg.com\/VjpbsEdmKGCI1CFMSZfoxldt3cM=\/0x0:3600x2043\/984x0\/smart\/filters:strip_icc()\/i.s3.glbimg.com\/v1\/AUTH_59edd422c0c84a879bd37670ae4f538a\/internal_photos\/bs\/2025\/x\/W\/9kST0KTjyqTsuWSZtzbA\/54838604508-ca659a7883-4k.jpg 984w, https:\/\/s2-g1.glbimg.com\/JQ3l7VOTuILD415DatvNSPpAdMU=\/0x0:3600x2043\/640x0\/smart\/filters:strip_icc()\/i.s3.glbimg.com\/v1\/AUTH_59edd422c0c84a879bd37670ae4f538a\/internal_photos\/bs\/2025\/x\/W\/9kST0KTjyqTsuWSZtzbA\/54838604508-ca659a7883-4k.jpg 640w, https:\/\/s2-g1.glbimg.com\/fwPlnDEljJUxgm68DxPvhEWvvdk=\/0x0:3600x2043\/600x0\/smart\/filters:strip_icc()\/i.s3.glbimg.com\/v1\/AUTH_59edd422c0c84a879bd37670ae4f538a\/internal_photos\/bs\/2025\/x\/W\/9kST0KTjyqTsuWSZtzbA\/54838604508-ca659a7883-4k.jpg 600w\" alt=\"Presidente Lula durante entrevista no Pal\u00e1cio do Planalto \u2014 Foto: Ricardo Stuckert\/PR\" \/><\/figure>\n<\/div>\n<p class=\"content-media__description  \">Presidente Lula durante entrevista no Pal\u00e1cio do Planalto \u2014 Foto: Ricardo Stuckert\/PR<\/p>\n<\/div>\n<\/div>\n<\/div>\n<div id=\"chunk-8f430\">\n<div class=\"mc-column content-text active-extra-styles \" data-block-type=\"unstyled\" data-block-weight=\"35\" data-block-id=\"16\">\n<p class=\" content-text__container \" data-track-category=\"Link no Texto\" data-track-links=\"\" data-mrf-recirculation=\"Mat\u00e9ria - Links no Texto\">A Quaest tamb\u00e9m ouviu a opini\u00e3o dos entrevistados sobre a rela\u00e7\u00e3o de Lula com Trump e sobre assuntos econ\u00f4micos, incluindo a isen\u00e7\u00e3o do Imposto de Renda para quem ganha at\u00e9 R$ 5 mil. Veja abaixo:<\/p>\n<\/div>\n<\/div>\n<div id=\"chunk-de1ra\">\n<div class=\"mc-column content-text active-extra-styles\" data-block-type=\"raw\" data-block-weight=\"45\" data-block-id=\"17\">\n<ul class=\"content-unordered-list\">\n<li>49% acham que Lula saiu mais forte ap\u00f3s encontro com Trump na ONU; 27% acham que saiu mais fraco;<\/li>\n<li>79% s\u00e3o a favor de isentar IR de quem ganha R$ 5 mil;<\/li>\n<li>Cai a parcela de brasileiros que consideram que economia piorou no \u00faltimo ano.<\/li>\n<\/ul>\n<p>&nbsp;<\/p>\n<\/div>\n<\/div>\n<div id=\"chunk-1tm1m\">\n<div class=\"mc-column content-text active-extra-styles\" data-block-type=\"raw\" data-block-weight=\"8\" data-block-id=\"18\">\n<div class=\"content-intertitle\">\n<h2><strong>Veja, abaixo, a avalia\u00e7\u00e3o de Lula por segmento:<\/strong><\/h2>\n<\/div>\n<\/div>\n<\/div>\n<div id=\"chunk-teb9\">\n<div class=\"mc-column content-text active-extra-styles\" data-block-type=\"raw\" data-block-weight=\"1\" data-block-id=\"19\">\n<div class=\"content-intertitle\">\n<h2>Regi\u00e3o<\/h2>\n<\/div>\n<\/div>\n<\/div>\n<div id=\"chunk-f111i\">\n<div class=\"mc-column content-text active-extra-styles \" data-block-type=\"unstyled\" data-block-weight=\"36\" data-block-id=\"20\">\n<p class=\" content-text__container \" data-track-category=\"Link no Texto\" data-track-links=\"\" data-mrf-recirculation=\"Mat\u00e9ria - Links no Texto\">Os indicadores de aprova\u00e7\u00e3o e desaprova\u00e7\u00e3o ao governo Lula tiveram varia\u00e7\u00f5es dentro da margem de erro nas regi\u00f5es do pa\u00eds em rela\u00e7\u00e3o ao levantamento anterior, realizado em setembro, mas sem alterar os cen\u00e1rios.<\/p>\n<p data-track-category=\"Link no Texto\" data-track-links=\"\" data-mrf-recirculation=\"Mat\u00e9ria - Links no Texto\">\n<\/div>\n<\/div>\n<div id=\"chunk-crd87\">\n<div class=\"mc-column content-text active-extra-styles\" data-block-type=\"raw\" data-block-weight=\"1\" data-block-id=\"22\">\n<div class=\"content-intertitle\">\n<h2>G\u00eanero<\/h2>\n<\/div>\n<\/div>\n<\/div>\n<div id=\"chunk-3ia1o\">\n<div class=\"mc-column content-text active-extra-styles \" data-block-type=\"unstyled\" data-block-weight=\"38\" data-block-id=\"23\">\n<p class=\" content-text__container \" data-track-category=\"Link no Texto\" data-track-links=\"\" data-mrf-recirculation=\"Mat\u00e9ria - Links no Texto\"><strong>Mulheres\u00a0<\/strong>voltaram a\u00a0<span class=\"highlight highlighted\">aprovar mais<\/span>\u00a0o governo Lula do que desaprovar: 52% a 45%, indicadores que estavam empatados em 48% no levantamento anterior, realizado em setembro. A\u00a0<strong>margem de erro \u00e9 de 3 pontos<\/strong>\u00a0para mais ou menos.<\/p>\n<\/div>\n<\/div>\n<div id=\"chunk-5o7t5\">\n<div class=\"mc-column content-text active-extra-styles \" data-block-type=\"unstyled\" data-block-weight=\"31\" data-block-id=\"24\">\n<p class=\" content-text__container \" data-track-category=\"Link no Texto\" data-track-links=\"\" data-mrf-recirculation=\"Mat\u00e9ria - Links no Texto\">Entre os\u00a0<strong>homens<\/strong>, houve oscila\u00e7\u00e3o nos n\u00fameros dentro da margem de erro, que \u00e9 de 3 pontos, mas sem alterar o cen\u00e1rio de\u00a0<span class=\"highlight highlighted\">maior desaprova\u00e7\u00e3o<\/span>\u00a0ao governo federal.<\/p>\n<p data-track-category=\"Link no Texto\" data-track-links=\"\" data-mrf-recirculation=\"Mat\u00e9ria - Links no Texto\">\n<\/div>\n<\/div>\n<div id=\"chunk-fjff9\">\n<div class=\"mc-column content-text active-extra-styles\" data-block-type=\"raw\" data-block-weight=\"2\" data-block-id=\"26\">\n<div class=\"content-intertitle\">\n<h2>Faixa et\u00e1ria<\/h2>\n<\/div>\n<\/div>\n<\/div>\n<div id=\"chunk-8gtko\">\n<div class=\"mc-column content-text active-extra-styles \" data-block-type=\"unstyled\" data-block-weight=\"58\" data-block-id=\"27\">\n<p class=\" content-text__container \" data-track-category=\"Link no Texto\" data-track-links=\"\" data-mrf-recirculation=\"Mat\u00e9ria - Links no Texto\">A pesquisa mostra\u00a0<span class=\"highlight highlighted\">empate t\u00e9cnico<\/span>\u00a0entre o p\u00fablico de\u00a0<strong>35 a 59 anos<\/strong>, como ocorria na pesquisa de setembro. A diferen\u00e7a \u00e9 que aprova\u00e7\u00e3o e reprova\u00e7\u00e3o inverteram as posi\u00e7\u00f5es: enquanto 51% desaprovaram e 46% aprovavam em setembro, agora s\u00e3o 51% os que aprovam e 46%, os que desaprovam. A\u00a0<strong>margem de erro \u00e9 de 3 pontos<\/strong>\u00a0neste segmento.<\/p>\n<\/div>\n<\/div>\n<div id=\"chunk-5ehql\">\n<div class=\"mc-column content-text active-extra-styles \" data-block-type=\"unstyled\" data-block-weight=\"45\" data-block-id=\"28\">\n<p class=\" content-text__container \" data-track-category=\"Link no Texto\" data-track-links=\"\" data-mrf-recirculation=\"Mat\u00e9ria - Links no Texto\">Tamb\u00e9m h\u00e1\u00a0<strong>empate<\/strong>\u00a0nos n\u00fameros no p\u00fablico mais velho, com\u00a0<strong>60 anos ou mais<\/strong>: 50% de aprova\u00e7\u00e3o e 46% de desaprova\u00e7\u00e3o. Antes, no levantamento anterior, havia maior aprova\u00e7\u00e3o a Lula (53% a 45%). A\u00a0<strong>margem de erro \u00e9 de 5 pontos<\/strong>\u00a0para mais ou menos.<\/p>\n<\/div>\n<\/div>\n<div id=\"chunk-3ucnm\">\n<div class=\"mc-column content-text active-extra-styles \" data-block-type=\"unstyled\" data-block-weight=\"36\" data-block-id=\"29\">\n<p class=\" content-text__container \" data-track-category=\"Link no Texto\" data-track-links=\"\" data-mrf-recirculation=\"Mat\u00e9ria - Links no Texto\">Entre os jovens, de\u00a0<span class=\"highlight highlighted\">16 a 34 anos<\/span>, houve oscila\u00e7\u00e3o de um ponto na desaprova\u00e7\u00e3o, o que n\u00e3o altera o cen\u00e1rio do segmento, que tem margem\u00a0<strong>de 4 pontos\u00a0<\/strong>para mais ou menos.<\/p>\n<\/div>\n<\/div>\n<div id=\"chunk-a19hm\">\n<div class=\"mc-column content-text active-extra-styles\" data-block-type=\"raw\" data-block-weight=\"1\" data-block-id=\"31\">\n<p class=\"content-text__container\" data-mrf-recirculation=\"Mat\u00e9ria - Links no Texto\">\n<div class=\"content-intertitle\">\n<h2>Escolaridade<\/h2>\n<\/div>\n<\/div>\n<\/div>\n<div id=\"chunk-3ke4s\">\n<div class=\"mc-column content-text active-extra-styles \" data-block-type=\"unstyled\" data-block-weight=\"39\" data-block-id=\"32\">\n<p class=\" content-text__container \" data-track-category=\"Link no Texto\" data-track-links=\"\" data-mrf-recirculation=\"Mat\u00e9ria - Links no Texto\">Entre quem tem at\u00e9 o\u00a0<strong>ensino fundamental<\/strong>, aumentou de 15 para 22 pontos a diferen\u00e7a\u00a0<span class=\"highlight highlighted\">a favor aprova\u00e7\u00e3o<\/span>\u00a0em rela\u00e7\u00e3o \u00e0 desaprova\u00e7\u00e3o: 59% contra 37% (eram 56% e 41% em setembro). A\u00a0<strong>margem de erro \u00e9 de 4 pontos<\/strong>.<\/p>\n<\/div>\n<\/div>\n<div id=\"chunk-bjdc0\">\n<div class=\"mc-column content-text active-extra-styles \" data-block-type=\"unstyled\" data-block-weight=\"30\" data-block-id=\"33\">\n<p class=\" content-text__container \" data-track-category=\"Link no Texto\" data-track-links=\"\" data-mrf-recirculation=\"Mat\u00e9ria - Links no Texto\">Nos demais indicadores de escolaridade (<strong>ensino m\u00e9dio completo<\/strong>\u00a0e\u00a0<strong>ensino superior completo<\/strong>), aprova\u00e7\u00e3o e desaprova\u00e7\u00e3o tiveram varia\u00e7\u00f5es dentro da margem de erro, mas sem altera\u00e7\u00f5es no cen\u00e1rio.<\/p>\n<\/div>\n<\/div>\n<div id=\"chunk-4tkg8\">\n<div class=\"mc-column content-text active-extra-styles\" data-block-type=\"raw\" data-block-weight=\"2\" data-block-id=\"34\">\n<p class=\"content-text__container\" data-mrf-recirculation=\"Mat\u00e9ria - Links no Texto\">\n<div class=\"content-intertitle\">\n<h2>Renda familiar<\/h2>\n<\/div>\n<\/div>\n<\/div>\n<div id=\"chunk-171p5\">\n<div class=\"mc-column content-text active-extra-styles \" data-block-type=\"unstyled\" data-block-weight=\"40\" data-block-id=\"35\">\n<p class=\" content-text__container \" data-track-category=\"Link no Texto\" data-track-links=\"\" data-mrf-recirculation=\"Mat\u00e9ria - Links no Texto\">Os mais ricos (renda familiar de\u00a0<strong>5 sal\u00e1rios m\u00ednimos ou mais<\/strong>) apresentam\u00a0<span class=\"highlight highlighted\">empate<\/span>\u00a0entre os indicadores: 52% desaprovam e 45%, aprovam. O p\u00fablico mais desaprovava o governo at\u00e9 setembro (60% a 37%).\u00a0<strong>A margem de erro \u00e9 de 4 pontos<\/strong>.<\/p>\n<\/div>\n<\/div>\n<div id=\"chunk-i3k1\">\n<div class=\"mc-column content-text active-extra-styles \" data-block-type=\"unstyled\" data-block-weight=\"62\" data-block-id=\"37\">\n<p class=\" content-text__container \" data-track-category=\"Link no Texto\" data-track-links=\"\" data-mrf-recirculation=\"Mat\u00e9ria - Links no Texto\">Houve varia\u00e7\u00e3o dentro da margem de erro em aprova\u00e7\u00e3o e desaprova\u00e7\u00e3o nas rendas de quem recebe at\u00e9\u00a0<strong>2 sal\u00e1rios m\u00ednimos<\/strong>\u00a0e no p\u00fablico de\u00a0<strong>mais de 2 a 5 sal\u00e1rios m\u00ednimos<\/strong>, mas sem alterar o cen\u00e1rio de\u00a0<span class=\"highlight highlighted\">mais aprova\u00e7\u00e3o<\/span>\u00a0nos\u00a0<strong>mais pobres<\/strong>\u00a0e de\u00a0<span class=\"highlight highlighted\">empate<\/span>\u00a0na\u00a0<strong>classe intermedi\u00e1ria<\/strong>, com margens de erro de 4 e 3 pontos, nesta ordem.<\/p>\n<\/div>\n<\/div>\n<div id=\"chunk-cllki\">\n<div class=\"mc-column content-text active-extra-styles\" data-block-type=\"raw\" data-block-weight=\"1\" data-block-id=\"38\">\n<p class=\"content-text__container\" data-mrf-recirculation=\"Mat\u00e9ria - Links no Texto\">\n<div class=\"content-intertitle\">\n<h2>Religi\u00e3o<\/h2>\n<\/div>\n<\/div>\n<\/div>\n<div id=\"chunk-5cd02\">\n<div class=\"mc-column content-text active-extra-styles \" data-block-type=\"unstyled\" data-block-weight=\"40\" data-block-id=\"39\">\n<p class=\" content-text__container \" data-track-category=\"Link no Texto\" data-track-links=\"\" data-mrf-recirculation=\"Mat\u00e9ria - Links no Texto\">Os\u00a0<strong>cat\u00f3licos<\/strong>\u00a0voltam a\u00a0<span class=\"highlight highlighted\">aprovar mais<\/span>\u00a0o governo petista ap\u00f3s o empate t\u00e9cnico entre os indicadores registrados em setembro: agora, 54% aprovam e 44%, desaprovam. S\u00e3o dez pontos de diferen\u00e7a. A\u00a0<strong>margem \u00e9 de 3 pontos<\/strong> para mais ou menos;<\/p>\n<\/div>\n<\/div>\n<div id=\"chunk-8t0hu\">\n<div class=\"mc-column content-text active-extra-styles \" data-block-type=\"unstyled\" data-block-weight=\"16\" data-block-id=\"41\">\n<p class=\" content-text__container \" data-track-category=\"Link no Texto\" data-track-links=\"\" data-mrf-recirculation=\"Mat\u00e9ria - Links no Texto\">Entre os\u00a0<strong>evang\u00e9licos<\/strong>, Lula segue\u00a0<span class=\"highlight highlighted\">mais desaprovado<\/span> (63%) do que aprovado (34%).\u00a0<strong>:<\/strong><\/p>\n<\/div>\n<\/div>\n<div id=\"chunk-dornk\">\n<div class=\"mc-column content-text active-extra-styles\" data-block-type=\"raw\" data-block-weight=\"2\" data-block-id=\"42\">\n<div class=\"content-intertitle\">\n<h2>Bolsa fam\u00edlia<\/h2>\n<\/div>\n<\/div>\n<\/div>\n<div id=\"chunk-ahg00\">\n<div class=\"mc-column content-text active-extra-styles \" data-block-type=\"unstyled\" data-block-weight=\"67\" data-block-id=\"43\">\n<p class=\" content-text__container \" data-track-category=\"Link no Texto\" data-track-links=\"\" data-mrf-recirculation=\"Mat\u00e9ria - Links no Texto\">A aprova\u00e7\u00e3o da gest\u00e3o Lula entre os\u00a0<span class=\"highlight highlighted\">benefici\u00e1rios do Bolsa Fam\u00edlia foi a\u00a0<\/span>67% (eram 64% em setembro) e a desaprova\u00e7\u00e3o, a 31% (eram 31%). As varia\u00e7\u00f5es est\u00e3o dentro da margem de erro, mas indicam o melhor resultado no ano, com 36 pontos de vantagem para a aprova\u00e7\u00e3o &#8212; em julho, indicadores estavam em empate t\u00e9cnico.\u00a0<strong>Margem de erro \u00e9 de 5 pontos<\/strong>\u00a0para mais ou menos.<\/p>\n<\/div>\n<\/div>\n<div id=\"chunk-adekt\">\n<div class=\"mc-column content-text active-extra-styles \" data-block-type=\"unstyled\" data-block-weight=\"35\" data-block-id=\"44\">\n<p class=\" content-text__container \" data-track-category=\"Link no Texto\" data-track-links=\"\" data-mrf-recirculation=\"Mat\u00e9ria - Links no Texto\">Entre quem\u00a0<span class=\"highlight highlighted\">n\u00e3o \u00e9 benefici\u00e1rio do programa social<\/span>, 53% desaprovam o governo petista (eram 55% em setembro), j\u00e1 44%, aprovam (eram 42%). As oscila\u00e7\u00f5es est\u00e3o dentro da margem de erro, de\u00a0<strong>3 pontos<\/strong> no segmento.<\/p>\n<\/div>\n<\/div>\n<div id=\"chunk-3oaj1\">\n<div class=\"mc-column content-text active-extra-styles\" data-block-type=\"raw\" data-block-weight=\"4\" data-block-id=\"46\">\n<div class=\"content-intertitle\">\n<h2>Avalia\u00e7\u00e3o geral do governo<\/h2>\n<\/div>\n<\/div>\n<\/div>\n<div id=\"chunk-8ifig\">\n<div class=\"mc-column content-text active-extra-styles \" data-block-type=\"unstyled\" data-block-weight=\"42\" data-block-id=\"47\">\n<p class=\" content-text__container \" data-track-category=\"Link no Texto\" data-track-links=\"\" data-mrf-recirculation=\"Mat\u00e9ria - Links no Texto\">O levantamento da Quaest questionou aos eleitores como eles avaliam o governo Lula no geral. Houve oscila\u00e7\u00e3o de um ponto para baixo entre quem avalia o governo de modo negativo e de dois pontos para cima entre quem avalia como positivo.<\/p>\n<\/div>\n<\/div>\n<div id=\"chunk-5j51g\">\n<div class=\"mc-column content-text active-extra-styles \" data-block-type=\"unstyled\" data-block-weight=\"3\" data-block-id=\"48\">\n<p class=\" content-text__container \" data-track-category=\"Link no Texto\" data-track-links=\"\" data-mrf-recirculation=\"Mat\u00e9ria - Links no Texto\"><strong>Veja os n\u00fameros:<\/strong><\/p>\n<\/div>\n<\/div>\n<div id=\"chunk-cv1kd\">\n<div class=\"mc-column content-text active-extra-styles\" data-block-type=\"raw\" data-block-weight=\"20\" data-block-id=\"49\">\n<ul class=\"content-unordered-list\">\n<li><strong>Positivo:<\/strong>\u00a033% (eram 31% em setembro);<\/li>\n<li><strong>Negativo<\/strong>: 37% (eram 38%);<\/li>\n<li><strong>Regular:<\/strong>\u00a027% (eram 28%);<\/li>\n<li><strong>N\u00e3o sabe\/n\u00e3o respondeu:\u00a0<\/strong>3% (eram 3%).<\/li>\n<\/ul>\n<\/div>\n<p>&nbsp;<\/p>\n<h5>Fonte: Portal G1.<br \/>\nConfira esta e outras mat\u00e9rias na \u00edntegra pelo link: https:\/\/g1.globo.com\/politica\/noticia\/2025\/10\/08\/quaest-lula-aprovacao-outubro.ghtml<\/h5>\n<div class=\"mc-column content-text active-extra-styles\" data-block-type=\"raw\" data-block-weight=\"20\" data-block-id=\"49\">\n<p>&nbsp;<\/p>\n<\/div>\n<\/div>\n<div id=\"chunk-1knta\">\n<div class=\"show-flourish-embed-block\" data-mrf-recirculation=\"Mat\u00e9ria - Flourish\">\n<div class=\"show-flourish-embed-block__container show-flourish-embed-block__container--visualization\" data-flourish-embed=\"\" data-flourish-content-type=\"visualization\"><\/div>\n<\/div>\n<\/div>\n<\/div>\n","protected":false},"excerpt":{"rendered":"<p>Levantamento mostra que 49% desaprovam a gest\u00e3o petista, enquanto 48%, aprovam. Margem de erro \u00e9 de dois pontos para mais ou menos. Pesquisa Quaest divulgada nesta quarta-feira (8) mostra que a aprova\u00e7\u00e3o ao governo Lula voltou a empatar, dentro da margem de erro, com a desaprova\u00e7\u00e3o: 49% dos brasileiros desaprovam a gest\u00e3o petista, enquanto 48%, [&hellip;]<\/p>\n","protected":false},"author":3,"featured_media":10793,"comment_status":"open","ping_status":"open","sticky":false,"template":"","format":"standard","meta":{"om_disable_all_campaigns":false,"_monsterinsights_skip_tracking":false,"_monsterinsights_sitenote_active":false,"_monsterinsights_sitenote_note":"","_monsterinsights_sitenote_category":0,"footnotes":""},"categories":[47,30],"tags":[],"class_list":["post-10792","post","type-post","status-publish","format-standard","has-post-thumbnail","hentry","category-nacionais","category-politica"],"jetpack_featured_media_url":"https:\/\/fatoelado.com\/wp-content\/uploads\/2025\/10\/54838604508-ca659a7883-4k.avif","_links":{"self":[{"href":"https:\/\/fatoelado.com\/index.php?rest_route=\/wp\/v2\/posts\/10792","targetHints":{"allow":["GET"]}}],"collection":[{"href":"https:\/\/fatoelado.com\/index.php?rest_route=\/wp\/v2\/posts"}],"about":[{"href":"https:\/\/fatoelado.com\/index.php?rest_route=\/wp\/v2\/types\/post"}],"author":[{"embeddable":true,"href":"https:\/\/fatoelado.com\/index.php?rest_route=\/wp\/v2\/users\/3"}],"replies":[{"embeddable":true,"href":"https:\/\/fatoelado.com\/index.php?rest_route=%2Fwp%2Fv2%2Fcomments&post=10792"}],"version-history":[{"count":1,"href":"https:\/\/fatoelado.com\/index.php?rest_route=\/wp\/v2\/posts\/10792\/revisions"}],"predecessor-version":[{"id":10794,"href":"https:\/\/fatoelado.com\/index.php?rest_route=\/wp\/v2\/posts\/10792\/revisions\/10794"}],"wp:featuredmedia":[{"embeddable":true,"href":"https:\/\/fatoelado.com\/index.php?rest_route=\/wp\/v2\/media\/10793"}],"wp:attachment":[{"href":"https:\/\/fatoelado.com\/index.php?rest_route=%2Fwp%2Fv2%2Fmedia&parent=10792"}],"wp:term":[{"taxonomy":"category","embeddable":true,"href":"https:\/\/fatoelado.com\/index.php?rest_route=%2Fwp%2Fv2%2Fcategories&post=10792"},{"taxonomy":"post_tag","embeddable":true,"href":"https:\/\/fatoelado.com\/index.php?rest_route=%2Fwp%2Fv2%2Ftags&post=10792"}],"curies":[{"name":"wp","href":"https:\/\/api.w.org\/{rel}","templated":true}]}}