{"id":10786,"date":"2025-10-08T12:32:40","date_gmt":"2025-10-08T15:32:40","guid":{"rendered":"https:\/\/fatoelado.com\/?p=10786"},"modified":"2025-10-08T12:32:40","modified_gmt":"2025-10-08T15:32:40","slug":"piaui-lanca-programa-defesa-civil-na-escola-para-capacitar-alunos-e-professores-em-prevencao-a-desastres","status":"publish","type":"post","link":"https:\/\/fatoelado.com\/?p=10786","title":{"rendered":"Piau\u00ed lan\u00e7a Programa Defesa Civil na Escola para capacitar alunos e professores em preven\u00e7\u00e3o a desastres"},"content":{"rendered":"<div class=\"elementor-element elementor-element-282adc7 elementor-widget elementor-widget-heading\" data-id=\"282adc7\" data-element_type=\"widget\" data-widget_type=\"heading.default\">\n<div class=\"elementor-widget-container\">\n<h2 class=\"elementor-heading-title elementor-size-default\" style=\"text-align: center;\">O lan\u00e7amento ocorreu durante o Semin\u00e1rio Piau\u00ed Pela Inf\u00e2ncia e Juventude.<\/h2>\n<\/div>\n<\/div>\n<div class=\"elementor-element elementor-element-e94e84e elementor-widget elementor-widget-html\" data-id=\"e94e84e\" data-element_type=\"widget\" data-widget_type=\"html.default\">\n<div class=\"elementor-widget-container\"><\/div>\n<\/div>\n<div id=\"div_conteudo\" class=\"elementor-element elementor-element-2b45a66 elementor-widget elementor-widget-theme-post-content\" data-id=\"2b45a66\" data-element_type=\"widget\" data-widget_type=\"theme-post-content.default\">\n<div class=\"elementor-widget-container\">\n<p>O Estado do Piau\u00ed deu um passo importante e in\u00e9dito, nesta\u00a0 quarta-feira (8),\u00a0 com a implementa\u00e7\u00e3o do Programa Defesa Civil na Escola durante o I Semin\u00e1rio Piau\u00ed Pela Inf\u00e2ncia e Juventude: Pol\u00edticas de Prote\u00e7\u00e3o e Preven\u00e7\u00e3o, realizado pelas Secretarias da Defesa Civil; da Educa\u00e7\u00e3o e Pacto Pelas Crian\u00e7as, em parceria com Selo Unicef.<\/p>\n<p>A iniciativa representa um marco nas pol\u00edticas p\u00fablicas do Piau\u00ed, ao integrar a tem\u00e1tica da preven\u00e7\u00e3o, percep\u00e7\u00e3o de riscos e prepara\u00e7\u00e3o frente a emerg\u00eancias e desastres ao cotidiano escolar. O objetivo \u00e9 garantir ambientes de aprendizagem mais seguros e resilientes, al\u00e9m de formar estudantes como agentes multiplicadores da cultura de preven\u00e7\u00e3o em suas comunidades. Na ocasi\u00e3o, alunos dos n\u00facleos estudantis de prote\u00e7\u00e3o e defesa civil receberam coletes e certificados.<\/p>\n<p><img loading=\"lazy\" decoding=\"async\" class=\"aligncenter wp-image-89322 size-full\" src=\"https:\/\/www.pi.gov.br\/wp-content\/uploads\/2025\/10\/WhatsApp-Image-2025-10-08-at-10.56.15.jpeg\" sizes=\"auto, (max-width: 1600px) 100vw, 1600px\" srcset=\"https:\/\/www.pi.gov.br\/wp-content\/uploads\/2025\/10\/WhatsApp-Image-2025-10-08-at-10.56.15.jpeg 1600w, https:\/\/www.pi.gov.br\/wp-content\/uploads\/2025\/10\/WhatsApp-Image-2025-10-08-at-10.56.15-300x225.jpeg 300w, https:\/\/www.pi.gov.br\/wp-content\/uploads\/2025\/10\/WhatsApp-Image-2025-10-08-at-10.56.15-1024x768.jpeg 1024w, https:\/\/www.pi.gov.br\/wp-content\/uploads\/2025\/10\/WhatsApp-Image-2025-10-08-at-10.56.15-768x576.jpeg 768w, https:\/\/www.pi.gov.br\/wp-content\/uploads\/2025\/10\/WhatsApp-Image-2025-10-08-at-10.56.15-1536x1152.jpeg 1536w\" alt=\"\" width=\"1600\" height=\"1200\" data-uw-rm-alt-original=\"\" data-uw-rm-alt=\"QU\" \/><\/p>\n<p>Segundo o Secret\u00e1rio de Defesa Civil, Nerinho, o Piau\u00ed\u00a0 est\u00e1 saindo na frente. \u201cO foco principal \u00e9 a primeira inf\u00e2ncia, fazer com que essas crian\u00e7as se sintam mais protegidas, profissionalizar e capacitar cada vez mais ainda os professores dessas crian\u00e7as. E isso \u00e9 um trabalho que engloba todos, Secretaria da Educa\u00e7\u00e3o, Defesa Civil, Pacto pela Crian\u00e7a e principalmente a Unicef\u201d, disse.<\/p>\n<p>Para o Secret\u00e1rio da Educa\u00e7\u00e3o, Washington Bandeira, o intuito \u00e9 desenvolver e construir uma sociedade mais segura. \u201cEstamos dentro das escolas de tempo integral formando grandes cidad\u00e3os, tamb\u00e9m estamos implantando a\u00e7\u00f5es de prote\u00e7\u00e3o e defesa civil, que ser\u00e3o protagonistas de um mundo melhor e mais seguro\u201d, conta.<\/p>\n<p><img loading=\"lazy\" decoding=\"async\" class=\"aligncenter wp-image-89324 size-full\" src=\"https:\/\/www.pi.gov.br\/wp-content\/uploads\/2025\/10\/WhatsApp-Image-2025-10-08-at-11.00.38.jpeg\" sizes=\"auto, (max-width: 1280px) 100vw, 1280px\" srcset=\"https:\/\/www.pi.gov.br\/wp-content\/uploads\/2025\/10\/WhatsApp-Image-2025-10-08-at-11.00.38.jpeg 1280w, https:\/\/www.pi.gov.br\/wp-content\/uploads\/2025\/10\/WhatsApp-Image-2025-10-08-at-11.00.38-300x200.jpeg 300w, https:\/\/www.pi.gov.br\/wp-content\/uploads\/2025\/10\/WhatsApp-Image-2025-10-08-at-11.00.38-1024x683.jpeg 1024w, https:\/\/www.pi.gov.br\/wp-content\/uploads\/2025\/10\/WhatsApp-Image-2025-10-08-at-11.00.38-768x512.jpeg 768w\" alt=\"\" width=\"1280\" height=\"854\" data-uw-rm-alt-original=\"\" data-uw-rm-alt=\"QU\" \/><\/p>\n<p>O Semin\u00e1rio Piau\u00ed Pela Inf\u00e2ncia e Juventude: Pol\u00edticas de Prote\u00e7\u00e3o e Preven\u00e7\u00e3o re\u00fane representantes da Defesa Civil, gestores municipais, da educa\u00e7\u00e3o, assist\u00eancia social, profissionais da rede de prote\u00e7\u00e3o e parceiros institucionais para debater estrat\u00e9gias conjuntas de atua\u00e7\u00e3o no Piau\u00ed. Um dos destaques ser\u00e1 a apresenta\u00e7\u00e3o da nova edi\u00e7\u00e3o do Selo Unicef 2025\u20132028, que, pela primeira vez, traz em sua metodologia a\u00e7\u00f5es de Redu\u00e7\u00e3o e Gest\u00e3o de Riscos de Desastres voltadas para crian\u00e7as e adolescentes, refor\u00e7ando a import\u00e2ncia da atua\u00e7\u00e3o das Defesas Civis municipais.<\/p>\n<p>Segundo Isabelle Bactoldi, especialista em emerg\u00eancias do Unicef, trata-se de um sonho realizado fortalecer as a\u00e7\u00f5es da Defesa Civil de prote\u00e7\u00e3o \u00e0s crian\u00e7as e adolescentes seja no momento antes, durante e depois dos desastres. \u201cEstamos aqui para caminhar mesmo junto com a Defesa Civil e garantir que as crian\u00e7as tenham um futuro mais seguro, um futuro mais resiliente. Aqui nesse evento vamos falar nas crian\u00e7as vulner\u00e1veis e como que a gente pode proteger melhor, quais os aspectos a se considerar na preven\u00e7\u00e3o, na resposta, na recupera\u00e7\u00e3o de desastres, para garantir que essas crian\u00e7as estejam no centro das a\u00e7\u00f5es de gest\u00e3o\u201d, conta.<\/p>\n<p><img loading=\"lazy\" decoding=\"async\" class=\"aligncenter wp-image-89325 size-full\" src=\"https:\/\/www.pi.gov.br\/wp-content\/uploads\/2025\/10\/WhatsApp-Image-2025-10-08-at-11.00.38-1.jpeg\" sizes=\"auto, (max-width: 1280px) 100vw, 1280px\" srcset=\"https:\/\/www.pi.gov.br\/wp-content\/uploads\/2025\/10\/WhatsApp-Image-2025-10-08-at-11.00.38-1.jpeg 1280w, https:\/\/www.pi.gov.br\/wp-content\/uploads\/2025\/10\/WhatsApp-Image-2025-10-08-at-11.00.38-1-300x200.jpeg 300w, https:\/\/www.pi.gov.br\/wp-content\/uploads\/2025\/10\/WhatsApp-Image-2025-10-08-at-11.00.38-1-1024x683.jpeg 1024w, https:\/\/www.pi.gov.br\/wp-content\/uploads\/2025\/10\/WhatsApp-Image-2025-10-08-at-11.00.38-1-768x512.jpeg 768w\" alt=\"\" width=\"1280\" height=\"854\" data-uw-rm-alt-original=\"\" data-uw-rm-alt=\"QU\" \/><\/p>\n<p>Para Isabel Fonteles, Coordenadora do Pacto Pelas Crian\u00e7as no Piau\u00ed, trata-se de um trabalho em conjunto com os\u00a0 \u00f3rg\u00e3o. \u201cEsse momento demonstra o car\u00e1ter colaborativo junto aos munic\u00edpios . A amplia\u00e7\u00e3o do programa para os 224 munic\u00edpios \u00e9 um marco e a esperan\u00e7a que a execu\u00e7\u00e3o possa trazer bons resultados para os jovens e as crian\u00e7as\u201d, conta.<\/p>\n<\/div>\n<\/div>\n","protected":false},"excerpt":{"rendered":"<p>O lan\u00e7amento ocorreu durante o Semin\u00e1rio Piau\u00ed Pela Inf\u00e2ncia e Juventude. O Estado do Piau\u00ed deu um passo importante e in\u00e9dito, nesta\u00a0 quarta-feira (8),\u00a0 com a implementa\u00e7\u00e3o do Programa Defesa Civil na Escola durante o I Semin\u00e1rio Piau\u00ed Pela Inf\u00e2ncia e Juventude: Pol\u00edticas de Prote\u00e7\u00e3o e Preven\u00e7\u00e3o, realizado pelas Secretarias da Defesa Civil; da Educa\u00e7\u00e3o [&hellip;]<\/p>\n","protected":false},"author":3,"featured_media":10787,"comment_status":"open","ping_status":"open","sticky":false,"template":"","format":"standard","meta":{"om_disable_all_campaigns":false,"_monsterinsights_skip_tracking":false,"_monsterinsights_sitenote_active":false,"_monsterinsights_sitenote_note":"","_monsterinsights_sitenote_category":0,"footnotes":""},"categories":[32,33],"tags":[],"class_list":["post-10786","post","type-post","status-publish","format-standard","has-post-thumbnail","hentry","category-educacao","category-piaui"],"jetpack_featured_media_url":"https:\/\/fatoelado.com\/wp-content\/uploads\/2025\/10\/WhatsApp-Image-2025-10-08-at-11.00.38.jpeg","_links":{"self":[{"href":"https:\/\/fatoelado.com\/index.php?rest_route=\/wp\/v2\/posts\/10786","targetHints":{"allow":["GET"]}}],"collection":[{"href":"https:\/\/fatoelado.com\/index.php?rest_route=\/wp\/v2\/posts"}],"about":[{"href":"https:\/\/fatoelado.com\/index.php?rest_route=\/wp\/v2\/types\/post"}],"author":[{"embeddable":true,"href":"https:\/\/fatoelado.com\/index.php?rest_route=\/wp\/v2\/users\/3"}],"replies":[{"embeddable":true,"href":"https:\/\/fatoelado.com\/index.php?rest_route=%2Fwp%2Fv2%2Fcomments&post=10786"}],"version-history":[{"count":1,"href":"https:\/\/fatoelado.com\/index.php?rest_route=\/wp\/v2\/posts\/10786\/revisions"}],"predecessor-version":[{"id":10788,"href":"https:\/\/fatoelado.com\/index.php?rest_route=\/wp\/v2\/posts\/10786\/revisions\/10788"}],"wp:featuredmedia":[{"embeddable":true,"href":"https:\/\/fatoelado.com\/index.php?rest_route=\/wp\/v2\/media\/10787"}],"wp:attachment":[{"href":"https:\/\/fatoelado.com\/index.php?rest_route=%2Fwp%2Fv2%2Fmedia&parent=10786"}],"wp:term":[{"taxonomy":"category","embeddable":true,"href":"https:\/\/fatoelado.com\/index.php?rest_route=%2Fwp%2Fv2%2Fcategories&post=10786"},{"taxonomy":"post_tag","embeddable":true,"href":"https:\/\/fatoelado.com\/index.php?rest_route=%2Fwp%2Fv2%2Ftags&post=10786"}],"curies":[{"name":"wp","href":"https:\/\/api.w.org\/{rel}","templated":true}]}}