{"id":10778,"date":"2025-10-08T12:29:03","date_gmt":"2025-10-08T15:29:03","guid":{"rendered":"https:\/\/fatoelado.com\/?p=10778"},"modified":"2025-10-08T12:29:54","modified_gmt":"2025-10-08T15:29:54","slug":"estudante-piauiense-de-sao-juliao-apresenta-projeto-em-evento-nacional-com-foco-no-meio-ambiente","status":"publish","type":"post","link":"https:\/\/fatoelado.com\/?p=10778","title":{"rendered":"Estudante piauiense de S\u00e3o Juli\u00e3o apresenta projeto em evento nacional com foco no meio ambiente"},"content":{"rendered":"<div class=\"elementor-element elementor-element-282adc7 elementor-widget elementor-widget-heading\" data-id=\"282adc7\" data-element_type=\"widget\" data-widget_type=\"heading.default\">\n<div class=\"elementor-widget-container\">\n<h2 class=\"elementor-heading-title elementor-size-default\" style=\"text-align: center;\">O aluno levou \u00e0 etapa nacional o projeto \u201cSemeando Conscientiza\u00e7\u00e3o: Educar para Preservar\u201d, desenvolvido em sua escola, que promove a\u00e7\u00f5es de educa\u00e7\u00e3o ambiental, cidadania e inova\u00e7\u00e3o.<\/h2>\n<\/div>\n<\/div>\n<div class=\"elementor-element elementor-element-e94e84e elementor-widget elementor-widget-html\" data-id=\"e94e84e\" data-element_type=\"widget\" data-widget_type=\"html.default\">\n<div class=\"elementor-widget-container\"><\/div>\n<\/div>\n<div id=\"div_conteudo\" class=\"elementor-element elementor-element-2b45a66 elementor-widget elementor-widget-theme-post-content\" data-id=\"2b45a66\" data-element_type=\"widget\" data-widget_type=\"theme-post-content.default\">\n<div class=\"elementor-widget-container\">\n<p>O estudante Victor Raphael Lopes, aluno do Centro Estadual de Tempo Integral (Ceti) Alice Rocha, localizado no munic\u00edpio de S\u00e3o Juli\u00e3o, integra a delega\u00e7\u00e3o piauiense que participa da VI Confer\u00eancia Nacional Infantojuvenil pelo Meio Ambiente (CNIJMA), realizada em Luzi\u00e2nia (GO), de 6 a 10 de outubro.<\/p>\n<p>Com apenas 13 anos, o aluno levou \u00e0 etapa nacional o projeto \u201cSemeando Conscientiza\u00e7\u00e3o: Educar para Preservar\u201d, desenvolvido em sua escola, que promove a\u00e7\u00f5es de educa\u00e7\u00e3o ambiental, cidadania e inova\u00e7\u00e3o. O Ceti Alice Rocha \u00e9 a \u00fanica escola da rede p\u00fablica estadual do Piau\u00ed presente na confer\u00eancia, que tem como p\u00fablico-alvo estudantes do ensino fundamental (anos finais).<\/p>\n<p>O projeto nasceu do desejo de despertar nos alunos o senso de responsabilidade ambiental e o protagonismo juvenil. Ao longo de dois meses, os estudantes realizaram a\u00e7\u00f5es como diagn\u00f3stico ambiental da escola, mutir\u00f5es de limpeza, produ\u00e7\u00e3o de cartazes e caminhada ecol\u00f3gica at\u00e9 a Orla do A\u00e7ude de S\u00e3o Juli\u00e3o, mobilizando toda a comunidade.<\/p>\n<p>O estudante Victor Raphael refor\u00e7a o aprendizado e o envolvimento da comunidade escolar. \u201cParticipar desse projeto me fez entender que cuidar do meio ambiente \u00e9 tamb\u00e9m cuidar das pessoas e do futuro\u201d, conta o aluno, que tamb\u00e9m foi respons\u00e1vel pela edi\u00e7\u00e3o dos v\u00eddeos e materiais digitais do projeto.<\/p>\n<figure id=\"attachment_89302\" class=\"wp-caption aligncenter\" aria-describedby=\"caption-attachment-89302\"><img loading=\"lazy\" decoding=\"async\" class=\"wp-image-89302 size-full\" src=\"https:\/\/www.pi.gov.br\/wp-content\/uploads\/2025\/10\/PHOTO-2025-10-08-08-38-54-e1759930726162.jpg\" sizes=\"auto, (max-width: 960px) 100vw, 960px\" srcset=\"https:\/\/www.pi.gov.br\/wp-content\/uploads\/2025\/10\/PHOTO-2025-10-08-08-38-54-e1759930726162.jpg 960w, https:\/\/www.pi.gov.br\/wp-content\/uploads\/2025\/10\/PHOTO-2025-10-08-08-38-54-e1759930726162-300x217.jpg 300w, https:\/\/www.pi.gov.br\/wp-content\/uploads\/2025\/10\/PHOTO-2025-10-08-08-38-54-e1759930726162-768x556.jpg 768w\" alt=\"Victor Raphael representa o Piau\u00ed na VI Confer\u00eancia Nacional Infantojuvenil pelo Meio Ambiente\" width=\"960\" height=\"695\" data-uw-rm-alt-original=\"\" data-uw-rm-alt=\"CT\" \/><figcaption id=\"caption-attachment-89302\" class=\"wp-caption-text\">Victor Raphael representa o Piau\u00ed na VI Confer\u00eancia Nacional Infantojuvenil pelo Meio Ambiente<\/figcaption><\/figure>\n<p>A professora e orientadora Lourid\u00e2nya Sousa ressalta que a experi\u00eancia foi transformadora. \u201cFoi um aprendizado coletivo. Eles pesquisaram, debateram ideias e compreenderam que a sustentabilidade come\u00e7a nas pequenas a\u00e7\u00f5es do dia a dia. Ver o Victor participando dessa etapa mostra que o protagonismo estudantil transforma realidades\u201d, destaca a docente.<\/p>\n<p><img loading=\"lazy\" decoding=\"async\" class=\"alignnone size-full wp-image-89294\" src=\"https:\/\/www.pi.gov.br\/wp-content\/uploads\/2025\/10\/PHOTO-2025-10-08-08-38-52.jpg\" sizes=\"auto, (max-width: 1280px) 100vw, 1280px\" srcset=\"https:\/\/www.pi.gov.br\/wp-content\/uploads\/2025\/10\/PHOTO-2025-10-08-08-38-52.jpg 1280w, https:\/\/www.pi.gov.br\/wp-content\/uploads\/2025\/10\/PHOTO-2025-10-08-08-38-52-300x139.jpg 300w, https:\/\/www.pi.gov.br\/wp-content\/uploads\/2025\/10\/PHOTO-2025-10-08-08-38-52-1024x473.jpg 1024w, https:\/\/www.pi.gov.br\/wp-content\/uploads\/2025\/10\/PHOTO-2025-10-08-08-38-52-768x355.jpg 768w\" alt=\"\" width=\"1280\" height=\"591\" data-uw-rm-alt-original=\"\" data-uw-rm-alt=\"QU\" \/><\/p>\n<p>Cerca de 800 participantes marcam presen\u00e7a no evento, entre delegados infantojuvenis, professores e representantes das Comiss\u00f5es Organizadoras Estaduais. Durante a confer\u00eancia, os estudantes participam de oficinas, feiras de projetos, plen\u00e1rias e atividades culturais, culminando na elabora\u00e7\u00e3o de um documento coletivo sobre educa\u00e7\u00e3o ambiental, que ser\u00e1 entregue em Bras\u00edlia como contribui\u00e7\u00e3o para pol\u00edticas p\u00fablicas voltadas \u00e0s escolas.<\/p>\n<p><img loading=\"lazy\" decoding=\"async\" class=\"alignnone size-full wp-image-89303\" src=\"https:\/\/www.pi.gov.br\/wp-content\/uploads\/2025\/10\/PHOTO-2025-10-08-08-38-43.jpg\" sizes=\"auto, (max-width: 1280px) 100vw, 1280px\" srcset=\"https:\/\/www.pi.gov.br\/wp-content\/uploads\/2025\/10\/PHOTO-2025-10-08-08-38-43.jpg 1280w, https:\/\/www.pi.gov.br\/wp-content\/uploads\/2025\/10\/PHOTO-2025-10-08-08-38-43-300x225.jpg 300w, https:\/\/www.pi.gov.br\/wp-content\/uploads\/2025\/10\/PHOTO-2025-10-08-08-38-43-1024x768.jpg 1024w, https:\/\/www.pi.gov.br\/wp-content\/uploads\/2025\/10\/PHOTO-2025-10-08-08-38-43-768x576.jpg 768w\" alt=\"\" width=\"1280\" height=\"960\" data-uw-rm-alt-original=\"\" data-uw-rm-alt=\"QU\" \/><\/p>\n<p>Para o secret\u00e1rio da Educa\u00e7\u00e3o, Washington Bandeira, a participa\u00e7\u00e3o dos estudantes reflete o compromisso da Seduc com uma educa\u00e7\u00e3o inovadora e cidad\u00e3. \u201cA educa\u00e7\u00e3o ambiental faz parte do modelo de tempo integral das escolas Seduc, unindo cultura, ci\u00eancia e inova\u00e7\u00e3o. Ver nossos estudantes integrando um evento nacional mostra o poder transformador da educa\u00e7\u00e3o p\u00fablica\u201d, ressalta o gestor.<\/p>\n<p>A jornada de Victor e dos demais jovens piauienses mostra que as escolas da rede estadual de ensino s\u00e3o espa\u00e7os de aprendizado vivo, onde o conhecimento se conecta \u00e0 realidade e forma cidad\u00e3os conscientes, cr\u00edticos e comprometidos com o futuro do planeta.<\/p>\n<h5 class=\"wp-caption alignnone\" aria-describedby=\"caption-attachment-89293\"><img loading=\"lazy\" decoding=\"async\" class=\"size-full wp-image-89293\" src=\"https:\/\/www.pi.gov.br\/wp-content\/uploads\/2025\/10\/PHOTO-2025-10-08-08-38-47.jpg\" sizes=\"auto, (max-width: 1280px) 100vw, 1280px\" srcset=\"https:\/\/www.pi.gov.br\/wp-content\/uploads\/2025\/10\/PHOTO-2025-10-08-08-38-47.jpg 1280w, https:\/\/www.pi.gov.br\/wp-content\/uploads\/2025\/10\/PHOTO-2025-10-08-08-38-47-300x225.jpg 300w, https:\/\/www.pi.gov.br\/wp-content\/uploads\/2025\/10\/PHOTO-2025-10-08-08-38-47-1024x768.jpg 1024w, https:\/\/www.pi.gov.br\/wp-content\/uploads\/2025\/10\/PHOTO-2025-10-08-08-38-47-768x576.jpg 768w\" alt=\"Delega\u00e7\u00e3o piauiense re\u00fane estudantes e professores comprometidos com a educa\u00e7\u00e3o ambiental e o protagonismo juvenil\" width=\"1280\" height=\"960\" data-uw-rm-alt-original=\"\" data-uw-rm-alt=\"CT\" \/>Delega\u00e7\u00e3o piauiense re\u00fane estudantes e professores comprometidos com a educa\u00e7\u00e3o ambiental e o protagonismo juvenil<\/h5>\n<h5>\nConfira esta e outras mat\u00e9rias pelo link: https:\/\/www.pi.gov.br\/estudante-piauiense-de-sao-juliao-apresenta-projeto-em-evento-nacional-com-foco-no-meio-ambiente\/<\/h5>\n<\/div>\n<\/div>\n","protected":false},"excerpt":{"rendered":"<p>O aluno levou \u00e0 etapa nacional o projeto \u201cSemeando Conscientiza\u00e7\u00e3o: Educar para Preservar\u201d, desenvolvido em sua escola, que promove a\u00e7\u00f5es de educa\u00e7\u00e3o ambiental, cidadania e inova\u00e7\u00e3o. O estudante Victor Raphael Lopes, aluno do Centro Estadual de Tempo Integral (Ceti) Alice Rocha, localizado no munic\u00edpio de S\u00e3o Juli\u00e3o, integra a delega\u00e7\u00e3o piauiense que participa da VI [&hellip;]<\/p>\n","protected":false},"author":3,"featured_media":10779,"comment_status":"open","ping_status":"open","sticky":false,"template":"","format":"standard","meta":{"om_disable_all_campaigns":false,"_monsterinsights_skip_tracking":false,"_monsterinsights_sitenote_active":false,"_monsterinsights_sitenote_note":"","_monsterinsights_sitenote_category":0,"footnotes":""},"categories":[32,33],"tags":[],"class_list":["post-10778","post","type-post","status-publish","format-standard","has-post-thumbnail","hentry","category-educacao","category-piaui"],"jetpack_featured_media_url":"https:\/\/fatoelado.com\/wp-content\/uploads\/2025\/10\/PHOTO-2025-10-08-08-38-54-e1759930726162.jpg","_links":{"self":[{"href":"https:\/\/fatoelado.com\/index.php?rest_route=\/wp\/v2\/posts\/10778","targetHints":{"allow":["GET"]}}],"collection":[{"href":"https:\/\/fatoelado.com\/index.php?rest_route=\/wp\/v2\/posts"}],"about":[{"href":"https:\/\/fatoelado.com\/index.php?rest_route=\/wp\/v2\/types\/post"}],"author":[{"embeddable":true,"href":"https:\/\/fatoelado.com\/index.php?rest_route=\/wp\/v2\/users\/3"}],"replies":[{"embeddable":true,"href":"https:\/\/fatoelado.com\/index.php?rest_route=%2Fwp%2Fv2%2Fcomments&post=10778"}],"version-history":[{"count":3,"href":"https:\/\/fatoelado.com\/index.php?rest_route=\/wp\/v2\/posts\/10778\/revisions"}],"predecessor-version":[{"id":10781,"href":"https:\/\/fatoelado.com\/index.php?rest_route=\/wp\/v2\/posts\/10778\/revisions\/10781"}],"wp:featuredmedia":[{"embeddable":true,"href":"https:\/\/fatoelado.com\/index.php?rest_route=\/wp\/v2\/media\/10779"}],"wp:attachment":[{"href":"https:\/\/fatoelado.com\/index.php?rest_route=%2Fwp%2Fv2%2Fmedia&parent=10778"}],"wp:term":[{"taxonomy":"category","embeddable":true,"href":"https:\/\/fatoelado.com\/index.php?rest_route=%2Fwp%2Fv2%2Fcategories&post=10778"},{"taxonomy":"post_tag","embeddable":true,"href":"https:\/\/fatoelado.com\/index.php?rest_route=%2Fwp%2Fv2%2Ftags&post=10778"}],"curies":[{"name":"wp","href":"https:\/\/api.w.org\/{rel}","templated":true}]}}