{"id":1053,"date":"2021-12-21T10:50:49","date_gmt":"2021-12-21T10:50:49","guid":{"rendered":"https:\/\/fatoelado.com\/?p=1053"},"modified":"2021-12-21T10:50:49","modified_gmt":"2021-12-21T10:50:49","slug":"governo-passa-a-exigir-comprovante-de-vacinacao-para-entrar-no-brasil","status":"publish","type":"post","link":"https:\/\/fatoelado.com\/?p=1053","title":{"rendered":"Governo passa a exigir comprovante de vacina\u00e7\u00e3o para entrar no Brasil"},"content":{"rendered":"<p>O governo federal\u00a0<a href=\"https:\/\/www.in.gov.br\/en\/web\/dou\/-\/portaria-interministerial-n-663-de-20-de-dezembro-de-2021-368622644\" target=\"_blank\" rel=\"noopener\">editou norma<\/a>\u00a0ontem, (20.dez) passando a exigir teste negativo para covid-19 e comprovante de vacina\u00e7\u00e3o para viajantes vindos de outras na\u00e7\u00f5es que desejem entrar no pa\u00eds por via a\u00e9rea. As novas regras entram em vigor nesta segunda-feira.<img decoding=\"async\" src=\"https:\/\/agenciabrasil.ebc.com.br\/ebc.png?id=1433167&amp;o=node\" \/><img decoding=\"async\" src=\"https:\/\/agenciabrasil.ebc.com.br\/ebc.gif?id=1433167&amp;o=node\" \/><\/p>\n<p>Segundo a portaria interministerial, o comprovante de vacina\u00e7\u00e3o \u00e9 v\u00e1lido com vacinas para combate \u00e0 covid-19 aprovadas no Brasil, no pa\u00eds onde a pessoa foi imunizada ou das marcas autorizadas pela Organiza\u00e7\u00e3o Mundial da Sa\u00fade (OMS). A \u00faltima dose tem de ter sido aplicada pelo menos 14 dias antes da viagem.<\/p>\n<p>Ainda pelas novas regras, estrangeiros e brasileiros que desejarem vir ao Brasil de avi\u00e3o ter\u00e3o que apresentar comprovante de teste negativo para a covid-19 com duas alternativas: ou um exame de ant\u00edgeno realizado nas 24 horas anteriores ao embarque ou um PCR feito at\u00e9 72 horas antes da viagem.<\/p>\n<p>As crian\u00e7as menores de 12 anos viajando acompanhadas n\u00e3o precisar\u00e3o apresentar o teste negativo. J\u00e1 aquelas com idades entre 2 e 12 anos que viajarem desacompanhadas dever\u00e3o realizar o teste como requisito para a viagem.<\/p>\n<p>A Ag\u00eancia Nacional de Vigil\u00e2ncia Sanit\u00e1ria (Anvisa) havia recomendado a exig\u00eancia de certificado de vacina\u00e7\u00e3o para a entrada no pa\u00eds. A sugest\u00e3o foi aprovada em novembro.<\/p>\n<h2>Exce\u00e7\u00f5es<\/h2>\n<p>A norma prev\u00ea exce\u00e7\u00f5es para a apresenta\u00e7\u00e3o do certificado de vacina\u00e7\u00e3o, como em caso de condi\u00e7\u00e3o de sa\u00fade para a qual a vacina\u00e7\u00e3o \u00e9 contraindicada, pessoas com idades cuja vacina\u00e7\u00e3o n\u00e3o foi recomendada e de pa\u00edses com cobertura vacinal baixa, em lista que ser\u00e1 elaborada pelo Minist\u00e9rio da Sa\u00fade e publicada em seu site.<\/p>\n<p>A portaria abriu brecha para brasileiros e estrangeiros que moram no Brasil e n\u00e3o estejam completamente vacinados, incluindo essas pessoas entre as exce\u00e7\u00f5es para a apresenta\u00e7\u00e3o do cart\u00e3o de vacina\u00e7\u00e3o.<\/p>\n<p>Nessas hip\u00f3teses, o viajante dever\u00e1 fazer quarentena de 14 dias na cidade de destino. Outra exig\u00eancia para a entrada no pa\u00eds \u00e9 o preenchimento de um documento com informa\u00e7\u00f5es denominado declara\u00e7\u00e3o de sa\u00fade do viajante. As informa\u00e7\u00f5es das pessoas em quarentena ser\u00e3o encaminhadas aos centros de Informa\u00e7\u00f5es Estrat\u00e9gicas de Vigil\u00e2ncia em Sa\u00fade (CIEVS).<\/p>\n<p>Os tripulantes de aeronaves n\u00e3o precisar\u00e3o apresentar testes negativos para covid-19. Para esses trabalhadores, a portaria institui um conjunto de protocolos espec\u00edficos. O governo poder\u00e1 determinar exce\u00e7\u00f5es e tratamentos diferenciados para situa\u00e7\u00f5es de ajuda humanit\u00e1ria.<\/p>\n<h2>Restri\u00e7\u00f5es de voos<\/h2>\n<p>A portaria tamb\u00e9m estabeleceu restri\u00e7\u00e3o para a vinda de voos com origem ou passagem nos \u00faltimos 14 dias pela \u00c1frica do Sul, Botsuana, Essuat\u00edni, Lesoto, Nam\u00edbia e Zimb\u00e1bue, na\u00e7\u00f5es com maior ocorr\u00eancia da variante \u00f4micron.<\/p>\n<h2>Transporte terrestre<\/h2>\n<p>No caso do transporte rodovi\u00e1rio, tamb\u00e9m passa a ser exigido o comprovante de vacina\u00e7\u00e3o nos pontos de controle terrestre, das vacinas aprovadas no Brasil, no pa\u00eds de imuniza\u00e7\u00e3o do viajante ou pela OMS.<\/p>\n<p>As exce\u00e7\u00f5es estabelecidas para o comprovante de vacina\u00e7\u00e3o no caso dos voos tamb\u00e9m s\u00e3o v\u00e1lidas para a entrada por rodovias. Foi acrescida a exce\u00e7\u00e3o nas hip\u00f3teses e cidades-g\u00eameas, desde que os brasileiros recebam o mesmo tratamento pelo pa\u00eds vizinho.<\/p>\n<p>Tamb\u00e9m foram exclu\u00eddos da obriga\u00e7\u00e3o os trabalhadores de transporte de cargas, desde que comprovem a ado\u00e7\u00e3o de medidas para evitar o cont\u00e1gio e o uso de Equipamentos de Prote\u00e7\u00e3o Individual (EPI).<\/p>\n<p>Fonte: Ag\u00eancia Brasil<\/p>\n","protected":false},"excerpt":{"rendered":"<p>O governo federal\u00a0editou norma\u00a0ontem, (20.dez) passando a exigir teste negativo para covid-19 e comprovante de vacina\u00e7\u00e3o para viajantes vindos de outras na\u00e7\u00f5es que desejem entrar no pa\u00eds por via a\u00e9rea. As novas regras entram em vigor nesta segunda-feira. Segundo a portaria interministerial, o comprovante de vacina\u00e7\u00e3o \u00e9 v\u00e1lido com vacinas para combate \u00e0 covid-19 aprovadas [&hellip;]<\/p>\n","protected":false},"author":2,"featured_media":1054,"comment_status":"open","ping_status":"open","sticky":false,"template":"","format":"standard","meta":{"om_disable_all_campaigns":false,"_monsterinsights_skip_tracking":false,"_monsterinsights_sitenote_active":false,"_monsterinsights_sitenote_note":"","_monsterinsights_sitenote_category":0,"footnotes":""},"categories":[1,47,42],"tags":[],"class_list":["post-1053","post","type-post","status-publish","format-standard","has-post-thumbnail","hentry","category-covid19","category-nacionais","category-saude"],"jetpack_featured_media_url":"https:\/\/fatoelado.com\/wp-content\/uploads\/2021\/12\/aeroportos-800x479-1.jpg","_links":{"self":[{"href":"https:\/\/fatoelado.com\/index.php?rest_route=\/wp\/v2\/posts\/1053","targetHints":{"allow":["GET"]}}],"collection":[{"href":"https:\/\/fatoelado.com\/index.php?rest_route=\/wp\/v2\/posts"}],"about":[{"href":"https:\/\/fatoelado.com\/index.php?rest_route=\/wp\/v2\/types\/post"}],"author":[{"embeddable":true,"href":"https:\/\/fatoelado.com\/index.php?rest_route=\/wp\/v2\/users\/2"}],"replies":[{"embeddable":true,"href":"https:\/\/fatoelado.com\/index.php?rest_route=%2Fwp%2Fv2%2Fcomments&post=1053"}],"version-history":[{"count":1,"href":"https:\/\/fatoelado.com\/index.php?rest_route=\/wp\/v2\/posts\/1053\/revisions"}],"predecessor-version":[{"id":1055,"href":"https:\/\/fatoelado.com\/index.php?rest_route=\/wp\/v2\/posts\/1053\/revisions\/1055"}],"wp:featuredmedia":[{"embeddable":true,"href":"https:\/\/fatoelado.com\/index.php?rest_route=\/wp\/v2\/media\/1054"}],"wp:attachment":[{"href":"https:\/\/fatoelado.com\/index.php?rest_route=%2Fwp%2Fv2%2Fmedia&parent=1053"}],"wp:term":[{"taxonomy":"category","embeddable":true,"href":"https:\/\/fatoelado.com\/index.php?rest_route=%2Fwp%2Fv2%2Fcategories&post=1053"},{"taxonomy":"post_tag","embeddable":true,"href":"https:\/\/fatoelado.com\/index.php?rest_route=%2Fwp%2Fv2%2Ftags&post=1053"}],"curies":[{"name":"wp","href":"https:\/\/api.w.org\/{rel}","templated":true}]}}